{"id":177845,"date":"2025-06-15T07:28:12","date_gmt":"2025-06-15T07:28:12","guid":{"rendered":"https:\/\/www.europesays.com\/fr\/177845\/"},"modified":"2025-06-15T07:28:12","modified_gmt":"2025-06-15T07:28:12","slug":"donald-trump-menace-le-regime-de-teheran-dune-replique-maximale-sil-attaque-les-etats-unis","status":"publish","type":"post","link":"https:\/\/www.europesays.com\/fr\/177845\/","title":{"rendered":"Donald Trump menace le r\u00e9gime de T\u00e9h\u00e9ran d\u2019une r\u00e9plique maximale s&rsquo;il attaque les \u00c9tats-Unis"},"content":{"rendered":"<p>\u00abSi nous sommes attaqu\u00e9s de quelque mani\u00e8re que ce soit par l\u2019Iran, toute la force et la puissance des forces arm\u00e9es am\u00e9ricaines s\u2019abattront sur vous \u00e0 des niveaux jamais vus auparavant\u00bb, a d\u00e9clar\u00e9 Donald Trump dans un message diffus\u00e9 sur Truth Social.<\/p>\n<p class=\"fig-paragraph\">Donald Trump a pr\u00e9venu dimanche l&rsquo;Iran que l&rsquo;arm\u00e9e am\u00e9ricaine r\u00e9pliquerait\u00a0<a href=\"https:\/\/www.lefigaro.fr\/international\/en-direct-israel-iran-missiles-donald-trump-benyamin-netanyahou-riposte-frappes-etats-unis-20250615\" target=\"_blank\" data-fig-type=\"Live\" rel=\"noopener nofollow\" data-gtm-custom-categorie=\"navigation\" data-gtm-custom-action=\"crossclick\" data-gtm-custom-label=\"Contextuel\" data-gtm-event=\"customEventSPE\" data-fig-domain=\"LEFIGARO\">avec \u00abtoute sa force\u00bb s&rsquo;il attaquait les \u00c9tats-Unis<\/a>, r\u00e9affirmant sur sa plateforme Truth Social que Washington \u00abn&rsquo;avait rien \u00e0 voir\u00bb avec les attaques isra\u00e9liennes en cours contre T\u00e9h\u00e9ran.<\/p>\n<p class=\"fig-paragraph\">Isra\u00ebl a men\u00e9 dimanche de nouvelles frappes visant le programme nucl\u00e9aire de l&rsquo;Iran qui a ripost\u00e9 par des tirs de missiles faisant au moins huit morts sur le territoire isra\u00e9lien, au troisi\u00e8me jour d&rsquo;une escalade militaire sans pr\u00e9c\u00e9dent entre les deux pays ennemis.<\/p>\n<p>\u00abMettre fin \u00e0 ce conflit sanglant\u00a0!\u00bb<\/p>\n<p class=\"fig-paragraph\">\u00abNous pouvons facilement parvenir \u00e0 un accord entre l&rsquo;Iran et Isra\u00ebl et mettre fin \u00e0 ce conflit sanglant\u00a0!\u00bb, a par ailleurs ajout\u00e9 le pr\u00e9sident am\u00e9ricain, qui avait d\u00e9clar\u00e9 \u00eatre au courant de l&rsquo;op\u00e9ration isra\u00e9lienne avant qu&rsquo;elle ne commence t\u00f4t vendredi.<\/p>\n<p class=\"fig-paragraph\">Cette derni\u00e8re a vis\u00e9 des sites nucl\u00e9aires et militaires iraniens, tuant des dizaines de personnes,\u00a0<a href=\"http:\/\/www.lefigaro.fr\/international\/salves-de-missiles-balistiques-la-ville-sainte-de-jerusalem-ciblee-l-iran-declare-la-guerre-a-israel-20250613\" target=\"_blank\" data-fig-type=\"Article\" rel=\"noopener nofollow\" data-gtm-custom-categorie=\"navigation\" data-gtm-custom-action=\"crossclick\" data-gtm-custom-label=\"Contextuel\" data-gtm-event=\"customEventSPE\" data-fig-domain=\"LEFIGARO\">dont des hauts commandants de l&rsquo;arm\u00e9e et des scientifiques atomistes<\/a>, selon T\u00e9h\u00e9ran.<\/p>\n<p class=\"fig-paragraph\">Le Premier ministre isra\u00e9lien Benyamin Netanyahou a promis de frapper \u00abtoutes les cibles du r\u00e9gime des ayatollahs\u00bb, et l&rsquo;Iran a ripost\u00e9 par un barrage meurtrier de missiles. Vendredi, le pr\u00e9sident am\u00e9ricain avait exhort\u00e9 T\u00e9h\u00e9ran \u00e0 conclure un accord sous peine de subir des attaques \u00abencore plus brutales\u00bb de la part d&rsquo;Isra\u00ebl.<\/p>\n<p class=\"fig-paragraph\">Au cours de son premier mandat, un accord nucl\u00e9aire historique avec l&rsquo;Iran &#8211; n\u00e9goci\u00e9 sous l&rsquo;ancien pr\u00e9sident Barack Obama &#8211; a \u00e9t\u00e9 torpill\u00e9 en 2018 lorsque Donald Trump en a retir\u00e9 unilat\u00e9ralement les \u00c9tats-Unis et a r\u00e9impos\u00e9 des sanctions.<\/p>\n","protected":false},"excerpt":{"rendered":"\u00abSi nous sommes attaqu\u00e9s de quelque mani\u00e8re que ce soit par l\u2019Iran, toute la force et la puissance&hellip;\n","protected":false},"author":2,"featured_media":177846,"comment_status":"","ping_status":"","sticky":false,"template":"","format":"standard","meta":{"footnotes":""},"categories":[1589],"tags":[259,11,260,75,73,1866,14,3019,664,261,12,262,1864,1865,1863,308],"class_list":{"0":"post-177845","1":"post","2":"type-post","3":"status-publish","4":"format-standard","5":"has-post-thumbnail","7":"category-etats-unis","8":"tag-actualite-internationale","9":"tag-actualites","10":"tag-affaires-etrangeres","11":"tag-donald-trump","12":"tag-etats-unis","13":"tag-etats-unis-damerique","14":"tag-international","15":"tag-iran","16":"tag-israel","17":"tag-ministere-des-affaires-etrangeres","18":"tag-news","19":"tag-politique-etrangere","20":"tag-united-states","21":"tag-united-states-of-america","22":"tag-us","23":"tag-usa"},"share_on_mastodon":{"url":"https:\/\/pubeurope.com\/@fr\/114686204648508221","error":""},"_links":{"self":[{"href":"https:\/\/www.europesays.com\/fr\/wp-json\/wp\/v2\/posts\/177845","targetHints":{"allow":["GET"]}}],"collection":[{"href":"https:\/\/www.europesays.com\/fr\/wp-json\/wp\/v2\/posts"}],"about":[{"href":"https:\/\/www.europesays.com\/fr\/wp-json\/wp\/v2\/types\/post"}],"author":[{"embeddable":true,"href":"https:\/\/www.europesays.com\/fr\/wp-json\/wp\/v2\/users\/2"}],"replies":[{"embeddable":true,"href":"https:\/\/www.europesays.com\/fr\/wp-json\/wp\/v2\/comments?post=177845"}],"version-history":[{"count":0,"href":"https:\/\/www.europesays.com\/fr\/wp-json\/wp\/v2\/posts\/177845\/revisions"}],"wp:featuredmedia":[{"embeddable":true,"href":"https:\/\/www.europesays.com\/fr\/wp-json\/wp\/v2\/media\/177846"}],"wp:attachment":[{"href":"https:\/\/www.europesays.com\/fr\/wp-json\/wp\/v2\/media?parent=177845"}],"wp:term":[{"taxonomy":"category","embeddable":true,"href":"https:\/\/www.europesays.com\/fr\/wp-json\/wp\/v2\/categories?post=177845"},{"taxonomy":"post_tag","embeddable":true,"href":"https:\/\/www.europesays.com\/fr\/wp-json\/wp\/v2\/tags?post=177845"}],"curies":[{"name":"wp","href":"https:\/\/api.w.org\/{rel}","templated":true}]}}