{"id":177847,"date":"2025-06-15T07:29:11","date_gmt":"2025-06-15T07:29:11","guid":{"rendered":"https:\/\/www.europesays.com\/fr\/177847\/"},"modified":"2025-06-15T07:29:11","modified_gmt":"2025-06-15T07:29:11","slug":"deux-hommes-condamnes-a-de-la-prison-ferme-pour-le-vol-de-toilettes-en-or-2","status":"publish","type":"post","link":"https:\/\/www.europesays.com\/fr\/177847\/","title":{"rendered":"deux hommes condamn\u00e9s \u00e0 de la prison ferme pour le vol de toilettes en or"},"content":{"rendered":"<p><img decoding=\"async\" class=\"caas-img caas-lazy has-preview\" src=\"https:\/\/www.europesays.com\/fr\/wp-content\/uploads\/2025\/06\/5cf29891716e34568344877fe5a31521.jpeg\"\/><\/p>\n<p>Reconnus coupables <a data-i13n=\"cpos:1;pos:1\" href=\"https:\/\/fr.news.yahoo.com\/royaume-uni-deux-hommes-reconnus-103305436.html\" data-ylk=\"slk:du vol de WC en or massif en 2019;cpos:1;pos:1;elm:context_link;itc:0;sec:content-canvas;outcm:mb_qualified_link;_E:mb_qualified_link;ct:story;\" class=\"link  yahoo-link\" target=\"_blank\" rel=\"noopener\">du vol de WC en or massif en 2019<\/a> dans un ch\u00e2teau d&rsquo;Angleterre, deux hommes ont \u00e9t\u00e9 condamn\u00e9s ce vendredi 13 juin par la justice britannique \u00e0 des peines d&#8217;emprisonnement<\/p>\n<p>James Sheen, 40 ans, et Michael Jones, 39 ans, ont \u00e9t\u00e9 respectivement condamn\u00e9s par le tribunal d&rsquo;Oxford \u00e0 quatre ans et 27 mois d&#8217;emprisonnement pour avoir vol\u00e9 la sculpture baptis\u00e9e America de l&rsquo;artiste Maurizio Cattelan, et avoir organis\u00e9 la vente de l&rsquo;or constituant cette oeuvre.<\/p>\n<p>Consid\u00e9r\u00e9 comme le cerveau du groupe, James Sheen <a data-i13n=\"cpos:2;pos:1\" href=\"https:\/\/fr.news.yahoo.com\/angleterre-homme-jug%C3%A9-avoir-vol%C3%A9-093444390.html\" data-ylk=\"slk:avait plaid\u00e9 coupable de ce vol en avril 2024;cpos:2;pos:1;elm:context_link;itc:0;sec:content-canvas;outcm:mb_qualified_link;_E:mb_qualified_link;ct:story;\" class=\"link  yahoo-link\" target=\"_blank\" rel=\"noopener\">avait plaid\u00e9 coupable de ce vol en avril 2024<\/a>. Le tribunal a indiqu\u00e9 qu&rsquo;il purgeait d\u00e9j\u00e0 une peine de 19 ans d&#8217;emprisonnement pour une s\u00e9rie d&rsquo;autre vols, dont le cambriolage d&rsquo;un mus\u00e9e et des attaques de distributeurs automatiques de billets. Michael Jones travaillait pour Sheen depuis 2018 et \u00e9tait son \u00ab\u00a0bras droit\u00a0\u00bb, avait-il expliqu\u00e9 lors d&rsquo;une audience.<\/p>\n<p>L&rsquo;or des toilettes probablement fondu<\/p>\n<p>Ces WC en or 18 carats &#8211; avec si\u00e8ge, cuvette et chasse d&rsquo;eau fonctionnels -, avaient une valeur estim\u00e9e \u00e0 4,8 millions de livres (5,7 millions d&rsquo;euros). Ils ont \u00e9t\u00e9 d\u00e9mont\u00e9s par le gang de cambrioleurs et l&rsquo;oeuvre n&rsquo;a pas \u00e9t\u00e9 retrouv\u00e9e. Selon le parquet, elle a probablement \u00e9t\u00e9 fondue et l&rsquo;or a certainement \u00e9t\u00e9 vendu peu de temps apr\u00e8s le vol.<\/p>\n<p>Le 19 mai, un troisi\u00e8me homme, Frederick Sines dit Fred Doe, 37 ans, avait \u00e9t\u00e9 condamn\u00e9 \u00e0 une peine d&#8217;emprisonnement de 21 mois avec sursis par le m\u00eame tribunal. Il avait \u00e9t\u00e9 d\u00e9crit comme un \u00ab\u00a0interm\u00e9diaire\u00a0\u00bb au r\u00f4le limit\u00e9.<\/p>\n<p>Les toilettes America \u00e9taient la pi\u00e8ce phare de l&rsquo;exposition consacr\u00e9e en septembre 2019 \u00e0 <a data-i13n=\"cpos:3;pos:1\" href=\"https:\/\/www.bfmtv.com\/culture\/l-entrepreneur-qui-a-achete-une-banane-scotchee-pour-6-2-millions-de-dollars-l-a-mangee_AV-202411290581.html\" rel=\"nofollow noopener\" target=\"_blank\" data-ylk=\"slk:l&#039;iconoclaste Maurizio Cattela;cpos:3;pos:1;elm:context_link;itc:0;sec:content-canvas\" class=\"link \">l&rsquo;iconoclaste Maurizio Cattela<\/a>n au palais de Blenheim, une demeure du XVIIIe si\u00e8cle dans l&rsquo;Oxfordshire, class\u00e9e au patrimoine mondial de l&rsquo;Unesco et o\u00f9 est n\u00e9 Winston Churchill.<\/p>\n<p>Elles avaient \u00e9t\u00e9 expos\u00e9es pour la premi\u00e8re fois au mus\u00e9e Guggenheim de New York, o\u00f9 elles avaient \u00e9t\u00e9 utilis\u00e9es par quelque 100.000 personnes entre septembre 2016 et l&rsquo;\u00e9t\u00e9 2017.<\/p>\n<p><a data-i13n=\"cpos:4;pos:1\" href=\"https:\/\/www.bfmtv.com\/international\/europe\/angleterre\/royaume-uni-deux-hommes-condamnes-a-de-la-prison-ferme-pour-le-vol-de-toilettes-en-or_AD-202506140231.html#xtor=AL-68\" rel=\"nofollow noopener\" target=\"_blank\" data-ylk=\"slk:Article original publi\u00e9 sur BFMTV.com;cpos:4;pos:1;elm:context_link;itc:0;sec:content-canvas\" class=\"link \">Article original publi\u00e9 sur BFMTV.com<\/a><\/p>\n","protected":false},"excerpt":{"rendered":"Reconnus coupables du vol de WC en or massif en 2019 dans un ch\u00e2teau d&rsquo;Angleterre, deux hommes ont&hellip;\n","protected":false},"author":2,"featured_media":177848,"comment_status":"","ping_status":"","sticky":false,"template":"","format":"standard","meta":{"footnotes":""},"categories":[1588],"tags":[11,31414,1777,674,23256,31413,12,31415,7606,23258,473,1853,1851,1850,1852,1175],"class_list":{"0":"post-177847","1":"post","2":"type-post","3":"status-publish","4":"format-standard","5":"has-post-thumbnail","7":"category-royaume-uni","8":"tag-actualites","9":"tag-distributeurs-automatiques-de-billets","10":"tag-eu","11":"tag-europe","12":"tag-maurizio-cattelan","13":"tag-michael-jones","14":"tag-news","15":"tag-palais-de-blenheim","16":"tag-patrimoine-mondial-de-lunesco","17":"tag-peine-demprisonnement","18":"tag-royaume-uni","19":"tag-royaume-uni-de-grande-bretagne-et-dirlande-du-nord","20":"tag-uk","21":"tag-united-kingdom","22":"tag-united-kingdom-of-great-britain-and-northern-ireland","23":"tag-vol"},"share_on_mastodon":{"url":"https:\/\/pubeurope.com\/@fr\/114686208577185621","error":""},"_links":{"self":[{"href":"https:\/\/www.europesays.com\/fr\/wp-json\/wp\/v2\/posts\/177847","targetHints":{"allow":["GET"]}}],"collection":[{"href":"https:\/\/www.europesays.com\/fr\/wp-json\/wp\/v2\/posts"}],"about":[{"href":"https:\/\/www.europesays.com\/fr\/wp-json\/wp\/v2\/types\/post"}],"author":[{"embeddable":true,"href":"https:\/\/www.europesays.com\/fr\/wp-json\/wp\/v2\/users\/2"}],"replies":[{"embeddable":true,"href":"https:\/\/www.europesays.com\/fr\/wp-json\/wp\/v2\/comments?post=177847"}],"version-history":[{"count":0,"href":"https:\/\/www.europesays.com\/fr\/wp-json\/wp\/v2\/posts\/177847\/revisions"}],"wp:featuredmedia":[{"embeddable":true,"href":"https:\/\/www.europesays.com\/fr\/wp-json\/wp\/v2\/media\/177848"}],"wp:attachment":[{"href":"https:\/\/www.europesays.com\/fr\/wp-json\/wp\/v2\/media?parent=177847"}],"wp:term":[{"taxonomy":"category","embeddable":true,"href":"https:\/\/www.europesays.com\/fr\/wp-json\/wp\/v2\/categories?post=177847"},{"taxonomy":"post_tag","embeddable":true,"href":"https:\/\/www.europesays.com\/fr\/wp-json\/wp\/v2\/tags?post=177847"}],"curies":[{"name":"wp","href":"https:\/\/api.w.org\/{rel}","templated":true}]}}