{"id":177853,"date":"2025-06-15T07:32:20","date_gmt":"2025-06-15T07:32:20","guid":{"rendered":"https:\/\/www.europesays.com\/fr\/177853\/"},"modified":"2025-06-15T07:32:20","modified_gmt":"2025-06-15T07:32:20","slug":"leconomie-de-lunion-europeenne-un-geant-aux-pieds-dargile","status":"publish","type":"post","link":"https:\/\/www.europesays.com\/fr\/177853\/","title":{"rendered":"L\u2019\u00e9conomie de l\u2019Union europ\u00e9enne, un g\u00e9ant aux pieds d\u2019argile\u2009?"},"content":{"rendered":"\n<p>\u00ab&amp;nbspL\u2019Europe, ce n\u2019est pas le Far West&amp;nbsp!&amp;nbsp\u00bb, \u00ab&amp;nbspil faut sortir la batte de baseball du placard&amp;nbsp\u00bb\u2026 Quoique les affirmations va-t-en-guerre et autres tartarinades d\u2019ex-ministres ou ministres en exercice fleurissent ces derniers temps, l\u2019Union europ\u00e9enne aurait tort de jouer les bravaches face \u00e0 la menace d\u2019une surtaxation d\u2019ampleur de ses exportations au regard des indicateurs import-export de l\u2019Union europ\u00e9enne vers les \u00c9tats-Unis.<\/p>\n<p>    <img decoding=\"async\" src=\"https:\/\/www.europesays.com\/fr\/wp-content\/uploads\/2025\/06\/1749972738_851_image.png\"\/>      <\/p>\n<p>De 2000 \u00e0 2023, les \u00e9changes de biens affichent, au d\u00e9triment des \u00c9tats-Unis, un d\u00e9ficit annuel moyen de 145 milliards de $ (3341 milliards de $ cumul\u00e9s). Conscient de la d\u00e9pendance de leurs int\u00e9r\u00eats nationaux, certains dirigeants europ\u00e9ens, comme Ursula von der Leyen, pr\u00e9f\u00e8rent la n\u00e9gociation aux fanfaronnades.<\/p>\n<p> <strong>Les taxes, \u00e9p\u00e9e de Damocl\u00e8s sur les exportations europ\u00e9ennes<\/strong>  <\/p>\n<p>Les pays de l\u2019Union europ\u00e9enne pr\u00e9sentant un solde largement b\u00e9n\u00e9ficiaire de leur balance commerciale, ou encore une part importante de leur PIB, sont ceux qui ont le plus \u00e0 craindre des taxes, d\u2019o\u00f9 qu\u2019elles viennent et quel qu\u2019en soit le montant.<\/p>\n<p>    <img decoding=\"async\" src=\"https:\/\/www.europesays.com\/fr\/wp-content\/uploads\/2025\/06\/image_1.png\"\/>      <\/p>\n<p>Au regard de ce classement par pays repr\u00e9sentant le solde de la balance commerciale li\u00e9 au PIB, l\u2019on comprend le d\u00e9sarroi de l\u2019Irlande qui affiche un solde exc\u00e9dentaire de 166,6 milliards \u20ac repr\u00e9sentant 32,9 % de son PIB. Sinon, celui de l\u2019Allemagne, 166,5 milliards \u20ac d\u2019exc\u00e9dent, et son \u00e9conomie tourn\u00e9e vers l\u2019exportation, les activit\u00e9s commerciales repr\u00e9sentant plus de 80 % de son PIB\u2026<\/p>\n<p>Mais si, pour ces pays l\u2019annonce de Donald Trump repr\u00e9sente pour l\u2019heure un manque \u00e0 gagner, pour d\u2019autres, et en particulier la France, dont la balance commerciale est depuis longtemps largement d\u00e9ficitaire, cela \u00e9quivaut au pouce tourn\u00e9 vers le bas. Faute de pouvoir ressusciter un outil de production en mesure de booster l&rsquo;exportation, c&rsquo;est le coup de gr\u00e2ce donn\u00e9 \u00e0 une \u00e9conomie moribonde.<\/p>\n<p> <strong>En quoi un pays est-il vu comme riche&amp;nbsp?<\/strong>  <\/p>\n<p>Contrairement \u00e0 ce que l\u2019on pourrait&#8230;<\/p>\n","protected":false},"excerpt":{"rendered":"\u00ab&amp;nbspL\u2019Europe, ce n\u2019est pas le Far West&amp;nbsp!&amp;nbsp\u00bb, \u00ab&amp;nbspil faut sortir la batte de baseball du placard&amp;nbsp\u00bb\u2026 Quoique les&hellip;\n","protected":false},"author":2,"featured_media":177854,"comment_status":"","ping_status":"","sticky":false,"template":"","format":"standard","meta":{"footnotes":""},"categories":[1586],"tags":[11,33,1777,674,1779,1011,27,12,1427,25,1778,364],"class_list":{"0":"post-177853","1":"post","2":"type-post","3":"status-publish","4":"format-standard","5":"has-post-thumbnail","7":"category-europe","8":"tag-actualites","9":"tag-economie","10":"tag-eu","11":"tag-europe","12":"tag-european-union","13":"tag-fr","14":"tag-france","15":"tag-news","16":"tag-opinions","17":"tag-republique-francaise","18":"tag-ue","19":"tag-union-europeenne"},"share_on_mastodon":{"url":"https:\/\/pubeurope.com\/@fr\/114686220324084961","error":""},"_links":{"self":[{"href":"https:\/\/www.europesays.com\/fr\/wp-json\/wp\/v2\/posts\/177853","targetHints":{"allow":["GET"]}}],"collection":[{"href":"https:\/\/www.europesays.com\/fr\/wp-json\/wp\/v2\/posts"}],"about":[{"href":"https:\/\/www.europesays.com\/fr\/wp-json\/wp\/v2\/types\/post"}],"author":[{"embeddable":true,"href":"https:\/\/www.europesays.com\/fr\/wp-json\/wp\/v2\/users\/2"}],"replies":[{"embeddable":true,"href":"https:\/\/www.europesays.com\/fr\/wp-json\/wp\/v2\/comments?post=177853"}],"version-history":[{"count":0,"href":"https:\/\/www.europesays.com\/fr\/wp-json\/wp\/v2\/posts\/177853\/revisions"}],"wp:featuredmedia":[{"embeddable":true,"href":"https:\/\/www.europesays.com\/fr\/wp-json\/wp\/v2\/media\/177854"}],"wp:attachment":[{"href":"https:\/\/www.europesays.com\/fr\/wp-json\/wp\/v2\/media?parent=177853"}],"wp:term":[{"taxonomy":"category","embeddable":true,"href":"https:\/\/www.europesays.com\/fr\/wp-json\/wp\/v2\/categories?post=177853"},{"taxonomy":"post_tag","embeddable":true,"href":"https:\/\/www.europesays.com\/fr\/wp-json\/wp\/v2\/tags?post=177853"}],"curies":[{"name":"wp","href":"https:\/\/api.w.org\/{rel}","templated":true}]}}