{"id":177855,"date":"2025-06-15T07:33:09","date_gmt":"2025-06-15T07:33:09","guid":{"rendered":"https:\/\/www.europesays.com\/fr\/177855\/"},"modified":"2025-06-15T07:33:09","modified_gmt":"2025-06-15T07:33:09","slug":"pour-la-fete-des-peres-quatre-hommes-racontent-ce-quils-veulent-et-ne-veulent-pas-reproduire-de-la-paternite-a-lancienne","status":"publish","type":"post","link":"https:\/\/www.europesays.com\/fr\/177855\/","title":{"rendered":"Pour la f\u00eate des p\u00e8res, quatre hommes racontent ce qu\u2019ils veulent (et ne veulent pas) reproduire de la paternit\u00e9 \u00ab\u00a0\u00e0 l\u2019ancienne\u00a0\u00bb"},"content":{"rendered":"<p>        <img decoding=\"async\" loading=\"lazy\" src=\"https:\/\/www.europesays.com\/fr\/wp-content\/uploads\/2025\/06\/4ac5fd1_upload-1-exy6a5nhkiyr-kelly-sikkema-hs-egxljozs-unsplash.jpg\"  width=\"728\" height=\"410\" alt=\"Si les interrog\u00e9s sont investis, c\u2019est aussi parce qu\u2019ils ne souhaitent pas reproduire les m\u00eames erreurs que leurs propres p\u00e8res.\"\/>  <\/p>\n<p>Unsplash \/ Kelly Sikkema<\/p>\n<p>Si les interrog\u00e9s sont investis, c\u2019est aussi parce qu\u2019ils ne souhaitent pas reproduire les m\u00eames erreurs que leurs propres p\u00e8res.<\/p>\n<p class=\"asset asset-text\">F\u00caTE DES P\u00c8RES &#8211; Depuis <a href=\"https:\/\/www.huffingtonpost.fr\/life\/article\/a-la-naissance-de-ma-fille-j-ai-souffert-et-cela-m-a-permis-de-devenir-feministe_145233.html\" target=\"_blank\" rel=\"noopener\">la naissance de sa fill<\/a><a href=\"https:\/\/www.huffingtonpost.fr\/life\/article\/a-la-naissance-de-ma-fille-j-ai-souffert-et-cela-m-a-permis-de-devenir-feministe_145233.html\" target=\"_blank\" rel=\"noopener\">e<\/a>, il y a un an, Maxime a chang\u00e9 de regard sur son p\u00e8re. \u00ab\u00a0<a href=\"https:\/\/www.huffingtonpost.fr\/insolite\/article\/son-pere-lui-a-fait-le-meme-cadeau-d-anniversaire-chaque-annee-et-il-a-fini-par-comprendre-pourquoi_169249.html\" target=\"_blank\" rel=\"noopener\">Il \u00e9tait aimant<\/a>, mais il travaillait beaucoup, donc il n\u2019\u00e9tait pas super pr\u00e9sent physiquement et assez distant \u00e9motionnellement\u00a0\u00bb, t\u00e9moigne le jeune homme 33\u00a0ans. \u00ab Je pense avoir eu avec lui une relation typique des gens de ma g\u00e9n\u00e9ration. \u00bb<\/p>\n<p class=\"asset asset-text\">Un mod\u00e8le paternel qui a \u00e9galement marqu\u00e9 les souvenirs de Cyril. \u00ab\u00a0C\u2019est surtout notre m\u00e8re qui nous a \u00e9duqu\u00e9s, avec beaucoup d\u2019amour m\u00eame si elle avait son caract\u00e8re. Mon p\u00e8re, lui, suivait le mouvement et tentait d\u2019arrondir les angles, m\u00eame s\u2019il \u00e9tait plut\u00f4t en retrait\u00a0\u00bb, se rem\u00e9more l\u2019homme de 36\u00a0ans, p\u00e8re d\u2019un fils de 7\u00a0et d\u2019une fille de 2\u00a0ans. Pour les deux trentenaires, cependant, hors de question de reproduire cette distance avec leurs enfants\u00a0: l\u2019exp\u00e9rience de la parentalit\u00e9 est, pour eux, l\u2019occasion de se d\u00e9tacher de ce qu\u2019a repr\u00e9sent\u00e9 leur propre p\u00e8re.<\/p>\n<p class=\"asset asset-text\">Que gardent ces \u00ab\u00a0nouveaux p\u00e8res\u00a0\u00bb de la paternit\u00e9 \u00e0 l\u2019ancienne, qu\u2019ils ont connue quand ils \u00e9taient enfants, et que refusent-ils de reproduire ? Pour la f\u00eate des p\u00e8res, Le HuffPost a pos\u00e9 la question \u00e0 quatre d\u2019entre eux.<\/p>\n<p>    Des p\u00e8res aimants mais distants en guise de mod\u00e8les    <\/p>\n<p class=\"asset asset-text\">Devenir p\u00e8re a aussi permis \u00e0 Vincent, 44\u00a0ans et p\u00e8re de deux enfants de 8\u00a0et 5\u00a0ans, de porter un autre regard sur son enfance et sur son paternel. \u00ab\u00a0On faisait beaucoup d\u2019activit\u00e9s ensemble. Mais avec le recul, je me rends compte qu\u2019il n\u2019\u00e9tait peut-\u00eatre pas si impliqu\u00e9, ni tr\u00e8s d\u00e9monstratif sur le plan affectif\u00a0\u00bb, reconna\u00eet-il. Avant d\u2019ajouter\u00a0: \u00ab\u00a0Ce n\u2019\u00e9tait pas probl\u00e9matique \u00e0 l\u2019\u00e9poque\u00a0: c\u2019\u00e9tait une \u00e9ducation \u201c\u00e0 l\u2019ancienne\u201d, o\u00f9 la m\u00e8re s\u2019occupait des enfants et le p\u00e8re \u00e9tait plus en retrait.\u00a0\u00bb<\/p>\n<p class=\"asset asset-text\">M\u00eame constat du c\u00f4t\u00e9 de Corentin, 37\u00a0ans et deux enfants, qui garde surtout des souvenirs de sa petite enfance avec le sien. \u00ab\u00a0J\u2019ai senti que mon p\u00e8re a un peu d\u00e9croch\u00e9 \u00e0 mon adolescence. Lui-m\u00eame ayant perdu son p\u00e8re quand il avait 14-15\u00a0ans, il lui a manqu\u00e9 toute cette tranche de la relation, de l\u2019ado jusqu\u2019\u00e0 l\u2019adulte. Par ricochet, il ne savait pas comment se comporter avec moi.\u00a0\u00bb<\/p>\n<p class=\"asset asset-text\">\u00ab\u00a0Je pense que nous sommes un peu une g\u00e9n\u00e9ration pivot, analyse Maxime. Nous avons eu des p\u00e8res aimants mais pas tr\u00e8s pr\u00e9sents, eux-m\u00eames \u00e9lev\u00e9s par des p\u00e8res souvent absents\u00a0: qui ont fait la guerre, qui travaillaient beaucoup. Maintenant, c\u2019est \u00e0 nous de d\u00e9finir le p\u00e8re que l\u2019on veut \u00eatre pour nos enfants. C\u2019est une feuille blanche.\u00a0\u00bb<\/p>\n<p>    \u00ab\u00a0Je leur dis \u201cje t\u2019aime\u201d tous les jours\u00a0\u00bb    <\/p>\n<p class=\"asset asset-text\">Quel p\u00e8re veulent-ils \u00eatre justement, ces hommes que Le HuffPost a interrog\u00e9s\u00a0? Contrairement aux leurs, souvent au second plan dans leur \u00e9ducation, tous tiennent \u00e0 <a href=\"https:\/\/www.huffingtonpost.fr\/life\/article\/pour-benjamin-muller-des-maternelles-un-pere-moderne-c-est-un-pere-qui-prend-sa-part_197469.html\" target=\"_blank\" rel=\"noopener\">s\u2019impliquer autant que leur compagne<\/a>. \u00ab\u00a0Je vais chercher ma fille chez l\u2019assistante maternelle, je l\u2019emm\u00e8ne chez le p\u00e9diatre\u2026 Je suis beaucoup plus pr\u00e9sent au quotidien que ne l\u2019\u00e9tait mon p\u00e8re\u00a0\u00bb, assure Maxime. M\u00eame volont\u00e9 chez Vincent, qui reconna\u00eet n\u00e9anmoins que le partage des t\u00e2ches parentales\u00a0n\u2019est pas toujours instinctif pour lui. \u00ab\u00a0Mais je me fais un devoir de montrer \u00e0 mon fils que \u00e7a fait aussi partie de notre r\u00f4le.\u00a0\u00bb<\/p>\n<p class=\"asset asset-text\">Corentin, lui, essaie tout autant de passer du temps de qualit\u00e9 avec ses deux fils que de s\u2019int\u00e9resser \u00e0 leurs passions. \u00ab\u00a0Je n\u2019ai pas le souvenir que mon p\u00e8re soit jamais rentr\u00e9 pleinement dans mon univers. M\u00eame s\u2019il conna\u00eet mes go\u00fbts, il est encore aujourd\u2019hui \u00e9tonn\u00e9 de certaines choses que j\u2019aime. Alors je reste connect\u00e9 et \u00e0 jour de tout ce qui fait vibrer mes enfants.\u00a0\u00bb<\/p>\n<p class=\"asset asset-text\">Surtout, tous veulent briser cette distance affective dont ils ont pu souffrir quand ils \u00e9taient plus jeunes. \u00ab\u00a0J\u2019essaie de leur apprendre \u00e0 exprimer leurs \u00e9motions. Ce n\u2019est pas une critique envers mon p\u00e8re, insiste Vincent, mais plut\u00f4t une envie\u00a0: celle de donner \u00e0 mes enfants les outils que je n\u2019ai pas toujours eus.\u00a0\u00bb \u00ab\u00a0Mon p\u00e8re \u00e9tait un peu une caricature, ajoute Maxime\u00a0: un homme qui ne pleure jamais, ne laisse jamais transpara\u00eetre ses \u00e9motions. Je ferai autrement avec ma fille, en n\u2019h\u00e9sitant pas \u00e0 me montrer vuln\u00e9rable.\u00a0\u00bb<\/p>\n<p class=\"asset asset-text\">Les quatre papas ont aussi le sentiment d\u2019\u00eatre bien plus d\u00e9monstratifs dans l\u2019amour qu\u2019ils portent \u00e0 leurs enfants. Par leurs c\u00e2lins, leurs bisous, mais aussi leurs mots. \u00ab\u00a0Mon p\u00e8re m\u2019a dit une seule fois \u201cje t\u2019aime\u201d quand j\u2019avais 15\u00a0ans. Moi, je le dis tous les jours \u00e0 mes gamins\u00a0\u00bb, remarque Cyril, pendant que Corentin souhaite que ses enfants gardent de lui son \u00ab\u00a0amour inconditionnel pour eux\u00a0\u00bb. \u00ab\u00a0J\u2019ai envie qu\u2019ils retiennent que j\u2019ai fait tout ce que je pouvais pour eux, que j\u2019\u00e9tais pr\u00e9sent, et que je l\u2019ai fait sans attendre une quelconque reconnaissance de leur part\u00a0\u00bb, compl\u00e8te-t-il.<\/p>\n<p>                     Une bonne dose d\u2019introspection    <\/p>\n<p class=\"asset asset-text\">De quoi leur donner le sentiment d\u2019\u00eatre de bons p\u00e8res pour leurs enfants\u00a0? S\u2019ils estiment que ce n\u2019est pas \u00e0 eux d\u2019en juger, tous assurent faire des efforts pour \u00eatre per\u00e7us comme tels. \u00ab\u00a0Je ne suis pas parfait, mais je fais au mieux tout en restant fid\u00e8le \u00e0 mes principes\u00a0\u00bb, estime Corentin. M\u00eame chose pour Maxime qui a bien conscience qu\u2019il a d\u00e9j\u00e0 fait des erreurs et en fera encore, mais souhaite \u00ab\u00a0faire le maximum\u00a0\u00bb pour sa fille. \u00ab\u00a0Et je veux prendre l\u2019habitude de me poser r\u00e9guli\u00e8rement la question\u00a0: qu\u2019est-ce que je peux faire mieux pour mes enfants, pour ma compagne\u00a0?\u00a0\u00bb, ajoute le jeune p\u00e8re. De son c\u00f4t\u00e9, la paternit\u00e9 a aussi appris \u00e0 Cyril \u00e0 faire preuve de plus de compr\u00e9hension envers ses parents, \u00e0 qui il a \u00ab\u00a0pardonn\u00e9 tous les manquements\u00a0\u00bb. \u00ab\u00a0\u00catre p\u00e8re, <a href=\"https:\/\/www.huffingtonpost.fr\/life\/article\/fete-des-peres-ca-fait-quoi-de-devenir-papa-on-ne-realise-pas-ce-qu-on-va-vivre_79608.html\" target=\"_blank\" rel=\"noopener\">ce n\u2019est pas une mission \u00e9vidente<\/a>\u00a0\u00bb, reconna\u00eet-il.<\/p>\n<p class=\"asset asset-text\">Tous gardent d\u2019ailleurs en m\u00e9moire les valeurs que leurs p\u00e8res leur ont transmises et qu\u2019ils esp\u00e8rent, \u00e0 leur tour, enseigner \u00e0 leurs enfants. \u00ab\u00a0Faire de son mieux, \u00eatre \u00e0 l\u2019\u00e9coute, trouver des terrains d\u2019entente\u00a0\u00bb, liste Cyril. Maxime, lui, retient de son p\u00e8re \u00ab\u00a0l\u2019honn\u00eatet\u00e9, le go\u00fbt de l\u2019effort\u00a0\u00bb, tandis que Corentin se rappelle que son p\u00e8re \u00ab\u00a0\u00e9tait parfois maladroit, mais toujours sinc\u00e8re\u00a0\u00bb. \u00ab\u00a0C\u2019est une valeur que je garde avec moi aujourd\u2019hui\u00a0\u00bb, conclut-il.<\/p>\n","protected":false},"excerpt":{"rendered":"Unsplash \/ Kelly Sikkema Si les interrog\u00e9s sont investis, c\u2019est aussi parce qu\u2019ils ne souhaitent pas reproduire les&hellip;\n","protected":false},"author":2,"featured_media":177856,"comment_status":"","ping_status":"","sticky":false,"template":"","format":"standard","meta":{"footnotes":""},"categories":[2],"tags":[11,1057,1719,1011,27,5656,12,31416,5791,25],"class_list":{"0":"post-177855","1":"post","2":"type-post","3":"status-publish","4":"format-standard","5":"has-post-thumbnail","7":"category-actualites","8":"tag-actualites","9":"tag-education","10":"tag-enfants","11":"tag-fr","12":"tag-france","13":"tag-life","14":"tag-news","15":"tag-paternite","16":"tag-relation-parent-enfant","17":"tag-republique-francaise"},"share_on_mastodon":{"url":"https:\/\/pubeurope.com\/@fr\/114686224305431482","error":""},"_links":{"self":[{"href":"https:\/\/www.europesays.com\/fr\/wp-json\/wp\/v2\/posts\/177855","targetHints":{"allow":["GET"]}}],"collection":[{"href":"https:\/\/www.europesays.com\/fr\/wp-json\/wp\/v2\/posts"}],"about":[{"href":"https:\/\/www.europesays.com\/fr\/wp-json\/wp\/v2\/types\/post"}],"author":[{"embeddable":true,"href":"https:\/\/www.europesays.com\/fr\/wp-json\/wp\/v2\/users\/2"}],"replies":[{"embeddable":true,"href":"https:\/\/www.europesays.com\/fr\/wp-json\/wp\/v2\/comments?post=177855"}],"version-history":[{"count":0,"href":"https:\/\/www.europesays.com\/fr\/wp-json\/wp\/v2\/posts\/177855\/revisions"}],"wp:featuredmedia":[{"embeddable":true,"href":"https:\/\/www.europesays.com\/fr\/wp-json\/wp\/v2\/media\/177856"}],"wp:attachment":[{"href":"https:\/\/www.europesays.com\/fr\/wp-json\/wp\/v2\/media?parent=177855"}],"wp:term":[{"taxonomy":"category","embeddable":true,"href":"https:\/\/www.europesays.com\/fr\/wp-json\/wp\/v2\/categories?post=177855"},{"taxonomy":"post_tag","embeddable":true,"href":"https:\/\/www.europesays.com\/fr\/wp-json\/wp\/v2\/tags?post=177855"}],"curies":[{"name":"wp","href":"https:\/\/api.w.org\/{rel}","templated":true}]}}