{"id":177859,"date":"2025-06-15T07:35:10","date_gmt":"2025-06-15T07:35:10","guid":{"rendered":"https:\/\/www.europesays.com\/fr\/177859\/"},"modified":"2025-06-15T07:35:10","modified_gmt":"2025-06-15T07:35:10","slug":"fsgt-vainqueur-de-la-coupe-de-france-le-fc-fizios-realise-son-reve","status":"publish","type":"post","link":"https:\/\/www.europesays.com\/fr\/177859\/","title":{"rendered":"FSGT : vainqueur de la coupe de France, le FC Fizios r\u00e9alise son r\u00eave"},"content":{"rendered":"<p>\u00ab\u00a0On a tr\u00e8s vite senti cette ann\u00e9e qu&rsquo;on pouvait la gagner. On se sentait fort et on voyait notre capacit\u00e9 \u00e0 aller jusqu&rsquo;au bout\u00a0\u00bb, souligne Th\u00e9o Pariosa, capitaine et cadre de l&rsquo;\u00e9quipe gagnante. Les Marseillais avaient vu juste. \u00ab\u00a0La boucle est boucl\u00e9e, poursuit Rudy Pariente plein d&rsquo;enthousiasme. Tout ce qui peut arriver est du bonus. C&rsquo;est la victoire des huit derni\u00e8res ann\u00e9es. C&rsquo;est un peu comme si c&rsquo;\u00e9tait la victoire de tout le monde, de tous ceux qui sont pass\u00e9s au club.\u00a0\u00bb<\/p>\n<p>Cet exploit notable pour un club amateur a \u00e9t\u00e9 rendu possible par la coh\u00e9sion du groupe et l&rsquo;\u00e9lan insuffl\u00e9 aux joueurs. Les entra\u00eeneurs b\u00e9n\u00e9voles, comme Thierry Pentagrossa, pr\u00f4nent le partage au-del\u00e0 du football tout en conservant un niveau \u00e9lev\u00e9 dans une ambiance familiale et populaire. \u00ab\u00a0On s&rsquo;int\u00e8gre dans un groupe plus qu&rsquo;un club. La mentalit\u00e9 prime sur le reste\u00a0\u00bb, rappelle Pascal Borgomano, entra\u00eeneur de la s\u00e9lection France de la FSGT depuis plus de 10\u00a0ans.<\/p>\n<p>Cette dynamique collective s&rsquo;est aussi nourrie d&rsquo;un soutien ext\u00e9rieur pr\u00e9cieux\u00a0: quelques minutes avant le match, les joueurs ont re\u00e7u des messages de soutien de leurs proches, notamment \u00e0 travers une vid\u00e9o marquante compos\u00e9e de t\u00e9moignages touchants. Les troupes motiv\u00e9es, la coupe gagn\u00e9e, la fiert\u00e9 est au rendez-vous, accompagn\u00e9e d&rsquo;une sensation d&rsquo;irr\u00e9el.<\/p>\n<p>\u00ab\u00a0On ne r\u00e9alise toujours pas\u00a0\u00bb, souffle\u00a0Pascal Borgomano.<\/p>\n<p>D\u00e9sormais, le FC Fizios se projette avec d\u00e9termination vers l&rsquo;avenir et le doux espoir de conserver son titre. \u00ab\u00a0La victoire appelle la victoire, r\u00e9sume le coach. Cela demande tellement d&rsquo;\u00e9nergie et de temps que nous profitons au maximum de la victoire en nous accordant du temps de repos. Cela nous permet de r\u00e9fl\u00e9chir \u00e0 des strat\u00e9gies d&rsquo;am\u00e9lioration pour construire une deuxi\u00e8me victoire.\u00a0\u00bb Une nouvelle pleine d&rsquo;espoir semble s&rsquo;ouvrir pour le FC Fizios.<\/p>\n","protected":false},"excerpt":{"rendered":"\u00ab\u00a0On a tr\u00e8s vite senti cette ann\u00e9e qu&rsquo;on pouvait la gagner. On se sentait fort et on voyait&hellip;\n","protected":false},"author":2,"featured_media":177860,"comment_status":"","ping_status":"","sticky":false,"template":"","format":"standard","meta":{"footnotes":""},"categories":[4],"tags":[17,11,615,31418,63,1011,27,31417,12,21226,25,60,21369],"class_list":{"0":"post-177859","1":"post","2":"type-post","3":"status-publish","4":"format-standard","5":"has-post-thumbnail","7":"category-france","8":"tag-17","9":"tag-actualites","10":"tag-coupe","11":"tag-fizios","12":"tag-football","13":"tag-fr","14":"tag-france","15":"tag-fsgt","16":"tag-news","17":"tag-realise","18":"tag-republique-francaise","19":"tag-sports","20":"tag-vainqueur"},"share_on_mastodon":{"url":"https:\/\/pubeurope.com\/@fr\/114686232119649941","error":""},"_links":{"self":[{"href":"https:\/\/www.europesays.com\/fr\/wp-json\/wp\/v2\/posts\/177859","targetHints":{"allow":["GET"]}}],"collection":[{"href":"https:\/\/www.europesays.com\/fr\/wp-json\/wp\/v2\/posts"}],"about":[{"href":"https:\/\/www.europesays.com\/fr\/wp-json\/wp\/v2\/types\/post"}],"author":[{"embeddable":true,"href":"https:\/\/www.europesays.com\/fr\/wp-json\/wp\/v2\/users\/2"}],"replies":[{"embeddable":true,"href":"https:\/\/www.europesays.com\/fr\/wp-json\/wp\/v2\/comments?post=177859"}],"version-history":[{"count":0,"href":"https:\/\/www.europesays.com\/fr\/wp-json\/wp\/v2\/posts\/177859\/revisions"}],"wp:featuredmedia":[{"embeddable":true,"href":"https:\/\/www.europesays.com\/fr\/wp-json\/wp\/v2\/media\/177860"}],"wp:attachment":[{"href":"https:\/\/www.europesays.com\/fr\/wp-json\/wp\/v2\/media?parent=177859"}],"wp:term":[{"taxonomy":"category","embeddable":true,"href":"https:\/\/www.europesays.com\/fr\/wp-json\/wp\/v2\/categories?post=177859"},{"taxonomy":"post_tag","embeddable":true,"href":"https:\/\/www.europesays.com\/fr\/wp-json\/wp\/v2\/tags?post=177859"}],"curies":[{"name":"wp","href":"https:\/\/api.w.org\/{rel}","templated":true}]}}