{"id":177863,"date":"2025-06-15T07:37:25","date_gmt":"2025-06-15T07:37:25","guid":{"rendered":"https:\/\/www.europesays.com\/fr\/177863\/"},"modified":"2025-06-15T07:37:25","modified_gmt":"2025-06-15T07:37:25","slug":"une-jeune-sensation-bulgare-de-18-ans-qui-fait-tourner-les-tetes-partout-dans-le-monde","status":"publish","type":"post","link":"https:\/\/www.europesays.com\/fr\/177863\/","title":{"rendered":"Une jeune sensation bulgare de 18 ans qui fait tourner les t\u00eates partout dans le monde"},"content":{"rendered":"<p><strong>V\u00e9ritable ph\u00e9nom\u00e8ne du volleyball international du haut de ses 6 pi 10 po, le passeur de 18 ans Simeon Nikolov n\u2019a pas la grosse t\u00eate.<\/strong><\/p>\n<p>Apr\u00e8s une seule saison dans la NCAA \u00e0 Long Beach State, o\u00f9 il a remport\u00e9 les titres de recrue et de joueur par excellence pour devenir seulement le deuxi\u00e8me joueur dans l\u2019histoire \u00e0 r\u00e9aliser cet exploit apr\u00e8s son fr\u00e8re Aleksansdar, trois ans plus t\u00f4t, Nikolov fera le saut chez les pros d\u00e8s l\u2019automne, alors qu\u2019il enfilera le maillot du club russe Lokomotiv Novossibirsk.<\/p>\n<p>\u00abSans manquer de respect pour la NCAA o\u00f9 j\u2019ai v\u00e9cu une tr\u00e8s belle exp\u00e9rience en gagnant le titre national et obtenu du tr\u00e8s bon coaching, je devais me tourner vers le circuit professionnel et affronter les meilleurs si je voulais me tailler un poste avec l\u2019\u00e9quipe nationale. Le niveau est vraiment plus \u00e9lev\u00e9 dans la Ligue des nations et \u00e7a me motive.<\/p>\n<p>\u00abJe suis tr\u00e8s loin du niveau que je veux atteindre et de celui que je peux atteindre, de poursuivre l\u2019auteur d\u2019un service \u00e0 84 mph, un record dans la NCAA. Je dois maintenant me concentrer \u00e0 devenir meilleur et \u00e7a passe par les rangs professionnels.\u00bb<\/p>\n<p>  <strong>Il adore sa position<\/strong><\/p>\n<p>En raison de sa taille, Nikolov pourrait \u00e9voluer comme attaquant de pointe ou central, mais il adore \u00e9voluer comme passeur. \u00ab\u00c0 mes d\u00e9buts au volleyball, je mesurais 5 pi et j\u2019ai opt\u00e9 pour la position de passeur, a-t-il racont\u00e9. J\u2019ai continu\u00e9 de grandir sans arr\u00eat, mais je n\u2019ai pas chang\u00e9 de position. C\u2019est le fun de frapper le ballon \u00e0 l\u2019occasion, mais je suis content de ne pas avoir \u00e0 changer parce que j\u2019adore mon r\u00f4le de passeur. Je peux contr\u00f4ler le match et toucher le ballon \u00e0 chaque jeu.\u00bb<\/p>\n<p>                <a class=\"fancybox\" rel=\"group nofollow noopener\" href=\"https:\/\/m1.quebecormedia.com\/emp\/emp\/b0c69bb0-46e0-11f0-8599-8b7584843789_ORIGINAL.jpg?impolicy=crop-resize&amp;x=0&amp;y=0&amp;w=1200&amp;h=948&amp;width=1400\" target=\"_blank\"><\/p>\n<p>                  <img decoding=\"async\"  src=\"https:\/\/www.europesays.com\/fr\/wp-content\/uploads\/2025\/06\/b0c69bb0-46e0-11f0-8599-8b7584843789_ORIGINAL.jpg\" class=\"story-img\" alt=\"Une jeune sensation bulgare de 18 ans qui fait tourner les t\u00eates partout dans le monde\"\/><br \/>\n                <\/a><\/p>\n<p>                    Stevens LeBlanc\/JOURNAL DE QUEBEC<\/p>\n<p>Comme passeur, Nikolov a l\u2019impression qu\u2019il pourra avoir un tr\u00e8s grand impact. \u00abJe veux changer le match et c\u2019est mon objectif, a-t-il soulign\u00e9, mais je suis vraiment loin de cela pour le moment.\u00bb<\/p>\n<p>  <strong>\u00abUn joueur g\u00e9n\u00e9rationnel\u00bb<\/strong><\/p>\n<p>Gilles L\u00e9pine, qui s\u2019est offert un petit plaisir, mardi, en prenant un \u00e9goportrait avec Nikolov, est tr\u00e8s \u00e9logieux \u00e0 l\u2019\u00e9gard du passeur de 18 ans. \u00ab\u00c7a va \u00eatre un joueur g\u00e9n\u00e9rationnel et il va r\u00e9inventer la position de passeur comme le Fran\u00e7ais Ngapeth [Earvin] l\u2019a fait \u00e0 la position d\u2019attaquant r\u00e9ceptionneur, a affirm\u00e9 l\u2019analyste de volleyball. Les jeunes que je dirige en 2e, 3e et 4e secondaire \u00e0 Rochebelle le connaissent tous.\u00bb<\/p>\n<p>Le principal int\u00e9ress\u00e9 est conscient qu\u2019il est une vedette des r\u00e9seaux sociaux. \u00abC\u2019est le fun que les gens parlent de toi et veuillent te voir jouer, a-t-il reconnu, mais \u00e7a ne m\u2019ajoute pas de pression.\u00bb<\/p>\n<p>  <strong>Une chimie incroyable<\/strong><\/p>\n<p>Les fr\u00e8res Nikolov adorent jouer ensemble. \u00abMon fr\u00e8re est incroyable, a ajout\u00e9 Simeon. C\u2019est un excellent leader qui veut la balle quand l\u2019enjeu est tr\u00e8s important. Il est mon sang, mon meilleur ami et je suis tr\u00e8s, tr\u00e8s heureux de pouvoir compter sur lui sur le terrain. C\u2019est un mod\u00e8le et j\u2019ai suivi ses traces en optant pour la NCAA.\u00bb<\/p>\n<p>\u00abComme grand fr\u00e8re, j\u2019ai toujours gard\u00e9 un \u0153il sur Simeon et lui ai fait profiter de mon exp\u00e9rience, de rench\u00e9rir Aleksandar, qui \u00e9volue \u00e0 la position d\u2019attaquant et qui c\u00e8de trois pouces \u00e0 son fr\u00e9rot. J\u2019ai toujours senti qu\u2019il suivait mon exemple.\u00bb<\/p>\n<p>                <a class=\"fancybox\" rel=\"group nofollow noopener\" href=\"https:\/\/m1.quebecormedia.com\/emp\/emp\/af806010-46e0-11f0-8599-8b7584843789_ORIGINAL.jpg?impolicy=crop-resize&amp;x=0&amp;y=0&amp;w=1200&amp;h=1106&amp;width=1400\" target=\"_blank\"><\/p>\n<p>                  <img decoding=\"async\"  src=\"https:\/\/www.europesays.com\/fr\/wp-content\/uploads\/2025\/06\/af806010-46e0-11f0-8599-8b7584843789_ORIGINAL.jpg\" class=\"story-img\" alt=\"Une jeune sensation bulgare de 18 ans qui fait tourner les t\u00eates partout dans le monde\"\/><br \/>\n                <\/a><\/p>\n<p>                    Stevens LeBlanc\/JOURNAL DE QUEBEC<\/p>\n<p>Aleksandar sera de retour dans le circuit professionnel italien \u00e0 l\u2019automne. Leur p\u00e8re, Vladimir, et leur m\u00e8re, Maya, ont aussi jou\u00e9 dans les rangs professionnels.<\/p>\n<p>En lever de la comp\u00e9tition, la Bulgarie a enlev\u00e9 un set aux Italiens qui ont termin\u00e9 au 4e rang aux Jeux olympiques de Paris mais, au final, ils se sont inclin\u00e9s en quatre manches. \u00abOn veut gagner le plus de parties et l\u2019objectif est de se qualifier pour les Jeux olympiques de 2028 \u00e0 Los Angeles\u00bb, a mentionn\u00e9 l\u2019a\u00een\u00e9.<\/p>\n<p>C\u2019est l\u2019entra\u00eeneur italien Gianlorenzo Blengini qui a le mandat de mener la jeune troupe bulgare aux Jeux. \u00abIl est tr\u00e8s exigeant, a pr\u00e9cis\u00e9 Aleksandar, et c\u2019est la meilleure fa\u00e7on la bonne fa\u00e7on de d\u00e9velopper de jeunes joueurs et de les faire progresser.\u00bb<\/p>\n","protected":false},"excerpt":{"rendered":"V\u00e9ritable ph\u00e9nom\u00e8ne du volleyball international du haut de ses 6 pi 10 po, le passeur de 18 ans&hellip;\n","protected":false},"author":2,"featured_media":177864,"comment_status":"","ping_status":"","sticky":false,"template":"","format":"standard","meta":{"footnotes":""},"categories":[1417],"tags":[1011,27,60,1470,1469],"class_list":{"0":"post-177863","1":"post","2":"type-post","3":"status-publish","4":"format-standard","5":"has-post-thumbnail","7":"category-volley","8":"tag-fr","9":"tag-france","10":"tag-sports","11":"tag-volley","12":"tag-volleyball"},"share_on_mastodon":{"url":"https:\/\/pubeurope.com\/@fr\/114686239984547575","error":""},"_links":{"self":[{"href":"https:\/\/www.europesays.com\/fr\/wp-json\/wp\/v2\/posts\/177863","targetHints":{"allow":["GET"]}}],"collection":[{"href":"https:\/\/www.europesays.com\/fr\/wp-json\/wp\/v2\/posts"}],"about":[{"href":"https:\/\/www.europesays.com\/fr\/wp-json\/wp\/v2\/types\/post"}],"author":[{"embeddable":true,"href":"https:\/\/www.europesays.com\/fr\/wp-json\/wp\/v2\/users\/2"}],"replies":[{"embeddable":true,"href":"https:\/\/www.europesays.com\/fr\/wp-json\/wp\/v2\/comments?post=177863"}],"version-history":[{"count":0,"href":"https:\/\/www.europesays.com\/fr\/wp-json\/wp\/v2\/posts\/177863\/revisions"}],"wp:featuredmedia":[{"embeddable":true,"href":"https:\/\/www.europesays.com\/fr\/wp-json\/wp\/v2\/media\/177864"}],"wp:attachment":[{"href":"https:\/\/www.europesays.com\/fr\/wp-json\/wp\/v2\/media?parent=177863"}],"wp:term":[{"taxonomy":"category","embeddable":true,"href":"https:\/\/www.europesays.com\/fr\/wp-json\/wp\/v2\/categories?post=177863"},{"taxonomy":"post_tag","embeddable":true,"href":"https:\/\/www.europesays.com\/fr\/wp-json\/wp\/v2\/tags?post=177863"}],"curies":[{"name":"wp","href":"https:\/\/api.w.org\/{rel}","templated":true}]}}