{"id":177867,"date":"2025-06-15T07:39:08","date_gmt":"2025-06-15T07:39:08","guid":{"rendered":"https:\/\/www.europesays.com\/fr\/177867\/"},"modified":"2025-06-15T07:39:08","modified_gmt":"2025-06-15T07:39:08","slug":"atp-halle-jannik-sinner-je-ne-vais-pas-mentir-jai-passe-quelques-nuits-blanches","status":"publish","type":"post","link":"https:\/\/www.europesays.com\/fr\/177867\/","title":{"rendered":"ATP &#8211; Halle > Jannik Sinner : \u00ab\u00a0Je ne vais pas mentir, j&rsquo;ai pass\u00e9 quelques nuits blanches\u00a0\u00bb"},"content":{"rendered":"<p>T\u00eate de s\u00e9rie 1 \u00e0 Halle, l\u2019Italien est arriv\u00e9 en Allemagne. Il s\u2019est donc exprim\u00e9 sur la semaine qu\u2019il a pass\u00e9 chez lui avec sa famillle qui reste le socle de sa r\u00e9us\u00adsite et le moyen d\u2019ou\u00adblier les d\u00e9con\u00adve\u00adnues surve\u00adnues \u00e0 Roland\u2010Garros.<\/p>\n<p>\u00ab\u202f<strong>Je ne vais pas mentir, j\u2019ai pass\u00e9 quelques nuits blanches. Mais cela va mieux de jour en jour. Ma famille est derri\u00e8re moi, tous mes amis et mon cercle d\u2019amis. C\u2019est le plus impor\u00adtant pour moi. Ils se portent bien, donc en dehors du tennis, c\u2019est une partie encore plus impor\u00adtante de ma vie. Je vais donc d\u2019ou\u00adblier ses aspects n\u00e9ga\u00adtifs voir ce que je peux faire ici. Je pense que rejouer un tournoi est positif pour moi, car chaque match commence \u00e0 0\u20130 et il faut toujours \u00eatre pr\u00eat menta\u00adle\u00adment \u00e0 se battre pour chaque point sur le court. C\u2019est pour\u00adquoi je suis ravi d\u2019\u00eatre de retour \u00e0 Halle et de voir comment \u00e7a se\u00a0passe\u202f\u00bb<\/strong><\/p>\n<p class=\"post-published-date\" style=\"color: silver; font-size: 75%; text-align: left;\">Publi\u00e9 le dimanche 15 juin 2025 \u00e0 08:09<\/p>\n","protected":false},"excerpt":{"rendered":"T\u00eate de s\u00e9rie 1 \u00e0 Halle, l\u2019Italien est arriv\u00e9 en Allemagne. Il s\u2019est donc exprim\u00e9 sur la semaine&hellip;\n","protected":false},"author":2,"featured_media":177868,"comment_status":"","ping_status":"","sticky":false,"template":"","format":"standard","meta":{"footnotes":""},"categories":[1415],"tags":[1011,27,2127,60,1467],"class_list":{"0":"post-177867","1":"post","2":"type-post","3":"status-publish","4":"format-standard","5":"has-post-thumbnail","7":"category-tennis","8":"tag-fr","9":"tag-france","10":"tag-sinner","11":"tag-sports","12":"tag-tennis"},"share_on_mastodon":{"url":"https:\/\/pubeurope.com\/@fr\/114686247754553889","error":""},"_links":{"self":[{"href":"https:\/\/www.europesays.com\/fr\/wp-json\/wp\/v2\/posts\/177867","targetHints":{"allow":["GET"]}}],"collection":[{"href":"https:\/\/www.europesays.com\/fr\/wp-json\/wp\/v2\/posts"}],"about":[{"href":"https:\/\/www.europesays.com\/fr\/wp-json\/wp\/v2\/types\/post"}],"author":[{"embeddable":true,"href":"https:\/\/www.europesays.com\/fr\/wp-json\/wp\/v2\/users\/2"}],"replies":[{"embeddable":true,"href":"https:\/\/www.europesays.com\/fr\/wp-json\/wp\/v2\/comments?post=177867"}],"version-history":[{"count":0,"href":"https:\/\/www.europesays.com\/fr\/wp-json\/wp\/v2\/posts\/177867\/revisions"}],"wp:featuredmedia":[{"embeddable":true,"href":"https:\/\/www.europesays.com\/fr\/wp-json\/wp\/v2\/media\/177868"}],"wp:attachment":[{"href":"https:\/\/www.europesays.com\/fr\/wp-json\/wp\/v2\/media?parent=177867"}],"wp:term":[{"taxonomy":"category","embeddable":true,"href":"https:\/\/www.europesays.com\/fr\/wp-json\/wp\/v2\/categories?post=177867"},{"taxonomy":"post_tag","embeddable":true,"href":"https:\/\/www.europesays.com\/fr\/wp-json\/wp\/v2\/tags?post=177867"}],"curies":[{"name":"wp","href":"https:\/\/api.w.org\/{rel}","templated":true}]}}