{"id":177871,"date":"2025-06-15T07:42:10","date_gmt":"2025-06-15T07:42:10","guid":{"rendered":"https:\/\/www.europesays.com\/fr\/177871\/"},"modified":"2025-06-15T07:42:10","modified_gmt":"2025-06-15T07:42:10","slug":"alexandra-saint-mleux-qui-est-la-petite-amie-tres-influente-du-pilote-de-f1-charles-leclerc","status":"publish","type":"post","link":"https:\/\/www.europesays.com\/fr\/177871\/","title":{"rendered":"Alexandra Saint Mleux, qui est la petite amie tr\u00e8s influente du pilote de F1 Charles Leclerc ?"},"content":{"rendered":"<p>Il n&rsquo;a fallu que quelques mois \u00e0 <strong>Alexandra Saint Mleux<\/strong> pour devenir l&rsquo;un des visages les plus familiers &#8211; et les plus suivis &#8211; des paddocks de Formule 1. \u00c0 la fois discr\u00e8te et influente, elle incarne une nouvelle g\u00e9n\u00e9ration de WAGs (Wives and Girlfriends, le surnom donn\u00e9 aux \u00ab\u00a0femmes et petites amies\u00a0\u00bb de sportifs). Mais que, ou plut\u00f4t qui lui vaut une telle notori\u00e9t\u00e9 ?<\/p>\n<p>Alexandra Saint Mleux, une copine de&#8230;<\/p>\n<p>Alexandra Malena Saint Mleux est n\u00e9e le 19 juin 2002 en Italie. Elle a des origines argentines par son p\u00e8re (et fran\u00e7aises \u00e0 en juger par son nom de famille !) et mexicaines par sa m\u00e8re. Et elle a grandi dans la principaut\u00e9 de Monaco. C&rsquo;est sur le Rocher qu&rsquo;elle a rencontr\u00e9 l&rsquo;homme de sa vie, le pilote mon\u00e9gasque <strong>Charles Leclerc<\/strong>. C&rsquo;est lui qui l&rsquo;a fait sortir de l&rsquo;ombre. Presque au sens litt\u00e9ral du terme. C&rsquo;est d\u00e9but 2023 que les fans du pilote, s\u00e9par\u00e9 depuis peu de Charlotte Sin\u00e9, ont pour la premi\u00e8re fois rep\u00e9r\u00e9 Alexandra en arri\u00e8re-plan d&rsquo;une vid\u00e9o TikTok film\u00e9e lors de la Fashion Week de Paris. La rumeur d&rsquo;une <strong>idylle<\/strong> commence \u00e0 bruisser&#8230; et \u00e0 enfler. La pr\u00e9sence de la jeune femme au Grand Prix de Monaco, cette fois en tant qu&rsquo;invit\u00e9e de la Scuderia Ferrari &#8211; un privil\u00e8ge rare &#8211; ne trompe personne. En juillet de la m\u00eame ann\u00e9e, le couple officialise sa relation lors d&rsquo;une premi\u00e8re apparition publique tr\u00e8s remarqu\u00e9e au tournoi de tennis de <strong>Wimbledon<\/strong>, aux c\u00f4t\u00e9s du pilote fran\u00e7ais Pierre Gasly et de sa compagne Francisca \u00ab\u00a0Kika\u00a0\u00bb (&#8230;)<\/p>\n<p><a href=\"https:\/\/www.grazia.fr\/people\/alexandra-saint-mleux-qui-est-la-compagne-tres-influente-du-pilote-de-f1-charles-leclerc-1165996.html?utm_campaign=partenariat&amp;utm_source=yahoo-articles&amp;utm_medium=flux\" rel=\"nofollow noopener\" target=\"_blank\" data-ylk=\"slk:Lire la suite sur Grazia;elm:context_link;itc:0;sec:content-canvas\" class=\"link \">Lire la suite sur Grazia<\/a><\/p>\n<p><a href=\"https:\/\/www.grazia.fr\/beaute\/forme-minceur\/adieu-les-jambes-lourdes-cette-plante-anti-retention-deau-permet-de-degonfler-illico-presto-789630.html?utm_campaign=partenariat&amp;utm_source=yahoo-articles&amp;utm_medium=flux\" rel=\"nofollow noopener\" target=\"_blank\" data-ylk=\"slk:Adieu les jambes lourdes : cette plante anti-r\u00e9tention d\u2019eau permet de d\u00e9gonfler illico presto;elm:context_link;itc:0;sec:content-canvas\" class=\"link \">Adieu les jambes lourdes : cette plante anti-r\u00e9tention d\u2019eau permet de d\u00e9gonfler illico presto<\/a><br \/><a href=\"https:\/\/www.grazia.fr\/beaute\/parfum\/parfum-ete-2025-type-fragrances-plus-recherche-moment-1166166.html?utm_campaign=partenariat&amp;utm_source=yahoo-articles&amp;utm_medium=flux\" rel=\"nofollow noopener\" target=\"_blank\" data-ylk=\"slk:&quot;Le parfum de l&#039;\u00e9t\u00e9 2025&quot; : ce type de fragrances est le plus recherch\u00e9 du moment;elm:context_link;itc:0;sec:content-canvas\" class=\"link \">\u00ab\u00a0Le parfum de l&rsquo;\u00e9t\u00e9 2025\u00a0\u00bb : ce type de fragrances est le plus recherch\u00e9 du moment<\/a><br \/><a href=\"https:\/\/www.grazia.fr\/mode\/tendances-mode\/ce-bijou-de-mamie-est-le-plus-tendance-cet-ete-et-il-traine-surement-au-fond-de-lun-de-ses-tiroirs-1165943.html?utm_campaign=partenariat&amp;utm_source=yahoo-articles&amp;utm_medium=flux\" rel=\"nofollow noopener\" target=\"_blank\" data-ylk=\"slk:Ce bijou de mamie est le plus tendance cet \u00e9t\u00e9 (et il tra\u00eene s\u00fbrement au fond de l&#039;un de ses tiroirs);elm:context_link;itc:0;sec:content-canvas\" class=\"link \">Ce bijou de mamie est le plus tendance cet \u00e9t\u00e9 (et il tra\u00eene s\u00fbrement au fond de l&rsquo;un de ses tiroirs)<\/a><br \/><a href=\"https:\/\/www.grazia.fr\/beaute\/coiffure\/coloration-parfaite-adopter-apres-50-ans-seule-passera-jamais-mode-selon-coiffeur-1166320.html?utm_campaign=partenariat&amp;utm_source=yahoo-articles&amp;utm_medium=flux\" rel=\"nofollow noopener\" target=\"_blank\" data-ylk=\"slk:Cette coloration parfaite \u00e0 adopter apr\u00e8s 50 ans est la seule qui ne passera jamais de mode, selon un coiffeur;elm:context_link;itc:0;sec:content-canvas\" class=\"link \">Cette coloration parfaite \u00e0 adopter apr\u00e8s 50 ans est la seule qui ne passera jamais de mode, selon un coiffeur<\/a><br \/><a href=\"https:\/\/www.grazia.fr\/deco-2\/empeche-energie-circuler-maison-objet-faut-arreter-entasser-chez-soi-1166152.html?utm_campaign=partenariat&amp;utm_source=yahoo-articles&amp;utm_medium=flux\" rel=\"nofollow noopener\" target=\"_blank\" data-ylk=\"slk:Il emp\u00eache l&#039;\u00e9nergie de circuler dans une maison : cet objet qu&#039;il faut arr\u00eater d&#039;entasser chez soi;elm:context_link;itc:0;sec:content-canvas\" class=\"link \">Il emp\u00eache l&rsquo;\u00e9nergie de circuler dans une maison : cet objet qu&rsquo;il faut arr\u00eater d&rsquo;entasser chez soi<\/a><\/p>\n","protected":false},"excerpt":{"rendered":"Il n&rsquo;a fallu que quelques mois \u00e0 Alexandra Saint Mleux pour devenir l&rsquo;un des visages les plus familiers&hellip;\n","protected":false},"author":2,"featured_media":177872,"comment_status":"","ping_status":"","sticky":false,"template":"","format":"standard","meta":{"footnotes":""},"categories":[1412],"tags":[31419,31422,1451,1452,1453,1454,1455,1011,27,31423,31421,60,31420],"class_list":{"0":"post-177871","1":"post","2":"type-post","3":"status-publish","4":"format-standard","5":"has-post-thumbnail","7":"category-f1","8":"tag-alexandra","9":"tag-alexandra-saint-mleux","10":"tag-f1","11":"tag-formula-1","12":"tag-formula1","13":"tag-formule-1","14":"tag-formule1","15":"tag-fr","16":"tag-france","17":"tag-grand-prix-de-monaco","18":"tag-principaute-de-monaco","19":"tag-sports","20":"tag-tournoi-de-tennis-de-wimbledon"},"share_on_mastodon":{"url":"https:\/\/pubeurope.com\/@fr\/114686259592140819","error":""},"_links":{"self":[{"href":"https:\/\/www.europesays.com\/fr\/wp-json\/wp\/v2\/posts\/177871","targetHints":{"allow":["GET"]}}],"collection":[{"href":"https:\/\/www.europesays.com\/fr\/wp-json\/wp\/v2\/posts"}],"about":[{"href":"https:\/\/www.europesays.com\/fr\/wp-json\/wp\/v2\/types\/post"}],"author":[{"embeddable":true,"href":"https:\/\/www.europesays.com\/fr\/wp-json\/wp\/v2\/users\/2"}],"replies":[{"embeddable":true,"href":"https:\/\/www.europesays.com\/fr\/wp-json\/wp\/v2\/comments?post=177871"}],"version-history":[{"count":0,"href":"https:\/\/www.europesays.com\/fr\/wp-json\/wp\/v2\/posts\/177871\/revisions"}],"wp:featuredmedia":[{"embeddable":true,"href":"https:\/\/www.europesays.com\/fr\/wp-json\/wp\/v2\/media\/177872"}],"wp:attachment":[{"href":"https:\/\/www.europesays.com\/fr\/wp-json\/wp\/v2\/media?parent=177871"}],"wp:term":[{"taxonomy":"category","embeddable":true,"href":"https:\/\/www.europesays.com\/fr\/wp-json\/wp\/v2\/categories?post=177871"},{"taxonomy":"post_tag","embeddable":true,"href":"https:\/\/www.europesays.com\/fr\/wp-json\/wp\/v2\/tags?post=177871"}],"curies":[{"name":"wp","href":"https:\/\/api.w.org\/{rel}","templated":true}]}}