{"id":177873,"date":"2025-06-15T07:43:09","date_gmt":"2025-06-15T07:43:09","guid":{"rendered":"https:\/\/www.europesays.com\/fr\/177873\/"},"modified":"2025-06-15T07:43:09","modified_gmt":"2025-06-15T07:43:09","slug":"cyclisme-criterium-du-dauphine-guillaume-martin-la-seule-solution-quil-nous-reste","status":"publish","type":"post","link":"https:\/\/www.europesays.com\/fr\/177873\/","title":{"rendered":"Cyclisme. Criterium du Dauphin\u00e9 &#8211; Guillaume Martin : \u00abLa seule solution qu\u2019il nous reste&#8230;\u00bb"},"content":{"rendered":"<p>Le premier Fran\u00e7ais ce samedi lors de la 7e \u00e9tape du <strong>Crit\u00e9rium du Dauphin\u00e9 <\/strong>n&rsquo;\u00e9tait pas <strong><a href=\"https:\/\/www.cyclismactu.net\/..\/news-cyclisme-route-criterium-du-dauphine-paul-seixas-les-mecs-avec-qui-j-arrive-une-fierte-88358.html\" target=\"_blank\" rel=\"noopener\">Paul Seixas<\/a> <\/strong>(Decathlon AG2R La Mondiale Team), encore moins\u00a0<strong>Lenny Martinez<\/strong>\u00a0(Team Bahrain Victorious) mais bien <strong>Guillaume Martin <\/strong>(Groupama-FDJ) ! Le Normand a pris la 10e place de l&rsquo;\u00e9tape reine en conc\u00e9dant 3&rsquo;51 sur le vainqueur du jour, <strong><a href=\"https:\/\/www.cyclismactu.net\/..\/news-cyclisme-route-criterium-du-dauphine-tadej-pogacar-une-nouvelle-fois-intouchable-sur-7e-etape-88354.html\" target=\"_blank\" rel=\"noopener\">Tadej Pogacar<\/a> <\/strong>(UAE Team Emirates), en ayant tent\u00e9 d&rsquo;int\u00e9grer l&rsquo;\u00e9chapp\u00e9e dans le Col de la Croix de Fer (22,4 km \u00e0 7 %), des signes positifs avant de partager le leadership de l&rsquo;\u00e9quipe fran\u00e7aise sur le <strong>Tour de France <\/strong>avec <strong>David Gaudu<\/strong>.<\/p>\n<p>Vid\u00e9o &#8211; Guillaume Martin a fini juste devant Paul Seixas ce samedi Lire la suite de l&rsquo;article&#13;<\/p>\n<p>\u00a0<\/p>\n<p>&#13;<br \/>\n\u00ab\u00a0Toujours plus agr\u00e9able d&rsquo;\u00eatre offensif\u00a0\u00bb&#13;<\/p>\n<p>Sur le site de la <strong>Groupama-FDJ<\/strong>, <strong>Guillaume Martin<\/strong>\u00a0a expliqu\u00e9 la strat\u00e9gie d&rsquo;anticipation de l&rsquo;\u00e9quipe fran\u00e7aise :\u00a0\u00ab\u00a0On sait que face \u00e0 des coureurs comme Pogacar, il est impossible de gagner \u00e0 la r\u00e9guli\u00e8re.\u00a0La seule solution qu\u2019il nous reste est d\u2019anticiper, ce qu\u2019a tr\u00e8s bien fait Cl\u00e9ment en prenant l\u2019\u00e9chapp\u00e9e. Puis, j\u2019ai vu que l\u2019\u00e9cart n\u2019\u00e9tait pas \u00e9norme dans la Croix de Fer et \u00e7a me semblait jouable de boucher le trou. Je suis donc sorti en contre, et je pense que c\u2019\u00e9tait un coup \u00e0 tenter. \u00c7a ne m\u2019a pas tant handicap\u00e9 que \u00e7a pour la suite car il aurait quoi qu\u2019il en soit fallu monter tr\u00e8s vite dans le groupe maillot jaune. Et c\u2019est toujours plus agr\u00e9able d\u2019\u00eatre offensif que de subir\u00a0\u00bb.<\/p>\n<p>&#13;<\/p>\n<p>\u00ab\u00a0Les jambes n\u2019\u00e9taient pas terribles en d\u00e9but de semaine, donc je n\u2019\u00e9tais pas tr\u00e8s ambitieux pour le week-end.\u00a0Mais parfois, il y a de bonnes surprises. Il s\u2019av\u00e8re que je suis plut\u00f4t dans le coup depuis hier, et comme souvent me concernant, je suis de mieux en mieux sur chaque \u00e9tape de montagne. Un top 10 sur une telle \u00e9tape avec ce niveau, c\u2019est pas mal, et c\u2019est surtout bien d\u2019\u00eatre dans le match. On verra lors de la derni\u00e8re \u00e9tape s\u2019il y a une petite ouverture pour envisager la victoire d\u2019\u00e9tape. Sinon, on essaiera de grappiller deux places au g\u00e9n\u00e9ral. \u00c7a ne sera pas simple, mais la symbolique du top 10 est toujours sympa\u00a0\u00bb.<\/p>\n<p>&#13;<\/p>\n<p>De plus, le grimpeur Normand a salu\u00e9 la prestation de son co\u00e9quipier, <strong>Cl\u00e9ment Braz Afonso<\/strong>, parti dans l&rsquo;\u00e9chapp\u00e9e matinale et 25e \u00e0\u00a0Valmeinier 1800 :\u00a0\u00ab\u00a0Cl\u00e9ment a fait une super \u00e9tape.\u00a0C\u2019\u00e9tait vraiment plaisant de l\u2019avoir \u00e0 mes c\u00f4t\u00e9s. Il faut se rendre compte qu\u2019en haut de La Croix de Fer, on n\u2019\u00e9tait plus que quinze coureurs dont deux Groupama-FDJ. \u00c7a souligne qu\u2019il a pass\u00e9 un cap physiquement et je sais depuis le week-end franc-comtois qu\u2019il est assez incroyable dans ce r\u00f4le de co\u00e9quipier.\u00a0<\/p>\n<p>&#13;<br \/>\nCriterium du Dauphine &#8211; Classement de la 7\u00e8 \u00e9tape Criterium du Dauphine &#8211; Classement g\u00e9n\u00e9ral provisoire apr\u00e8s la 7\u00e8 \u00e9tape<\/p>\n","protected":false},"excerpt":{"rendered":"Le premier Fran\u00e7ais ce samedi lors de la 7e \u00e9tape du Crit\u00e9rium du Dauphin\u00e9 n&rsquo;\u00e9tait pas Paul Seixas&hellip;\n","protected":false},"author":2,"featured_media":177284,"comment_status":"","ping_status":"","sticky":false,"template":"","format":"standard","meta":{"footnotes":""},"categories":[1411],"tags":[24803,1154,207,211,1011,27,209,60,210,212,208,213],"class_list":{"0":"post-177873","1":"post","2":"type-post","3":"status-publish","4":"format-standard","5":"has-post-thumbnail","7":"category-cyclisme","8":"tag-criterium-du-dauphine","9":"tag-cycling","10":"tag-cyclisme","11":"tag-ffc","12":"tag-fr","13":"tag-france","14":"tag-route","15":"tag-sports","16":"tag-tour-de-france","17":"tag-uci","18":"tag-velo","19":"tag-world-tour"},"share_on_mastodon":{"url":"https:\/\/pubeurope.com\/@fr\/114686263482847607","error":""},"_links":{"self":[{"href":"https:\/\/www.europesays.com\/fr\/wp-json\/wp\/v2\/posts\/177873","targetHints":{"allow":["GET"]}}],"collection":[{"href":"https:\/\/www.europesays.com\/fr\/wp-json\/wp\/v2\/posts"}],"about":[{"href":"https:\/\/www.europesays.com\/fr\/wp-json\/wp\/v2\/types\/post"}],"author":[{"embeddable":true,"href":"https:\/\/www.europesays.com\/fr\/wp-json\/wp\/v2\/users\/2"}],"replies":[{"embeddable":true,"href":"https:\/\/www.europesays.com\/fr\/wp-json\/wp\/v2\/comments?post=177873"}],"version-history":[{"count":0,"href":"https:\/\/www.europesays.com\/fr\/wp-json\/wp\/v2\/posts\/177873\/revisions"}],"wp:featuredmedia":[{"embeddable":true,"href":"https:\/\/www.europesays.com\/fr\/wp-json\/wp\/v2\/media\/177284"}],"wp:attachment":[{"href":"https:\/\/www.europesays.com\/fr\/wp-json\/wp\/v2\/media?parent=177873"}],"wp:term":[{"taxonomy":"category","embeddable":true,"href":"https:\/\/www.europesays.com\/fr\/wp-json\/wp\/v2\/categories?post=177873"},{"taxonomy":"post_tag","embeddable":true,"href":"https:\/\/www.europesays.com\/fr\/wp-json\/wp\/v2\/tags?post=177873"}],"curies":[{"name":"wp","href":"https:\/\/api.w.org\/{rel}","templated":true}]}}