{"id":17789,"date":"2025-04-11T16:59:09","date_gmt":"2025-04-11T16:59:09","guid":{"rendered":"https:\/\/www.europesays.com\/fr\/17789\/"},"modified":"2025-04-11T16:59:09","modified_gmt":"2025-04-11T16:59:09","slug":"opera-de-strasbourg-le-projet-de-rehabilitation-ambitieux-fait-grincer-les-dents","status":"publish","type":"post","link":"https:\/\/www.europesays.com\/fr\/17789\/","title":{"rendered":"Op\u00e9ra de Strasbourg\u00a0:\u00a0le projet de r\u00e9habilitation \u00ab\u00a0ambitieux\u00a0\u00bb fait grincer les dents"},"content":{"rendered":"<p>La maire \u00e9cologiste de la ville a d\u00e9voil\u00e9 vendredi 11 avril un programme de 120 millions d\u2019euros pour remettre aux normes le b\u00e2timent historique de l\u2019Op\u00e9ra National du Rhin, aussit\u00f4t contest\u00e9 par son opposition.<\/p>\n<p class=\"fig-paragraph\">\u00c0 un an des \u00e9lections municipales, la maire \u00e9cologiste de Strasbourg,\u00a0<a href=\"http:\/\/www.lefigaro.fr\/politique\/municipales-2026-a-strasbourg-l-ecologiste-jeanne-barseghian-attaquee-de-toute-part-20250321\" data-fig-type=\"Article\" data-gtm-custom-categorie=\"navigation\" data-gtm-custom-action=\"crossclick\" data-gtm-custom-label=\"Contextuel\" data-gtm-event=\"customEventSPE\" data-fig-domain=\"LEFIGARO\" target=\"_blank\" rel=\"noopener\">Jeanne Barseghian<\/a>, vient de d\u00e9voiler \u00ab\u00a0un projet de r\u00e9habilitation ambitieux\u00a0\u00bb de l\u2019Op\u00e9ra national du Rhin, un b\u00e2timent n\u00e9o-classique datant du d\u00e9but du XIXe si\u00e8cle, qui sera \u00ab\u00a0transform\u00e9, agrandi et r\u00e9interpr\u00e9t\u00e9\u00a0\u00bb. La note sera sal\u00e9e, avec un investissement a minima de 120 millions d\u2019euros. Une paille cependant par rapport aux 560 millions investis dans l\u2019op\u00e9ra de Karlsruhe. Les travaux, pr\u00e9vus pour durer cinq ans, ne d\u00e9marreront pas avant 2028. De l\u2019eau coulera d\u2019ici l\u00e0 sous le pont de l\u2019Ill voisine.<\/p>\n<p class=\"fig-paragraph\">Si les \u00e9cologistes ont tra\u00een\u00e9 les pieds pour r\u00e9nover le th\u00e9\u00e2tre municipal de la place Broglie, qui affiche, selon le directeur actuel Alain Perroux un taux de remplissage de 97%, avec un tiers de jeunes de moins de 26 ans, et emploie 244 agents, ils n\u2019ont pas \u00e9t\u00e9 les seuls \u00e0 procrastiner. La derni\u00e8re r\u00e9fection de la cage de sc\u00e8ne date de 1941, celle de la salle de 1964. La question de la mise en s\u00e9curit\u00e9 du b\u00e2timent\u2026<\/p>\n<p class=\"fig-premium-paywall__infos\">\n        Cet article est r\u00e9serv\u00e9 aux abonn\u00e9s.        Il vous reste 82% \u00e0 d\u00e9couvrir.\n    <\/p>\n<p>                <img  data- alt=\"Le Figaro\" class=\"fig-img--complete fig-img\"\/><\/p>\n<p class=\"fig-premium-paywall__title\">Vous avez envie de lire la suite ?<\/p>\n<p class=\"fig-premium-paywall__subtitle\">D\u00e9bloquez tous les articles imm\u00e9diatement.<\/p>\n<p class=\"fig-premium-paywall__connect\">\n                D\u00e9j\u00e0 abonn\u00e9\u00a0?                <a class=\"fig-premium-paywall__connect-link\" href=\"https:\/\/connect.lefigaro.fr\/login?client=horizon_web&amp;type=main&amp;redirect_uri=https%3A%2F%2Fwww.lefigaro.fr%2Fculture%2Fopera-de-strasbourg-le-projet-de-rehabilitation-ambitieux-fait-grincer-les-dents-20250411\" data-js-gtm=\"{&quot;customCategorie&quot;: &quot;conversion&quot;, &quot;customAction&quot;: &quot;before_Landing_Connexion_paywall_auto&quot;, &quot;customLabel&quot;: &quot;bGVmaWdhcm8uZnJfXzFmMDE2ZTkzLTE1OWUtNmM4Mi1hNjhiLTFkMmIyMTkyOTk2Yl9fQXJ0aWNsZQ==_Op\u00e9ra de Strasbourg\u00a0:\u00a0le projet de r\u00e9habilitation \u00ab\u00a0ambitieux\u00a0\u00bb fait grincer les dents_413&quot;, &quot;customIDSPE&quot;: &quot;bGVmaWdhcm8uZnJfXzFmMDE2ZTkzLTE1OWUtNmM4Mi1hNjhiLTFkMmIyMTkyOTk2Yl9fQXJ0aWNsZQ==&quot;, &quot;event&quot;: &quot;customEventSPE&quot;}\" target=\"_blank\" rel=\"noopener\"><br \/>\n                    Connectez-vous<br \/>\n                <\/a>\n            <\/p>\n","protected":false},"excerpt":{"rendered":"La maire \u00e9cologiste de la ville a d\u00e9voil\u00e9 vendredi 11 avril un programme de 120 millions d\u2019euros pour&hellip;\n","protected":false},"author":2,"featured_media":17790,"comment_status":"","ping_status":"","sticky":false,"template":"","format":"standard","meta":{"footnotes":""},"categories":[2820],"tags":[1111,47,11,1350,1348,1345,650,251,1777,674,1349,1346,1011,27,775,7125,1351,873,12,7165,25,640,252,1347,1352],"class_list":{"0":"post-17789","1":"post","2":"type-post","3":"status-publish","4":"format-standard","5":"has-post-thumbnail","7":"category-strasbourg","8":"tag-actu","9":"tag-actualite","10":"tag-actualites","11":"tag-architecture","12":"tag-arts","13":"tag-cine","14":"tag-cinema","15":"tag-culture","16":"tag-eu","17":"tag-europe","18":"tag-expositions","19":"tag-films","20":"tag-fr","21":"tag-france","22":"tag-grand-est","23":"tag-jeanne-barseghian","24":"tag-litterature","25":"tag-musique","26":"tag-news","27":"tag-opera","28":"tag-republique-francaise","29":"tag-strasbourg","30":"tag-television","31":"tag-theatre","32":"tag-urbanisme"},"share_on_mastodon":{"url":"https:\/\/pubeurope.com\/@fr\/114320399751431632","error":""},"_links":{"self":[{"href":"https:\/\/www.europesays.com\/fr\/wp-json\/wp\/v2\/posts\/17789","targetHints":{"allow":["GET"]}}],"collection":[{"href":"https:\/\/www.europesays.com\/fr\/wp-json\/wp\/v2\/posts"}],"about":[{"href":"https:\/\/www.europesays.com\/fr\/wp-json\/wp\/v2\/types\/post"}],"author":[{"embeddable":true,"href":"https:\/\/www.europesays.com\/fr\/wp-json\/wp\/v2\/users\/2"}],"replies":[{"embeddable":true,"href":"https:\/\/www.europesays.com\/fr\/wp-json\/wp\/v2\/comments?post=17789"}],"version-history":[{"count":0,"href":"https:\/\/www.europesays.com\/fr\/wp-json\/wp\/v2\/posts\/17789\/revisions"}],"wp:featuredmedia":[{"embeddable":true,"href":"https:\/\/www.europesays.com\/fr\/wp-json\/wp\/v2\/media\/17790"}],"wp:attachment":[{"href":"https:\/\/www.europesays.com\/fr\/wp-json\/wp\/v2\/media?parent=17789"}],"wp:term":[{"taxonomy":"category","embeddable":true,"href":"https:\/\/www.europesays.com\/fr\/wp-json\/wp\/v2\/categories?post=17789"},{"taxonomy":"post_tag","embeddable":true,"href":"https:\/\/www.europesays.com\/fr\/wp-json\/wp\/v2\/tags?post=17789"}],"curies":[{"name":"wp","href":"https:\/\/api.w.org\/{rel}","templated":true}]}}