{"id":177898,"date":"2025-06-15T07:58:10","date_gmt":"2025-06-15T07:58:10","guid":{"rendered":"https:\/\/www.europesays.com\/fr\/177898\/"},"modified":"2025-06-15T07:58:10","modified_gmt":"2025-06-15T07:58:10","slug":"atletico-de-madrid-sur-quelle-chaine-et-a-quelle-heure-voir-le-match-de-la-coupe-du-monde-des-clubs","status":"publish","type":"post","link":"https:\/\/www.europesays.com\/fr\/177898\/","title":{"rendered":"Atl\u00e9tico de Madrid : Sur quelle cha\u00eene et \u00e0 quelle heure voir le match de la Coupe du monde des clubs ?"},"content":{"rendered":"<p>Le flambant champion d&rsquo;Europe part \u00e0 la conqu\u00eate du monde aux \u00c9tats-Unis. Au pays de l&rsquo;Oncle Sam, le PSG d\u00e9marre sa campagne dans la Coupe du monde des clubs, dimanche \u00e0 21 heures, contre l&rsquo;Atl\u00e9tico de Madrid. C&rsquo;est la 1re journ\u00e9e du Groupe B comprenant \u00e9galement Botafogo et Seattle.<\/p>\n<p>\u00c0 quelle heure et sur quelle cha\u00eene voir PSG &#8211; Atl\u00e9tico de Madrid<\/p>\n<p>Le match entre les Parisiens et les Colchoneros sera diffus\u00e9 sur <a href=\"https:\/\/www.20minutes.fr\/dossier\/tf1\" class=\"color-ultramarine c-link\" rel=\"nofollow noopener\" target=\"_blank\">TF1<\/a> et sur Amazon Prime, gratuitement, le dimanche 15 juin \u00e0 21 heures.<\/p>\n<p>Premier match du champion d&rsquo;Europe<\/p>\n<p>Il y a deux semaines, les hommes de <a href=\"https:\/\/www.20minutes.fr\/dossier\/luis_enrique\" class=\"color-ultramarine c-link\" rel=\"nofollow noopener\" target=\"_blank\">Luis Enrique<\/a> \u00e9taient rentr\u00e9s dans l&rsquo;histoire du football mondial en atomisant l&rsquo;<a href=\"https:\/\/www.20minutes.fr\/dossier\/inter\" class=\"color-ultramarine c-link\" rel=\"nofollow noopener\" target=\"_blank\">Inter<\/a> (5-0) en finale de la Ligu des Champions au terme d&rsquo;une prestation exceptionnelle. Dimanche soir, ils vont tenter de r\u00e9ussir leur entr\u00e9e en lice dans cette nouvelle comp\u00e9tition, sur la pelouse du Rose Bowl de Pasadena (<a href=\"https:\/\/www.20minutes.fr\/dossier\/californie\" class=\"color-ultramarine c-link\" rel=\"nofollow noopener\" target=\"_blank\">Californie<\/a>), pouvant accueillir 89 702 supporteurs, contre l\u2019Atl\u00e9tico Madrid.<\/p>\n<p class=\"mb-m@xs text-l@xs\">En cliquant sur\u00ab J\u2019accepte \u00bb, vous acceptez le d\u00e9p\u00f4t de cookies par des services externes et aurez ainsi acc\u00e8s aux contenus de nos partenaires.<\/p>\n<p class=\"mb-xl@xs text-s@xs\">Plus d\u2019informations sur la page<a href=\"https:\/\/www.20minutes.fr\/gestion-cookies\" class=\"mx-xxs@xs color-ultramarine\" rel=\"nofollow noopener\" target=\"_blank\">Politique de gestion des cookies<\/a><\/p>\n<p>J\u2019accepteL&rsquo;Atl\u00e9tico veut refaire le coup<\/p>\n<p>D\u00e9but novembre, l&rsquo;\u00e9quipe de Diego Simeone s&rsquo;\u00e9tait impos\u00e9e contre les Parisiens en phase de poule unique de la <a href=\"https:\/\/www.20minutes.fr\/sport\/ligue_des_champions\/\" class=\"color-ultramarine c-link\" rel=\"nofollow noopener\" target=\"_blank\">Ligue des Champions<\/a>, au Parc des Princes (1-2). De l&rsquo;eau a coul\u00e9 sous les ponts depuis, et les Colcheros ont termin\u00e9 3es de la Liga, derri\u00e8re le Bar\u00e7a et le <a href=\"https:\/\/www.20minutes.fr\/sport\/real_madrid\/\" class=\"color-ultramarine c-link\" rel=\"nofollow noopener\" target=\"_blank\">Real Madrid<\/a>. Apr\u00e8s cette rencontre, les deux \u00e9quipes devront affronter les Br\u00e9siliens de Botafogo, vainqueurs de la derni\u00e8re Copa Libertadores, et <a href=\"https:\/\/www.20minutes.fr\/dossier\/seattle\" class=\"color-ultramarine c-link\" rel=\"nofollow noopener\" target=\"_blank\">Seattle<\/a>.<\/p>\n<p>Les compos probables<\/p>\n<ul>\n<li>PSG : Donnarumma &#8211; Mendes, Pacho, <a href=\"https:\/\/www.20minutes.fr\/dossier\/marquinhos\" class=\"color-ultramarine c-link\" rel=\"nofollow noopener\" target=\"_blank\">Marquinhos<\/a>, Hakimi &#8211; Neves, Ruiz, Vitinha &#8211; Khvicha Kvaratskhelia, Ramos, Dou\u00e9<\/li>\n<li>Atl\u00e9tico de Madrid : Oblak &#8211; Gal\u00e1n, Le Normand, Gim\u00e9nez, Llorente &#8211; De Paul, Koke &#8211; Lino, Griezmann, Alvarez, Simeone<\/li>\n<\/ul>\n","protected":false},"excerpt":{"rendered":"Le flambant champion d&rsquo;Europe part \u00e0 la conqu\u00eate du monde aux \u00c9tats-Unis. Au pays de l&rsquo;Oncle Sam, le&hellip;\n","protected":false},"author":2,"featured_media":177899,"comment_status":"","ping_status":"","sticky":false,"template":"","format":"standard","meta":{"footnotes":""},"categories":[2],"tags":[11,29295,31402,63,1011,27,12,2332,517],"class_list":{"0":"post-177898","1":"post","2":"type-post","3":"status-publish","4":"format-standard","5":"has-post-thumbnail","7":"category-actualites","8":"tag-actualites","9":"tag-atletico-madrid","10":"tag-coupe-du-monde-des-clubs-2025","11":"tag-football","12":"tag-fr","13":"tag-france","14":"tag-news","15":"tag-paris-saint-germain-psg","16":"tag-sport"},"share_on_mastodon":{"url":"https:\/\/pubeurope.com\/@fr\/114686322592214913","error":""},"_links":{"self":[{"href":"https:\/\/www.europesays.com\/fr\/wp-json\/wp\/v2\/posts\/177898","targetHints":{"allow":["GET"]}}],"collection":[{"href":"https:\/\/www.europesays.com\/fr\/wp-json\/wp\/v2\/posts"}],"about":[{"href":"https:\/\/www.europesays.com\/fr\/wp-json\/wp\/v2\/types\/post"}],"author":[{"embeddable":true,"href":"https:\/\/www.europesays.com\/fr\/wp-json\/wp\/v2\/users\/2"}],"replies":[{"embeddable":true,"href":"https:\/\/www.europesays.com\/fr\/wp-json\/wp\/v2\/comments?post=177898"}],"version-history":[{"count":0,"href":"https:\/\/www.europesays.com\/fr\/wp-json\/wp\/v2\/posts\/177898\/revisions"}],"wp:featuredmedia":[{"embeddable":true,"href":"https:\/\/www.europesays.com\/fr\/wp-json\/wp\/v2\/media\/177899"}],"wp:attachment":[{"href":"https:\/\/www.europesays.com\/fr\/wp-json\/wp\/v2\/media?parent=177898"}],"wp:term":[{"taxonomy":"category","embeddable":true,"href":"https:\/\/www.europesays.com\/fr\/wp-json\/wp\/v2\/categories?post=177898"},{"taxonomy":"post_tag","embeddable":true,"href":"https:\/\/www.europesays.com\/fr\/wp-json\/wp\/v2\/tags?post=177898"}],"curies":[{"name":"wp","href":"https:\/\/api.w.org\/{rel}","templated":true}]}}