{"id":177900,"date":"2025-06-15T07:59:38","date_gmt":"2025-06-15T07:59:38","guid":{"rendered":"https:\/\/www.europesays.com\/fr\/177900\/"},"modified":"2025-06-15T07:59:38","modified_gmt":"2025-06-15T07:59:38","slug":"loire-interpelles-le-pere-et-son-fils-tentaient-de-voler-une-voiture-a-saint-etienne","status":"publish","type":"post","link":"https:\/\/www.europesays.com\/fr\/177900\/","title":{"rendered":"Loire. Interpell\u00e9s, le p\u00e8re et son fils tentaient de voler une voiture \u00e0 Saint-\u00c9tienne"},"content":{"rendered":"<p>Les vols d\u2019accessoires automobiles sont en hausse dans la Loire d\u2019apr\u00e8s un bilan \u00e9tabli par le minist\u00e8re de l\u2019Int\u00e9rieur, il y a quelques mois. Mais les forces de l\u2019ordre sont aussi r\u00e9guli\u00e8rement confront\u00e9es \u00e0 des vols ou tentatives de vols de v\u00e9hicules dans le d\u00e9partement. Et ce mardi 10\u00a0juin, vers 2 heures du matin, les policiers de <a href=\"https:\/\/www.leprogres.fr\/faits-divers-justice\/2024\/02\/10\/police-a-la-chasse-aux-flagrants-delits-avec-la-bac-de-nuit\" target=\"_blank\" rel=\"nofollow noopener\">la Brigade anticriminalit\u00e9<\/a> ont sans doute r\u00e9ussi \u00e0 un propri\u00e9taire de perdre son bien.<\/p>\n<p>En effet, alors qu\u2019ils circulent dans le quartier de la Richelandi\u00e8re\/Montplaisir, les membres de cette unit\u00e9 aper\u00e7oivent une silhouette affair\u00e9e sous le volant d\u2019une Citro\u00ebn C4.<\/p>\n<p>  Une tablette branch\u00e9e au tableau de bord<\/p>\n<p>Les fonctionnaires se positionnent \u00e0 sa hauteur et constatent qu\u2019une tablette est branch\u00e9e sur le tableau de bord et qu\u2019un d\u00e9flecteur est cass\u00e9. Mais avant qu\u2019ils puissent intervenir, l\u2019homme prend la fuite en direction d\u2019un second v\u00e9hicule de type Peugeot Expert, moteur tournant, dans lequel l\u2019attend un second individu.<\/p>\n<p>Les policiers vont toutefois rapidement faire le n\u00e9cessaire afin d\u2019emp\u00eacher le duo d\u2019\u00e9chapper au contr\u00f4le. Ils d\u00e9couvrent alors qu\u2019il s\u2019agit de deux personnes issues d\u2019une m\u00eame famille. Tandis que le p\u00e8re, \u00e2g\u00e9 de 49 ans, tentait de faire d\u00e9marrer la berline fran\u00e7aise, c\u2019est son fils, \u00e2g\u00e9 de 18 ans, qui l\u2019attendait \u00e0 bord du petit utilitaire.<\/p>\n<p>Interpell\u00e9s puis plac\u00e9s en garde \u00e0 vue, les deux St\u00e9phanois se sont vu assigner, \u00e0 l\u2019issue, une convocation devant <a href=\"https:\/\/www.leprogres.fr\/d\/un-an-au-palais-le-tribunal-judiciaire-de-saint-etienne-9784763a-38ab-4aad-aaef-38078a2601cd\" target=\"_blank\" rel=\"nofollow noopener\">le tribunal correctionnel de Saint-\u00c9tienne<\/a> au cours des prochaines semaines. Ils devront r\u00e9pondre d\u2019une tentative de vol.<\/p>\n","protected":false},"excerpt":{"rendered":"Les vols d\u2019accessoires automobiles sont en hausse dans la Loire d\u2019apr\u00e8s un bilan \u00e9tabli par le minist\u00e8re de&hellip;\n","protected":false},"author":2,"featured_media":177901,"comment_status":"","ping_status":"","sticky":false,"template":"","format":"standard","meta":{"footnotes":""},"categories":[9653],"tags":[1111,11,646,2430,271,272,7539,1777,674,274,107,1011,27,3367,12,25,4001,7538,104],"class_list":{"0":"post-177900","1":"post","2":"type-post","3":"status-publish","4":"format-standard","5":"has-post-thumbnail","7":"category-saint-etienne","8":"tag-actu","9":"tag-actualites","10":"tag-automobile","11":"tag-auvergne-rhone-alpes","12":"tag-crime","13":"tag-delit-et-contravention","14":"tag-edition-loire-sud","15":"tag-eu","16":"tag-europe","17":"tag-faits-divers-justice","18":"tag-fil-info","19":"tag-fr","20":"tag-france","21":"tag-loire","22":"tag-news","23":"tag-republique-francaise","24":"tag-saint-etienne","25":"tag-saint-etienne-ville","26":"tag-societe"},"share_on_mastodon":{"url":"https:\/\/pubeurope.com\/@fr\/114686326488436562","error":""},"_links":{"self":[{"href":"https:\/\/www.europesays.com\/fr\/wp-json\/wp\/v2\/posts\/177900","targetHints":{"allow":["GET"]}}],"collection":[{"href":"https:\/\/www.europesays.com\/fr\/wp-json\/wp\/v2\/posts"}],"about":[{"href":"https:\/\/www.europesays.com\/fr\/wp-json\/wp\/v2\/types\/post"}],"author":[{"embeddable":true,"href":"https:\/\/www.europesays.com\/fr\/wp-json\/wp\/v2\/users\/2"}],"replies":[{"embeddable":true,"href":"https:\/\/www.europesays.com\/fr\/wp-json\/wp\/v2\/comments?post=177900"}],"version-history":[{"count":0,"href":"https:\/\/www.europesays.com\/fr\/wp-json\/wp\/v2\/posts\/177900\/revisions"}],"wp:featuredmedia":[{"embeddable":true,"href":"https:\/\/www.europesays.com\/fr\/wp-json\/wp\/v2\/media\/177901"}],"wp:attachment":[{"href":"https:\/\/www.europesays.com\/fr\/wp-json\/wp\/v2\/media?parent=177900"}],"wp:term":[{"taxonomy":"category","embeddable":true,"href":"https:\/\/www.europesays.com\/fr\/wp-json\/wp\/v2\/categories?post=177900"},{"taxonomy":"post_tag","embeddable":true,"href":"https:\/\/www.europesays.com\/fr\/wp-json\/wp\/v2\/tags?post=177900"}],"curies":[{"name":"wp","href":"https:\/\/api.w.org\/{rel}","templated":true}]}}