{"id":177904,"date":"2025-06-15T08:02:12","date_gmt":"2025-06-15T08:02:12","guid":{"rendered":"https:\/\/www.europesays.com\/fr\/177904\/"},"modified":"2025-06-15T08:02:12","modified_gmt":"2025-06-15T08:02:12","slug":"les-syndicats-unis-dans-la-douleur-et-la-reponse","status":"publish","type":"post","link":"https:\/\/www.europesays.com\/fr\/177904\/","title":{"rendered":"les syndicats unis dans la douleur et la r\u00e9ponse"},"content":{"rendered":"<p>Ce jeudi au rectorat, la traditionnelle r\u00e9union du conseil d\u2019administration de l\u2019Acad\u00e9mie Nancy\/Metz a naturellement \u00e9t\u00e9 rattrap\u00e9e par l\u2019actualit\u00e9. Le drame de Nogent, un de plus, un de trop, sera-t-il celui d\u2019une prise de conscience\u00a0? Avec la volont\u00e9 d\u2019y croire, le syndicat UNSA avait alert\u00e9\u00a0: \u00ab\u00a0 <a href=\"https:\/\/www.estrepublicain.fr\/faits-divers-justice\/2025\/06\/11\/surveillante-tuee-par-un-collegien-suivez-la-conference-de-presse-du-procureur-de-chaumont\" target=\"_blank\" rel=\"noopener\">Ce drame<\/a> doit \u00eatre un \u00e9lectrochoc, pas un fait divers de plus. Il est de notre responsabilit\u00e9 collective de ne pas laisser l\u2019\u00e9motion se dissiper sans r\u00e9ponse concr\u00e8te\u00a0\u00bb.<\/p>\n<p>Au sortir de la r\u00e9union, Snalc, Sud, Unsa, Cfdt, FSU, CGT\u00a0exprimaient unanimement sid\u00e9ration et douleur sur le perron du rectorat. Des prises de parole ont \u00e9t\u00e9 suivies d\u2019une minute de silence en hommage de M\u00e9lanie Grapinet, poignard\u00e9e par un \u00e9l\u00e8ve. L\u2019\u00e9motion \u00e9tait palpable.<\/p>\n<p>Pour SNUipp FSU 54, Anne Hautenauve rappelle\u00a0: \u00ab\u00a0L\u2019\u00e9cole n\u2019est qu\u2019un miroir de la soci\u00e9t\u00e9, pas plus et pas moins violente. Il faut de l\u2019accompagnement, des adultes. Le tout s\u00e9curitaire est une r\u00e9ponse, pas la solution. Et en parall\u00e8le dans mon \u00e9cole o\u00f9 nous avons une infirmi\u00e8re de rattachement, elle n\u2019y effectue qu\u2019une demi-journ\u00e9e par semaine car elle doit faire le tour des \u00e9coles de sa circonscription\u00a0\u00bb.<\/p>\n<p>En filigrane, lorsque certains souhaitent des portiques aux entr\u00e9es d\u2019\u00e9coles, le dispositif de fouille de sac inopin\u00e9e aux entr\u00e9es d\u2019\u00e9tablissements scolaires n\u2019a, \u00e0 cet instant rien r\u00e9solu.<\/p>\n<p>  L\u2019arriv\u00e9e de P\u00f4le d\u2019Appui Sant\u00e9<\/p>\n<p>\u00c0 d\u00e9faut de cibler, nommer, diagnostiquer ce mal qui parasite la jeunesse, il y a ainsi une forme d\u2019urgence \u00e0 en soigner les sympt\u00f4mes. Depuis le meurtre d\u2019un jeune lyc\u00e9en en Essonne le 24\u00a0mars dernier, le Minist\u00e8re de l\u2019\u00e9ducation avait annonc\u00e9 la fouille de sac inopin\u00e9e \u00e0 l\u2019entr\u00e9e des coll\u00e8ges et lyc\u00e9es pour tenter de lutter contre les violences \u00e0 l\u2019\u00e9cole.<\/p>\n<p>Avec 6000 scolaires pri\u00e9s d\u2019ouvrir leur cartable en deux mois, 32 personnes mises en garde \u00e0 vue et 186 couteaux d\u00e9couverts \u00e0 l\u2019\u00e9chelon national, le Premier ministre avait annonc\u00e9 l \u201cintensification\u201d des contr\u00f4les, apr\u00e8s l\u2019attaque au couteau le 5\u00a0juin qui a fait un mort et trois bless\u00e9s dans un lyc\u00e9e de Nantes. Le meurtre d\u2019une surveillante sauvagement poignard\u00e9e par un \u00e9l\u00e8ve devant le coll\u00e8ge de Nogent survenait, ce mardi 10\u00a0juin\u2026 lors du d\u00e9ploiement de cette op\u00e9ration.<\/p>\n<p>Sur le terrain, la demande est prioritairement aux moyens humains lorsque la Cour des comptes rappelait le 20\u00a0mai dernier le sous-investissement profond de l\u2019\u00e9tat pour l\u2019\u00e9ducation (6,7\u00a0% du PIB en 2023 et 7,8\u00a0% en 1995). La timide r\u00e9ponse des assises de la sant\u00e9 de l\u2019\u00e9ducation nationale, le 14\u00a0mai dernier \u00e0 Paris, accouchait de 11 mesures dont la nomination de r\u00e9f\u00e9rents sant\u00e9 le mentale au niveau d\u00e9partemental et la nomination de 100 psychologues au niveau national.<\/p>\n<p>\u00ab\u00a0Pourvu qu\u2019on les attire. Il y a actuellement 1500 postes pour 500 occup\u00e9s chez les infirmi\u00e8res scolaires au niveau national. On a un souci d\u2019attractivit\u00e9 qui n\u2019est pas nouveau\u00a0\u00bb soulignait Magali Leclaire pour UNSA avant de reprendre \u00ab\u00a0Je suis en maternelle, on fait d\u00e9j\u00e0 des signalements, mais lorsque vous voyez qu\u2019un dossier MDPH met dix-huit mois avant une prise en charge, quelle solution\u00a0?\u00a0\u00bb. C\u2019est que le levier de l\u2019accompagnement social est tout aussi gripp\u00e9.<\/p>\n<p>L\u2019Acad\u00e9mie cherche pourtant des solutions pour la rentr\u00e9e 2025\/2026. Elles prendront la forme pour le premier degr\u00e9 en Meuse, d\u2019un P\u00f4le d\u2019appui \u00e0 la scolarit\u00e9 en collaboration avec l\u2019ARS. Deux circonscriptions des d\u00e9partements limitrophes accompagneront le mouvement. Rien qui ne freine les syndicats \u00e0 demander officiellement une r\u00e9union multilat\u00e9rale \u00e0 la ministre.<\/p>\n","protected":false},"excerpt":{"rendered":"Ce jeudi au rectorat, la traditionnelle r\u00e9union du conseil d\u2019administration de l\u2019Acad\u00e9mie Nancy\/Metz a naturellement \u00e9t\u00e9 rattrap\u00e9e par&hellip;\n","protected":false},"author":2,"featured_media":177905,"comment_status":"","ping_status":"","sticky":false,"template":"","format":"standard","meta":{"footnotes":""},"categories":[9635],"tags":[1111,11,3599,271,272,1704,1057,1777,674,274,1011,27,775,3457,1702,1703,12,25],"class_list":{"0":"post-177904","1":"post","2":"type-post","3":"status-publish","4":"format-standard","5":"has-post-thumbnail","7":"category-nancy","8":"tag-actu","9":"tag-actualites","10":"tag-college-lycee","11":"tag-crime","12":"tag-delit-et-contravention","13":"tag-edition-nancy-et-agglomeration","14":"tag-education","15":"tag-eu","16":"tag-europe","17":"tag-faits-divers-justice","18":"tag-fr","19":"tag-france","20":"tag-grand-est","21":"tag-meurthe-et-moselle","22":"tag-nancy","23":"tag-nancy-ville-54b","24":"tag-news","25":"tag-republique-francaise"},"share_on_mastodon":{"url":"https:\/\/pubeurope.com\/@fr\/114686338239053717","error":""},"_links":{"self":[{"href":"https:\/\/www.europesays.com\/fr\/wp-json\/wp\/v2\/posts\/177904","targetHints":{"allow":["GET"]}}],"collection":[{"href":"https:\/\/www.europesays.com\/fr\/wp-json\/wp\/v2\/posts"}],"about":[{"href":"https:\/\/www.europesays.com\/fr\/wp-json\/wp\/v2\/types\/post"}],"author":[{"embeddable":true,"href":"https:\/\/www.europesays.com\/fr\/wp-json\/wp\/v2\/users\/2"}],"replies":[{"embeddable":true,"href":"https:\/\/www.europesays.com\/fr\/wp-json\/wp\/v2\/comments?post=177904"}],"version-history":[{"count":0,"href":"https:\/\/www.europesays.com\/fr\/wp-json\/wp\/v2\/posts\/177904\/revisions"}],"wp:featuredmedia":[{"embeddable":true,"href":"https:\/\/www.europesays.com\/fr\/wp-json\/wp\/v2\/media\/177905"}],"wp:attachment":[{"href":"https:\/\/www.europesays.com\/fr\/wp-json\/wp\/v2\/media?parent=177904"}],"wp:term":[{"taxonomy":"category","embeddable":true,"href":"https:\/\/www.europesays.com\/fr\/wp-json\/wp\/v2\/categories?post=177904"},{"taxonomy":"post_tag","embeddable":true,"href":"https:\/\/www.europesays.com\/fr\/wp-json\/wp\/v2\/tags?post=177904"}],"curies":[{"name":"wp","href":"https:\/\/api.w.org\/{rel}","templated":true}]}}