{"id":177914,"date":"2025-06-15T08:07:30","date_gmt":"2025-06-15T08:07:30","guid":{"rendered":"https:\/\/www.europesays.com\/fr\/177914\/"},"modified":"2025-06-15T08:07:30","modified_gmt":"2025-06-15T08:07:30","slug":"natation-championnats-de-france-le-programme-des-bretilliens-engages-a-montpellier-sport","status":"publish","type":"post","link":"https:\/\/www.europesays.com\/fr\/177914\/","title":{"rendered":"Natation. Championnats de France\u00a0: le programme des Bretilliens engag\u00e9s \u00e0 Montpellier . Sport"},"content":{"rendered":"<p>Si L\u00e9on Marchand a \u00e9t\u00e9 dispens\u00e9, les nageurs bretilliens seront bien pr\u00e9sents aux championnats de France de natation, du samedi\u00a014 au jeudi 19\u00a0juin, \u00e0 Montpellier (H\u00e9rault). Emmen\u00e9e notamment par Yann Le Goff, membre du relais 4&#215;200\u00a0m fran\u00e7ais lors des Jeux olympiques de Paris, la d\u00e9l\u00e9gation du CPB Rennes comptera huit repr\u00e9sentants.<\/p>\n<p>Pour le CN Redon, Timoth\u00e9e est parvenu \u00e0 se qualifier sur deux \u00e9preuves, le 200\u00a0m 4\u00a0nages et le 200\u00a0m brasse.<\/p>\n<p>\u00c0 suivre aussi le Fougerais Melaine Lain\u00e9, licenci\u00e9 au club des \u00c9toiles 92. Voici leur programme.<\/p>\n<p><strong>Lire aussi.<\/strong> <a href=\"https:\/\/quimper.maville.com\/sport\/detail_-natation.-un-peu-dans-l-inconnu-sept-mois-apres-son-operation-ou-en-est-yann-le-goff-_7-6851702_actu.Htm\" target=\"_self\" rel=\"noopener\">\u00ab\u00a0Un peu dans l\u2019inconnu\u00a0\u00bb\u00a0: sept mois apr\u00e8s son op\u00e9ration, o\u00f9 en est Yann Le Goff\u00a0?<\/a><\/p>\n<p>Le programme des Bretilliens<\/p>\n<p>Samedi 14\u00a0juin<\/p>\n<p><strong>100\u00a0m papillon dames\u00a0:<\/strong> Laura Bournonville (CPB Rennes, s\u00e9rie \u00e0 10\u00a0h\u00a034). En cas de qualification, finale A \u00e0 18\u00a0h\u00a028.<\/p>\n<p><strong>50\u00a0m papillon messieurs\u00a0:<\/strong> Marin Debril (CPB Rennes, 11\u00a0h\u00a041), Simon Clusman (CPB Rennes, 11\u00a0h\u00a046), J\u00e9r\u00e9mie Luong (CPB Rennes, 11\u00a0h\u00a048). Finale A \u00e0 18\u00a0h\u00a044.<\/p>\n<p><strong>100\u00a0m brasse messieurs\u00a0:<\/strong> Ante-Nikola Krpina (CPB Rennes, 12\u00a0h\u00a007), Thomas Monteleone (CPB Rennes, 12\u00a0h\u00a014), Melaine Lain\u00e9 (\u00c9toiles 92, 12\u00a0h\u00a014). Finale A \u00e0 19\u00a0h\u00a006.<\/p>\n<p>Dimanche 15\u00a0juin<\/p>\n<p><strong>200\u00a0m nage libre messieurs\u00a0:<\/strong> Marin Debril (CPB Rennes, 11\u00a0h\u00a044), Simon Clusman (CPB Rennes, 11\u00a0h\u00a046), Yann Le Goff (CPB Rennes, 11\u00a0h\u00a049), Romain Piazza (CPB Rennes, 11\u00a0h\u00a049). Finale A \u00e0 18\u00a0h\u00a047.<\/p>\n<p>Lundi 16\u00a0juin<\/p>\n<p><strong>200m papillon dames<\/strong>\u00a0: Laura Bournonville (CPB Rennes, 10\u00a0h\u00a006). Finale A \u00e0 18\u00a0h\u00a016.<\/p>\n<p><strong>100\u00a0m nage libre messieurs\u00a0:<\/strong> Romain Piazza (CPB Rennes, 10\u00a0h\u00a019), J\u00e9r\u00e9mie Luong (CPB Rennes, 10\u00a0h\u00a024), Yann Le Goff (CPB Rennes, 10\u00a0h\u00a025). Finale A \u00e0 18\u00a0h\u00a026.<\/p>\n<p><strong>200\u00a0m papillon messieurs\u00a0:<\/strong> Marin Debril (CPB Rennes, 11\u00a0h\u00a050). Finale A \u00e0 18\u00a0h\u00a047.<\/p>\n<p>Mardi 17\u00a0juin<\/p>\n<p><strong>200\u00a0m dos messieurs\u00a0:<\/strong> Simon Clusman (CPB Rennes, 10\u00a0h\u00a008). Finale A \u00e0 18\u00a0h\u00a016.<\/p>\n<p><strong>50\u00a0m brasse messieurs\u00a0:<\/strong> Ante-Nikola Krpina (CPB Rennes, 10\u00a0h\u00a029), Thomas Monteleone (CPB Rennes, 10\u00a0h\u00a034), Melaine Lain\u00e9 (\u00c9toiles 92, 10\u00a0h\u00a035). Finale A \u00e0 18\u00a0h\u00a042.<\/p>\n<p><strong>200\u00a0m 4\u00a0nages\u00a0:<\/strong> Timoth\u00e9e Stienne (CN Redon, 11\u00a0h\u00a048), Yann Le Goff (CPB Rennes, 11\u00a0h\u00a053). Finale A \u00e0 18\u00a0h\u00a058.<\/p>\n<p>Mercredi 18\u00a0juin<\/p>\n<p><strong>200\u00a0m brasse messieurs<\/strong>\u00a0: Timoth\u00e9e Stienne (CN Redon, 10\u00a0h\u00a022), Ante-Nikola Krpina (CPB Rennes, 10\u00a0h\u00a028), Melaine Lain\u00e9 (\u00c9toiles 92, 10\u00a0h\u00a035). Finale A \u00e0 18\u00a0h\u00a048.<\/p>\n<p><strong>50\u00a0m nage libre messieurs\u00a0:<\/strong> Romain Piazza (CPB Rennes, 11\u00a0h\u00a041), Thomas Monteleone (CPB Rennes, 11\u00a0h\u00a042), Yann Le Goff (CPB Rennes, 11\u00a0h\u00a049), J\u00e9r\u00e9mie Luong (CPB Rennes, 11\u00a0h\u00a049). Finale A \u00e0 19\u00a0h\u00a003.<\/p>\n<p><strong>50\u00a0m papillon dames\u00a0:<\/strong> Laura Bournonville (CPB Rennes, 11\u00a0h\u00a053). Finale A \u00e0 18\u00a0h\u00a057.<\/p>\n<p>Jeudi 19\u00a0juin<\/p>\n<p><strong>100\u00a0m papillon messieurs\u00a0:<\/strong> Marin Debril (CPB Rennes, 10\u00a0h\u00a001), Melaine Lain\u00e9 (CPB Rennes, 10\u00a0h\u00a001), Simon Clusman (CPB Rennes, 10\u00a0h\u00a010). Finale A \u00e0 18\u00a0h\u00a003.<\/p>\n<p><strong>50\u00a0m dos messieurs\u00a0:<\/strong> Simon Clusman (CPB Rennes, 10\u00a0h\u00a024). Finale A \u00e0 18\u00a0h\u00a026.<\/p>\n<p>\u00a0<\/p>\n","protected":false},"excerpt":{"rendered":"Si L\u00e9on Marchand a \u00e9t\u00e9 dispens\u00e9, les nageurs bretilliens seront bien pr\u00e9sents aux championnats de France de natation,&hellip;\n","protected":false},"author":2,"featured_media":177915,"comment_status":"","ping_status":"","sticky":false,"template":"","format":"standard","meta":{"footnotes":""},"categories":[9599],"tags":[1111,11,3809,1465,1777,674,63,1011,27,1792,1922,2208,12,2680,25,479,3272,517,1470],"class_list":{"0":"post-177914","1":"post","2":"type-post","3":"status-publish","4":"format-standard","5":"has-post-thumbnail","7":"category-montpellier","8":"tag-actu","9":"tag-actualites","10":"tag-ball","11":"tag-basket","12":"tag-eu","13":"tag-europe","14":"tag-football","15":"tag-fr","16":"tag-france","17":"tag-handball","18":"tag-info","19":"tag-montpellier","20":"tag-news","21":"tag-occitanie","22":"tag-republique-francaise","23":"tag-rugby","24":"tag-saint-nazaire","25":"tag-sport","26":"tag-volley"},"share_on_mastodon":{"url":"https:\/\/pubeurope.com\/@fr\/114686357917021573","error":""},"_links":{"self":[{"href":"https:\/\/www.europesays.com\/fr\/wp-json\/wp\/v2\/posts\/177914","targetHints":{"allow":["GET"]}}],"collection":[{"href":"https:\/\/www.europesays.com\/fr\/wp-json\/wp\/v2\/posts"}],"about":[{"href":"https:\/\/www.europesays.com\/fr\/wp-json\/wp\/v2\/types\/post"}],"author":[{"embeddable":true,"href":"https:\/\/www.europesays.com\/fr\/wp-json\/wp\/v2\/users\/2"}],"replies":[{"embeddable":true,"href":"https:\/\/www.europesays.com\/fr\/wp-json\/wp\/v2\/comments?post=177914"}],"version-history":[{"count":0,"href":"https:\/\/www.europesays.com\/fr\/wp-json\/wp\/v2\/posts\/177914\/revisions"}],"wp:featuredmedia":[{"embeddable":true,"href":"https:\/\/www.europesays.com\/fr\/wp-json\/wp\/v2\/media\/177915"}],"wp:attachment":[{"href":"https:\/\/www.europesays.com\/fr\/wp-json\/wp\/v2\/media?parent=177914"}],"wp:term":[{"taxonomy":"category","embeddable":true,"href":"https:\/\/www.europesays.com\/fr\/wp-json\/wp\/v2\/categories?post=177914"},{"taxonomy":"post_tag","embeddable":true,"href":"https:\/\/www.europesays.com\/fr\/wp-json\/wp\/v2\/tags?post=177914"}],"curies":[{"name":"wp","href":"https:\/\/api.w.org\/{rel}","templated":true}]}}