{"id":177916,"date":"2025-06-15T08:08:10","date_gmt":"2025-06-15T08:08:10","guid":{"rendered":"https:\/\/www.europesays.com\/fr\/177916\/"},"modified":"2025-06-15T08:08:10","modified_gmt":"2025-06-15T08:08:10","slug":"eure-et-seine-maritime-30-km-par-jour-pour-les-jeunes-qui-participeront-a-cette-aventure-a-velo","status":"publish","type":"post","link":"https:\/\/www.europesays.com\/fr\/177916\/","title":{"rendered":"Eure et Seine-Maritime. 30 km par jour pour les jeunes qui participeront \u00e0 cette aventure \u00e0 v\u00e9lo"},"content":{"rendered":"<p>            Par<br \/>\n        <strong><br \/>\n            <a href=\"https:\/\/actu.fr\/auteur\/emma-grivotte\" title=\"Consulter tous les articles de Emma Grivotte\" target=\"_blank\" rel=\"noopener\">Emma Grivotte<\/a><br \/>\n        <\/strong><\/p>\n<p>        Publi\u00e9 le<\/p>\n<p>            15 juin 2025 \u00e0 9h30        <\/p>\n<p>L\u2019association <b>\u00ab Des Camps sur la com\u00e8te \u00bb<\/b> (une association rouennaise agr\u00e9\u00e9e par l\u2019\u00c9tat) et le Parc naturel r\u00e9gional des Boucles de la Seine Normande proposent pour la quatri\u00e8me ann\u00e9e cons\u00e9cutive une<b> colonie de vacances itin\u00e9rante \u00e0 v\u00e9lo <\/b>aux<b> jeunes de 13 \u00e0 17\u00a0ans<\/b>.<\/p>\n<p class=\" wall-content\">Pr\u00e9vue du dimanche 27 juillet 2025 au samedi 2 ao\u00fbt 2025, elle s\u2019adresse aux <b>adolescents qui habitent le Parc<\/b>, dans l\u2019<a href=\"https:\/\/actu.fr\/27actu\/\" target=\"_blank\" rel=\"noopener\">Eure<\/a> ou la Seine-Maritime : intercommunalit\u00e9s Roumois Seine, Caux Seine, Beuzeville et ses alentours, Quillebeuf, Pont-Audemer et ses environs\u2026<\/p>\n<p>Plusieurs lieux de campement<\/p>\n<p class=\" wall-content\">Ce sont <b>les participants eux-m\u00eames qui choisiront leur trajet,<\/b> quelques jours avant le d\u00e9part. \u00ab Le s\u00e9jour sera rythm\u00e9 par des<b> lieux de campement qui changeront r\u00e9guli\u00e8rement<\/b> et des trajets \u00e0 v\u00e9lo qui permettront au groupe de d\u00e9couvrir des paysages vari\u00e9s de la vall\u00e9e de Seine \u00bb, pr\u00e9sente le Parc.<\/p>\n<p class=\" wall-content\">Les jeunes parcourront une<b> trentaine de kilom\u00e8tres par jour<\/b>, une distance adapt\u00e9e \u00e0 leur \u00e2ge, avec<b> deux journ\u00e9es s\u00e9dentaires<\/b> sur l\u2019ensemble de la semaine.<\/p>\n<p>    <img   decoding=\"async\" loading=\"lazy\" class=\"size-large\" src=\"https:\/\/www.europesays.com\/fr\/wp-content\/uploads\/2025\/06\/10f489323c48614f489323c4888f48v-960x640.jpg\" alt=\"colonie vacances v\u00e9lo\" width=\"960\" height=\"640\"\/><br \/>\n    Le s\u00e9jour proposera des activit\u00e9s au contact de la nature. \u00a9Photo transmise par l\u2019associationVid\u00e9os : en ce moment sur ActuJeux et animations nature<\/p>\n<p class=\" wall-content\">\u00ab Au-del\u00e0 du v\u00e9lo, les jeunes pourront participer \u00e0 de nombreuses activit\u00e9s :<b> jeux collectifs, jeux de soci\u00e9t\u00e9, visites <\/b>notamment des d\u00e9couvertes nature gr\u00e2ce \u00e0 la pr\u00e9sence d\u2019un guide nature du Parc\u2026 mais aussi prendre du bon temps, ne rien faire et se d\u00e9tendre. Les animateurs et les animatrices veilleront \u00e0 ce que les jeunes puissent construire leurs vacances en fonction de leurs d\u00e9sirs et de leurs envies. Le groupe pourra ainsi d\u00e9cider de l\u2019utilisation d\u2019un budget qui lui sera allou\u00e9 (choix d\u2019activit\u00e9s ou organisation de projets par exemple), s\u2019investir dans le choix des menus et construire ses vacances. \u00bb<\/p>\n<p class=\" wall-content\">Chaque participant devra \u00eatre \u00e9quip\u00e9 d\u2019un v\u00e9lo fonctionnel pour parcourir plusieurs dizaines de kilom\u00e8tres par jour. L\u2019association Des plans sur la com\u00e8te dispose de quelques v\u00e9los \u00e0 pr\u00eater en cas de besoin.<\/p>\n<p>    <img   decoding=\"async\" loading=\"lazy\" class=\"size-large\" src=\"https:\/\/www.europesays.com\/fr\/wp-content\/uploads\/2025\/06\/b227509ece386a627509ece389a275v-960x640.jpg\" alt=\"C'est l'occasion pour les jeunes de se faire des amis pr\u00e8s de chez eux.\" width=\"960\" height=\"640\"\/><br \/>\n    C\u2019est l\u2019occasion pour les jeunes de se faire des amis pr\u00e8s de chez eux. \u00a9Photo transmise par l\u2019associationEncadr\u00e9 par des professionnels<\/p>\n<p class=\" wall-content\">L\u2019\u00e9quipe d\u2019animateurs et animatrice exp\u00e9riment\u00e9s de ce s\u00e9jour sera dirig\u00e9e par <b>Guillaume Viger <\/b>(34 ans), directeur form\u00e9 en sciences de l\u2019\u00e9ducation et en r\u00e9alisation audiovisuelle ayant anim\u00e9 de nombreux ateliers cin\u00e9ma et formations aupr\u00e8s des jeunes et des adultes.<\/p>\n<p class=\" wall-content\">\u00ab Ses exp\u00e9riences dans l\u2019animation et sa passion pour les activit\u00e9s de pleine nature<b> l\u2019ont amen\u00e9 \u00e0 cr\u00e9er, avec d\u2019autres, l\u2019association \u2018Des camps sur la com\u00e8te\u2019.<\/b> \u00bb L\u2019\u00e9quipe du s\u00e9jour sera constitu\u00e9e <b>d\u2019un adulte pour quatre jeunes<\/b>, avec un maximum de 20 jeunes.<\/p>\n<p>Tarif : 250 \u20ac (s\u00e9jour \u00e9ligible aux aides caf et ch\u00e8ques vacances). Inscription r\u00e9serv\u00e9e aux habitants du territoire du Parc \u00e0 06 34 12 95 64 ou <a href=\"https:\/\/actu.fr\/cdn-cgi\/l\/email-protection\" class=\"__cf_email__\" data-cfemail=\"492a26273d282a3d093a3c3b25282a26242c3d2c67263b2e\" target=\"_blank\" rel=\"noopener\">[email\u00a0protected]<\/a> \u2013 www.surlacomete.org.<\/p>\n<p class=\" wall-content\">Suivez toute l\u2019actualit\u00e9 de vos villes et m\u00e9dias favoris en vous inscrivant \u00e0 <a href=\"https:\/\/moncompte.actu.fr\" title=\"D\u00e9couvez Mon Actu\" rel=\"nofollow noopener\" data-trk=\"{&quot;cta&quot;:{&quot;action&quot;:&quot;https:\\\/\\\/moncompte.actu.fr&quot;,&quot;category&quot;:&quot;mon compte&quot;,&quot;from&quot;:&quot;article footer&quot;,&quot;name&quot;:&quot;Mon actu&quot;,&quot;type&quot;:&quot;cta&quot;}}\" target=\"_blank\">Mon Actu<\/a>.<\/p>\n<ul class=\"ac-article-tag wall-content\">\n<li><a href=\"https:\/\/actu.fr\/tag\/vacances-scolaires\" data-trk=\"{&quot;cta&quot;:{&quot;action&quot;:&quot;Vacances scolaires&quot;,&quot;category&quot;:&quot;tag&quot;,&quot;from&quot;:&quot;article footer&quot;,&quot;name&quot;:&quot;Vacances scolaires&quot;,&quot;type&quot;:&quot;cta&quot;}}\" target=\"_blank\" rel=\"noopener\">#Vacances scolaires<\/a><\/li>\n<li><a href=\"https:\/\/actu.fr\/tag\/velo\" data-trk=\"{&quot;cta&quot;:{&quot;action&quot;:&quot;V\\u00e9lo&quot;,&quot;category&quot;:&quot;tag&quot;,&quot;from&quot;:&quot;article footer&quot;,&quot;name&quot;:&quot;V\\u00e9lo&quot;,&quot;type&quot;:&quot;cta&quot;}}\" target=\"_blank\" rel=\"noopener\">#V\u00e9lo<\/a><\/li>\n<\/ul>\n","protected":false},"excerpt":{"rendered":"Par Emma Grivotte Publi\u00e9 le 15 juin 2025 \u00e0 9h30 L\u2019association \u00ab Des Camps sur la com\u00e8te \u00bb&hellip;\n","protected":false},"author":2,"featured_media":177917,"comment_status":"","ping_status":"","sticky":false,"template":"","format":"standard","meta":{"footnotes":""},"categories":[9587],"tags":[1111,11,1777,674,1011,27,12,5161,25,9590,104,3176,208],"class_list":{"0":"post-177916","1":"post","2":"type-post","3":"status-publish","4":"format-standard","5":"has-post-thumbnail","7":"category-rouen","8":"tag-actu","9":"tag-actualites","10":"tag-eu","11":"tag-europe","12":"tag-fr","13":"tag-france","14":"tag-news","15":"tag-normandie","16":"tag-republique-francaise","17":"tag-rouen","18":"tag-societe","19":"tag-vacances-scolaires","20":"tag-velo"},"share_on_mastodon":{"url":"https:\/\/pubeurope.com\/@fr\/114686361840833455","error":""},"_links":{"self":[{"href":"https:\/\/www.europesays.com\/fr\/wp-json\/wp\/v2\/posts\/177916","targetHints":{"allow":["GET"]}}],"collection":[{"href":"https:\/\/www.europesays.com\/fr\/wp-json\/wp\/v2\/posts"}],"about":[{"href":"https:\/\/www.europesays.com\/fr\/wp-json\/wp\/v2\/types\/post"}],"author":[{"embeddable":true,"href":"https:\/\/www.europesays.com\/fr\/wp-json\/wp\/v2\/users\/2"}],"replies":[{"embeddable":true,"href":"https:\/\/www.europesays.com\/fr\/wp-json\/wp\/v2\/comments?post=177916"}],"version-history":[{"count":0,"href":"https:\/\/www.europesays.com\/fr\/wp-json\/wp\/v2\/posts\/177916\/revisions"}],"wp:featuredmedia":[{"embeddable":true,"href":"https:\/\/www.europesays.com\/fr\/wp-json\/wp\/v2\/media\/177917"}],"wp:attachment":[{"href":"https:\/\/www.europesays.com\/fr\/wp-json\/wp\/v2\/media?parent=177916"}],"wp:term":[{"taxonomy":"category","embeddable":true,"href":"https:\/\/www.europesays.com\/fr\/wp-json\/wp\/v2\/categories?post=177916"},{"taxonomy":"post_tag","embeddable":true,"href":"https:\/\/www.europesays.com\/fr\/wp-json\/wp\/v2\/tags?post=177916"}],"curies":[{"name":"wp","href":"https:\/\/api.w.org\/{rel}","templated":true}]}}