{"id":177920,"date":"2025-06-15T08:12:10","date_gmt":"2025-06-15T08:12:10","guid":{"rendered":"https:\/\/www.europesays.com\/fr\/177920\/"},"modified":"2025-06-15T08:12:10","modified_gmt":"2025-06-15T08:12:10","slug":"un-homme-simmole-par-le-feu-en-saspergeant-dessence-dans-une-station","status":"publish","type":"post","link":"https:\/\/www.europesays.com\/fr\/177920\/","title":{"rendered":"Un homme s\u2019immole par le feu en s\u2019aspergeant d\u2019essence dans une station"},"content":{"rendered":"<p><strong>Drame &#8211; L\u2019homme de 37 ans a \u00e9t\u00e9 tr\u00e8s gri\u00e8vement br\u00fbl\u00e9 et secouru par les pompiers<\/strong><\/p>\n<p>La sc\u00e8ne s\u2019est d\u00e9roul\u00e9e juste avant 11 heures, samedi matin. A la station essence du centre commercial Leclerc Cleunay, \u00e0 <a href=\"https:\/\/www.20minutes.fr\/rennes\/?at_medium=RSS%20feed&amp;at_campaign=ynews&amp;utm_source=yahoo&amp;utm_medium=rss&amp;utm_campaign=news_feed&amp;utm_content=in_article_link\" rel=\"nofollow noopener\" target=\"_blank\" data-ylk=\"slk:Rennes;elm:context_link;itc:0;sec:content-canvas\" class=\"link \">Rennes<\/a>, plusieurs automobilistes attendent pour faire leur plein. Un homme arriv\u00e9 \u00e0 pied demande \u00e0 leur passer devant. Lorsqu\u2019il arrive \u00e0 hauteur de la borne, l\u2019homme se saisit d\u2019un pistolet et s\u2019asperge le corps d\u2019essence, sous le regard paniqu\u00e9 de nombreux t\u00e9moins. <a href=\"https:\/\/www.20minutes.fr\/dossier\/immolation?at_medium=RSS%20feed&amp;at_campaign=ynews&amp;utm_source=yahoo&amp;utm_medium=rss&amp;utm_campaign=news_feed&amp;utm_content=in_article_link\" rel=\"nofollow noopener\" target=\"_blank\" data-ylk=\"slk:Il allume alors une flamme;elm:context_link;itc:0;sec:content-canvas\" class=\"link \">Il allume alors une flamme<\/a> et s\u2019embrase. D\u2019apr\u00e8s les pompiers d\u2019Ille-et-Vilaine, ce sont des agents de s\u00e9curit\u00e9 du centre Leclerc qui ont \u00e9teint l\u2019homme.<\/p>\n<p>La station a \u00e9t\u00e9 \u00e9vacu\u00e9e et les pompiers sont rapidement intervenus pour ma\u00eetriser le d\u00e9but d\u2019incendie. L\u2019homme de 37 ans, tr\u00e8s gri\u00e8vement br\u00fbl\u00e9, a \u00e9t\u00e9 transport\u00e9 en urgence absolue vers le CHU Pontchaillou. D\u2019apr\u00e8s le Sdis, l\u2019homme \u00e9tait br\u00fbl\u00e9 au 2e et 3e degr\u00e9 et n\u2019a pas pu \u00eatre transport\u00e9<a href=\"https:\/\/www.ouest-france.fr\/sante\/grands-brules-au-chu-de-nantes-le-service-est-en-souffrance-alertent-les-soignants-c0c3c3e2-485e-11f0-b660-c6a4d2b5307d?at_medium=RSS%20feed&amp;at_campaign=ynews&amp;utm_source=yahoo&amp;utm_medium=rss&amp;utm_campaign=news_feed&amp;utm_content=in_article_link\" rel=\"nofollow noopener\" target=\"_blank\" data-ylk=\"slk:au centre des grands br\u00fbl\u00e9s de Nantes;elm:context_link;itc:0;sec:content-canvas\" class=\"link \"> au centre des grands br\u00fbl\u00e9s de Nantes<\/a>. Son \u00e9tat de sant\u00e9 ne le permettait pas. Samedi soir, son pronostic vital \u00e9tait encore engag\u00e9.<\/p>\n<p>Les cons\u00e9quences de cet acte auraient pu \u00eatre encore plus lourdes sans l\u2019intervention rapide des employ\u00e9s et des pompiers. \u00ab\u00a0\u00c7a aurait pu \u00eatre catastrophique\u00a0\u00bb, r\u00e9sume un pompier.<\/p>\n<p><a href=\"https:\/\/www.20minutes.fr\/faits_divers\/faits-divers-rennes\/4158576-20250615-rennes-homme-immole-feu-aspergeant-essence-station?at_medium=RSS%20feed&amp;at_campaign=ynews&amp;utm_source=yahoo&amp;utm_medium=rss&amp;utm_campaign=news_feed&amp;utm_content=read_more_link&quot;\" rel=\"nofollow noopener\" target=\"_blank\" data-ylk=\"slk:Lire la suite sur 20minutes;elm:context_link;itc:0;sec:content-canvas\" class=\"link \">Lire la suite sur 20minutes<\/a><\/p>\n<p>\u00c0 lire aussi :<br \/><a href=\"https:\/\/www.20minutes.fr\/marseille\/4158566-20250615-bouches-rhone-deux-blesses-incendie-site-classe-seveso?at_medium=RSS%20feed&amp;at_campaign=ynews&amp;utm_source=yahoo&amp;utm_medium=rss&amp;utm_campaign=news_feed&amp;utm_content=related_content_link\" rel=\"nofollow noopener\" target=\"_blank\" data-ylk=\"slk:Bouches-du-Rh\u00f4ne\u00a0: Deux bless\u00e9s dans l\u2019incendie sur un site class\u00e9 Seveso;elm:context_link;itc:0;sec:content-canvas\" class=\"link \">Bouches-du-Rh\u00f4ne\u00a0: Deux bless\u00e9s dans l\u2019incendie sur un site class\u00e9 Seveso<\/a><br \/><a href=\"https:\/\/www.20minutes.fr\/societe\/4158304-20250613-bouches-rhone-centaine-pompiers-mobilises-apres-explosion-pipeline-saint-martin-crau?at_medium=RSS%20feed&amp;at_campaign=ynews&amp;utm_source=yahoo&amp;utm_medium=rss&amp;utm_campaign=news_feed&amp;utm_content=related_content_link\" rel=\"nofollow noopener\" target=\"_blank\" data-ylk=\"slk:Bouches-du-Rh\u00f4ne\u00a0: Une centaine de pompiers mobilis\u00e9s apr\u00e8s l\u2019explosion d\u2019un pipeline \u00e0 Saint-Martin-de-Crau;elm:context_link;itc:0;sec:content-canvas\" class=\"link \">Bouches-du-Rh\u00f4ne\u00a0: Une centaine de pompiers mobilis\u00e9s apr\u00e8s l\u2019explosion d\u2019un pipeline \u00e0 Saint-Martin-de-Crau<\/a><\/p>\n","protected":false},"excerpt":{"rendered":"Drame &#8211; L\u2019homme de 37 ans a \u00e9t\u00e9 tr\u00e8s gri\u00e8vement br\u00fbl\u00e9 et secouru par les pompiers La sc\u00e8ne&hellip;\n","protected":false},"author":2,"featured_media":177921,"comment_status":"","ping_status":"","sticky":false,"template":"","format":"standard","meta":{"footnotes":""},"categories":[2821],"tags":[1111,11,7102,829,31425,1777,674,1011,27,5910,12,584,25,31426],"class_list":{"0":"post-177920","1":"post","2":"type-post","3":"status-publish","4":"format-standard","5":"has-post-thumbnail","7":"category-rennes","8":"tag-actu","9":"tag-actualites","10":"tag-agents-de-securite","11":"tag-bretagne","12":"tag-centre-commercial-leclerc","13":"tag-eu","14":"tag-europe","15":"tag-fr","16":"tag-france","17":"tag-lhomme","18":"tag-news","19":"tag-rennes","20":"tag-republique-francaise","21":"tag-station-essence"},"share_on_mastodon":{"url":"https:\/\/pubeurope.com\/@fr\/114686377530962703","error":""},"_links":{"self":[{"href":"https:\/\/www.europesays.com\/fr\/wp-json\/wp\/v2\/posts\/177920","targetHints":{"allow":["GET"]}}],"collection":[{"href":"https:\/\/www.europesays.com\/fr\/wp-json\/wp\/v2\/posts"}],"about":[{"href":"https:\/\/www.europesays.com\/fr\/wp-json\/wp\/v2\/types\/post"}],"author":[{"embeddable":true,"href":"https:\/\/www.europesays.com\/fr\/wp-json\/wp\/v2\/users\/2"}],"replies":[{"embeddable":true,"href":"https:\/\/www.europesays.com\/fr\/wp-json\/wp\/v2\/comments?post=177920"}],"version-history":[{"count":0,"href":"https:\/\/www.europesays.com\/fr\/wp-json\/wp\/v2\/posts\/177920\/revisions"}],"wp:featuredmedia":[{"embeddable":true,"href":"https:\/\/www.europesays.com\/fr\/wp-json\/wp\/v2\/media\/177921"}],"wp:attachment":[{"href":"https:\/\/www.europesays.com\/fr\/wp-json\/wp\/v2\/media?parent=177920"}],"wp:term":[{"taxonomy":"category","embeddable":true,"href":"https:\/\/www.europesays.com\/fr\/wp-json\/wp\/v2\/categories?post=177920"},{"taxonomy":"post_tag","embeddable":true,"href":"https:\/\/www.europesays.com\/fr\/wp-json\/wp\/v2\/tags?post=177920"}],"curies":[{"name":"wp","href":"https:\/\/api.w.org\/{rel}","templated":true}]}}