{"id":177922,"date":"2025-06-15T08:13:10","date_gmt":"2025-06-15T08:13:10","guid":{"rendered":"https:\/\/www.europesays.com\/fr\/177922\/"},"modified":"2025-06-15T08:13:10","modified_gmt":"2025-06-15T08:13:10","slug":"un-homme-simmole-par-le-feu-en-saspergeant-dessence-dans-une-station-2","status":"publish","type":"post","link":"https:\/\/www.europesays.com\/fr\/177922\/","title":{"rendered":"Un homme s\u2019immole par le feu en s\u2019aspergeant d\u2019essence dans une station"},"content":{"rendered":"<p>La sc\u00e8ne s\u2019est d\u00e9roul\u00e9e juste avant 11 heures, samedi matin. A la station essence du centre commercial Leclerc Cleunay, \u00e0 <a href=\"https:\/\/www.20minutes.fr\/rennes\/\" class=\"color-ultramarine c-link\" target=\"_blank\" rel=\"noopener\">Rennes<\/a>, plusieurs automobilistes attendent pour faire leur plein. Un homme arriv\u00e9 \u00e0 pied demande \u00e0 leur passer devant. Lorsqu\u2019il arrive \u00e0 hauteur de la borne, l\u2019homme se saisit d\u2019un pistolet et s\u2019asperge le corps d\u2019essence, sous le regard paniqu\u00e9 de nombreux t\u00e9moins. <a href=\"https:\/\/www.20minutes.fr\/dossier\/immolation\" class=\"color-ultramarine c-link\" target=\"_blank\" rel=\"noopener\">Il allume alors une flamme<\/a> et s\u2019embrase. D\u2019apr\u00e8s les pompiers d\u2019Ille-et-Vilaine, ce sont des agents de s\u00e9curit\u00e9 du centre Leclerc qui ont \u00e9teint l\u2019homme.<\/p>\n<p>La station a \u00e9t\u00e9 \u00e9vacu\u00e9e et les pompiers sont rapidement intervenus pour ma\u00eetriser le d\u00e9but d\u2019incendie. L\u2019homme de 37 ans, tr\u00e8s gri\u00e8vement br\u00fbl\u00e9, a \u00e9t\u00e9 transport\u00e9 en urgence absolue vers le CHU Pontchaillou. D\u2019apr\u00e8s le Sdis, l\u2019homme \u00e9tait br\u00fbl\u00e9 au 2e et 3e degr\u00e9 et n\u2019a pas pu \u00eatre transport\u00e9<a href=\"https:\/\/www.ouest-france.fr\/sante\/grands-brules-au-chu-de-nantes-le-service-est-en-souffrance-alertent-les-soignants-c0c3c3e2-485e-11f0-b660-c6a4d2b5307d\" rel=\"nofollow noopener\" target=\"_blank\" class=\"color-ultramarine c-link\"> au centre des grands br\u00fbl\u00e9s de Nantes<\/a>. Son \u00e9tat de sant\u00e9 ne le permettait pas. Samedi soir, son pronostic vital \u00e9tait encore engag\u00e9.<\/p>\n<\/p>\n<p>Les cons\u00e9quences de cet acte auraient pu \u00eatre encore plus lourdes sans l\u2019intervention rapide des employ\u00e9s et des pompiers. \u00ab\u00a0\u00c7a aurait pu \u00eatre catastrophique\u00a0\u00bb, r\u00e9sume un pompier.<\/p>\n","protected":false},"excerpt":{"rendered":"La sc\u00e8ne s\u2019est d\u00e9roul\u00e9e juste avant 11 heures, samedi matin. A la station essence du centre commercial Leclerc&hellip;\n","protected":false},"author":2,"featured_media":177923,"comment_status":"","ping_status":"","sticky":false,"template":"","format":"standard","meta":{"footnotes":""},"categories":[2821],"tags":[1111,47,11,829,17393,1777,674,118,7641,1312,1011,27,848,31428,31427,1310,12,1311,584,25,31429,22128],"class_list":{"0":"post-177922","1":"post","2":"type-post","3":"status-publish","4":"format-standard","5":"has-post-thumbnail","7":"category-rennes","8":"tag-actu","9":"tag-actualite","10":"tag-actualites","11":"tag-bretagne","12":"tag-essence","13":"tag-eu","14":"tag-europe","15":"tag-faits-divers","16":"tag-faits-divers-rennes","17":"tag-feu","18":"tag-fr","19":"tag-france","20":"tag-ille-et-vilaine","21":"tag-immolation","22":"tag-immolation-par-le-feu","23":"tag-incendie","24":"tag-news","25":"tag-pompiers","26":"tag-rennes","27":"tag-republique-francaise","28":"tag-station-service","29":"tag-tentative-de-suicide"},"share_on_mastodon":{"url":"https:\/\/pubeurope.com\/@fr\/114686381486680734","error":""},"_links":{"self":[{"href":"https:\/\/www.europesays.com\/fr\/wp-json\/wp\/v2\/posts\/177922","targetHints":{"allow":["GET"]}}],"collection":[{"href":"https:\/\/www.europesays.com\/fr\/wp-json\/wp\/v2\/posts"}],"about":[{"href":"https:\/\/www.europesays.com\/fr\/wp-json\/wp\/v2\/types\/post"}],"author":[{"embeddable":true,"href":"https:\/\/www.europesays.com\/fr\/wp-json\/wp\/v2\/users\/2"}],"replies":[{"embeddable":true,"href":"https:\/\/www.europesays.com\/fr\/wp-json\/wp\/v2\/comments?post=177922"}],"version-history":[{"count":0,"href":"https:\/\/www.europesays.com\/fr\/wp-json\/wp\/v2\/posts\/177922\/revisions"}],"wp:featuredmedia":[{"embeddable":true,"href":"https:\/\/www.europesays.com\/fr\/wp-json\/wp\/v2\/media\/177923"}],"wp:attachment":[{"href":"https:\/\/www.europesays.com\/fr\/wp-json\/wp\/v2\/media?parent=177922"}],"wp:term":[{"taxonomy":"category","embeddable":true,"href":"https:\/\/www.europesays.com\/fr\/wp-json\/wp\/v2\/categories?post=177922"},{"taxonomy":"post_tag","embeddable":true,"href":"https:\/\/www.europesays.com\/fr\/wp-json\/wp\/v2\/tags?post=177922"}],"curies":[{"name":"wp","href":"https:\/\/api.w.org\/{rel}","templated":true}]}}