{"id":177924,"date":"2025-06-15T08:14:14","date_gmt":"2025-06-15T08:14:14","guid":{"rendered":"https:\/\/www.europesays.com\/fr\/177924\/"},"modified":"2025-06-15T08:14:14","modified_gmt":"2025-06-15T08:14:14","slug":"kehl-lentrepot-dune-societe-de-recyclage-prend-feu-70-pompiers-mobilises","status":"publish","type":"post","link":"https:\/\/www.europesays.com\/fr\/177924\/","title":{"rendered":"Kehl. L&rsquo;entrep\u00f4t d&rsquo;une soci\u00e9t\u00e9 de recyclage prend feu : 70 pompiers mobilis\u00e9s"},"content":{"rendered":"<p>Un incendie s\u2019est d\u00e9clar\u00e9 dans une zone industrielle de la ville de Kehl, en Allemagne, vers 7 heures ce dimanche 15 juin au matin.<\/p>\n<p>L\u2019entrep\u00f4t de la soci\u00e9t\u00e9 Remondis s\u2019est embras\u00e9, d\u00e9gageant un \u00e9pais nuage de fum\u00e9e, visible depuis le Pont de l\u2019Europe et certains quartiers strasbourgeois. Il s&rsquo;agit d&rsquo;une entreprise de recyclage et gestion de d\u00e9ch\u00eats.<\/p>\n<p>70 pompiers sont actuellement \u00e0 l\u2019\u0153uvre pour combattre les flammes.<\/p>\n","protected":false},"excerpt":{"rendered":"Un incendie s\u2019est d\u00e9clar\u00e9 dans une zone industrielle de la ville de Kehl, en Allemagne, vers 7 heures&hellip;\n","protected":false},"author":2,"featured_media":177925,"comment_status":"","ping_status":"","sticky":false,"template":"","format":"standard","meta":{"footnotes":""},"categories":[2820],"tags":[1111,11,672,1777,674,274,107,1011,27,775,1310,12,25,1806,640],"class_list":{"0":"post-177924","1":"post","2":"type-post","3":"status-publish","4":"format-standard","5":"has-post-thumbnail","7":"category-strasbourg","8":"tag-actu","9":"tag-actualites","10":"tag-allemagne","11":"tag-eu","12":"tag-europe","13":"tag-faits-divers-justice","14":"tag-fil-info","15":"tag-fr","16":"tag-france","17":"tag-grand-est","18":"tag-incendie","19":"tag-news","20":"tag-republique-francaise","21":"tag-rheinblick","22":"tag-strasbourg"},"share_on_mastodon":{"url":"https:\/\/pubeurope.com\/@fr\/114686385426472489","error":""},"_links":{"self":[{"href":"https:\/\/www.europesays.com\/fr\/wp-json\/wp\/v2\/posts\/177924","targetHints":{"allow":["GET"]}}],"collection":[{"href":"https:\/\/www.europesays.com\/fr\/wp-json\/wp\/v2\/posts"}],"about":[{"href":"https:\/\/www.europesays.com\/fr\/wp-json\/wp\/v2\/types\/post"}],"author":[{"embeddable":true,"href":"https:\/\/www.europesays.com\/fr\/wp-json\/wp\/v2\/users\/2"}],"replies":[{"embeddable":true,"href":"https:\/\/www.europesays.com\/fr\/wp-json\/wp\/v2\/comments?post=177924"}],"version-history":[{"count":0,"href":"https:\/\/www.europesays.com\/fr\/wp-json\/wp\/v2\/posts\/177924\/revisions"}],"wp:featuredmedia":[{"embeddable":true,"href":"https:\/\/www.europesays.com\/fr\/wp-json\/wp\/v2\/media\/177925"}],"wp:attachment":[{"href":"https:\/\/www.europesays.com\/fr\/wp-json\/wp\/v2\/media?parent=177924"}],"wp:term":[{"taxonomy":"category","embeddable":true,"href":"https:\/\/www.europesays.com\/fr\/wp-json\/wp\/v2\/categories?post=177924"},{"taxonomy":"post_tag","embeddable":true,"href":"https:\/\/www.europesays.com\/fr\/wp-json\/wp\/v2\/tags?post=177924"}],"curies":[{"name":"wp","href":"https:\/\/api.w.org\/{rel}","templated":true}]}}