{"id":177926,"date":"2025-06-15T08:15:27","date_gmt":"2025-06-15T08:15:27","guid":{"rendered":"https:\/\/www.europesays.com\/fr\/177926\/"},"modified":"2025-06-15T08:15:27","modified_gmt":"2025-06-15T08:15:27","slug":"strasbourg-7-000-participants-a-la-marche-des-visibilites-appellent-a-la-tolerance","status":"publish","type":"post","link":"https:\/\/www.europesays.com\/fr\/177926\/","title":{"rendered":"Strasbourg. 7\u00a0000 participants \u00e0 la Marche des visibilit\u00e9s appellent \u00e0 la tol\u00e9rance"},"content":{"rendered":"<p>Ici, un beau corps masculin, moul\u00e9 dans une combi, aussi orange que mini, aux bottes en vinyle orange, d\u00e9ploie de superbes ailes de papillon bleu scintillant. L\u00e0, un groupe assume ses masques de loup et de renard\u2026 en moumoute bleue ou verte\u00a0: en l\u2019occurrence des membres de la communaut\u00e9 Furry, aux personnages en fourrure, qui se dit \u00ab\u00a0proche de la communaut\u00e9 LGBT +\u00a0\u00bb. Plus loin, une drag en hauts talons bleu p\u00e2le fait vibrer ses immenses ailes orange. Et partout dans la foule, des pancartes\u00a0: \u00ab\u00a0I am a bitch\u00a0\u00bb, \u00ab\u00a0J\u2019ai le go\u00fbt doux de vous\u00a0\u00bb, \u00ab\u00a0Pas besoin de votre avis pour aimer\u00a0\u00bb\u2026<\/p>\n<p>  Revendications<\/p>\n<p>Car si la Marche des visibilit\u00e9s est r\u00e9solument festive, elle est largement revendicative, au-del\u00e0 du mot d\u2019ordre de cette \u00e9dition\u00a0: \u00ab\u00a0Faire corps contre le fascisme\u00a0\u00bb. \u00ab\u00a0On n\u2019est pas \u00e0 l\u2019abri d\u2019un gouvernement RN, donc pas \u00e0 l\u2019abri d\u2019une d\u00e9nonciation\u00a0\u00bb, soulignent Ludovic et J\u00e9r\u00f4me, venus des environs de Mulhouse. Lunettes \u00e9toiles et paillettes sur le visage, ils sont venus militer pour \u00ab\u00a0davantage d\u2019acceptation\u00a0\u00bb et pour r\u00e9sister \u00e0 tout \u00e9ventuel retour en arri\u00e8re si la pression se rel\u00e2che. Engag\u00e9s dans une association aidant les enfants victimes du VIH au Togo, ils sont effar\u00e9s\u00a0: \u00ab\u00a0Les h\u00e9t\u00e9ros ne sont pas du tout sensibilis\u00e9s \u00e0 ce probl\u00e8me.\u00a0\u00bb<\/p>\n<p>Autre r\u00e9alit\u00e9 peu envisag\u00e9e\u00a0: la n\u00e9cessit\u00e9 de l\u2019inclusion. C\u2019est une \u00e9vidence pour Nicolas Schott, pr\u00e9sident du Festibad, un club de badminton inclusif \u00e0 Strasbourg, \u00ab\u00a0l\u2019un des premiers en France\u00a0\u00bb. Depuis deux ans, le club s\u2019ouvre aux personnes non genr\u00e9es dans un large esprit de tol\u00e9rance. \u00ab\u00a0Les temps changent et nous avec. Pour nous, cela fait partie du bon sens.\u00a0\u00bb<\/p>\n<p>  Une grand-m\u00e8re \u00e0 la pride<\/p>\n<p>\u00ab\u00a0Il faut toujours d\u00e9fendre les libert\u00e9s collectives, car rien n\u2019est acquis\u00a0: on le voit en Italie, en Hongrie\u2026\u00a0\u00bb, rench\u00e9rit le jeune Pierre, aux cheveux immens\u00e9ment longs et au sourire d\u2019ange. Nimb\u00e9 des strass de son T-shirt transparent, il est venu du sud de l\u2019Alsace en compagnie de sa m\u00e8re, C\u00e9line. Celle-ci dit ne pas se sentir condamn\u00e9e par ses proches en venant participer \u00e0 la pride (parade) avec son fils, mais regrette de ne se sentir \u00ab\u00a0ni encourag\u00e9e, ni soutenue\u00a0\u00bb.<\/p>\n<p>\u00ab\u00a0Il y a encore beaucoup \u00e0 faire, chez les politiques et chez les gens plus \u00e2g\u00e9s\u00a0\u00bb, confirme Anouk, de Strasbourg, qui a d\u00e9j\u00e0 particip\u00e9 \u00e0 plusieurs prides aux Pays-Bas. Pansexuelle, elle se sent attir\u00e9e davantage par une personnalit\u00e9 que par le genre de la personne. Cela n\u2019a pas \u00e9t\u00e9 simple \u00e0 faire admettre \u00e0 sa grand-m\u00e8re\u2026 qui a pourtant fini par l\u2019accompagner \u00e0 une pride.<\/p>\n<p>Belle illustration de ce qu\u2019est venu d\u00e9fendre C\u00e9line, la m\u00e8re de Pierre\u00a0: \u00ab\u00a0Donner \u00e0 chacun le droit d\u2019\u00eatre qui il est.\u00a0\u00bb<\/p>\n<p class=\"note\">Envie de badminton\u00a0? Prochain tournoi les 6 et 7\u00a0juin 2026 au Heyritz \u00e0 Strasbourg (contact@festibad.org)<\/p>\n","protected":false},"excerpt":{"rendered":"Ici, un beau corps masculin, moul\u00e9 dans une combi, aussi orange que mini, aux bottes en vinyle orange,&hellip;\n","protected":false},"author":2,"featured_media":177927,"comment_status":"","ping_status":"","sticky":false,"template":"","format":"standard","meta":{"footnotes":""},"categories":[2820],"tags":[1111,11,2389,2649,2880,1777,674,107,1011,27,775,12,25,104,640,2879,1631],"class_list":{"0":"post-177926","1":"post","2":"type-post","3":"status-publish","4":"format-standard","5":"has-post-thumbnail","7":"category-strasbourg","8":"tag-actu","9":"tag-actualites","10":"tag-alsace","11":"tag-bas-rhin","12":"tag-edition-strasbourg","13":"tag-eu","14":"tag-europe","15":"tag-fil-info","16":"tag-fr","17":"tag-france","18":"tag-grand-est","19":"tag-news","20":"tag-republique-francaise","21":"tag-societe","22":"tag-strasbourg","23":"tag-strasbourg-ville","24":"tag-vie-associative"},"share_on_mastodon":{"url":"https:\/\/pubeurope.com\/@fr\/114686389346058498","error":""},"_links":{"self":[{"href":"https:\/\/www.europesays.com\/fr\/wp-json\/wp\/v2\/posts\/177926","targetHints":{"allow":["GET"]}}],"collection":[{"href":"https:\/\/www.europesays.com\/fr\/wp-json\/wp\/v2\/posts"}],"about":[{"href":"https:\/\/www.europesays.com\/fr\/wp-json\/wp\/v2\/types\/post"}],"author":[{"embeddable":true,"href":"https:\/\/www.europesays.com\/fr\/wp-json\/wp\/v2\/users\/2"}],"replies":[{"embeddable":true,"href":"https:\/\/www.europesays.com\/fr\/wp-json\/wp\/v2\/comments?post=177926"}],"version-history":[{"count":0,"href":"https:\/\/www.europesays.com\/fr\/wp-json\/wp\/v2\/posts\/177926\/revisions"}],"wp:featuredmedia":[{"embeddable":true,"href":"https:\/\/www.europesays.com\/fr\/wp-json\/wp\/v2\/media\/177927"}],"wp:attachment":[{"href":"https:\/\/www.europesays.com\/fr\/wp-json\/wp\/v2\/media?parent=177926"}],"wp:term":[{"taxonomy":"category","embeddable":true,"href":"https:\/\/www.europesays.com\/fr\/wp-json\/wp\/v2\/categories?post=177926"},{"taxonomy":"post_tag","embeddable":true,"href":"https:\/\/www.europesays.com\/fr\/wp-json\/wp\/v2\/tags?post=177926"}],"curies":[{"name":"wp","href":"https:\/\/api.w.org\/{rel}","templated":true}]}}