{"id":177928,"date":"2025-06-15T08:16:12","date_gmt":"2025-06-15T08:16:12","guid":{"rendered":"https:\/\/www.europesays.com\/fr\/177928\/"},"modified":"2025-06-15T08:16:12","modified_gmt":"2025-06-15T08:16:12","slug":"les-accidents-de-baies-vitrees-chez-les-jeunes-a-la-hausse-a-nice-la-fondation-lenval-tire-la-sonnette-dalarme","status":"publish","type":"post","link":"https:\/\/www.europesays.com\/fr\/177928\/","title":{"rendered":"Les accidents de baies vitr\u00e9es chez les jeunes \u00e0 la hausse: \u00e0 Nice, la Fondation Lenval tire la sonnette d\u2019alarme"},"content":{"rendered":"<p>\u00ab\u00a0Rien que ce week-end du 7 au 8 juin, trois jeunes patients ont \u00e9t\u00e9 admis aux urgences apr\u00e8s avoir travers\u00e9 une baie vitr\u00e9e\u00a0\u00bb, t\u00e9moigne le professeur Virginie Rampal-Rocher, chirurgien orthop\u00e9dique \u00e0 Lenval. L\u2019h\u00f4pital p\u00e9diatrique de Nice observe depuis plusieurs mois une recrudescence alarmante de ces accidents domestiques.<\/p>\n<p><strong>Des cons\u00e9quences parfois dramatiques<\/strong><\/p>\n<p>\u00ab\u00a0Les patients arrivent au bloc op\u00e9ratoire en urgence et les plaies sont g\u00e9n\u00e9ralement profondes. Souvent, on constate des l\u00e9sions aux mains ou aux avant-bras, mais aussi des l\u00e9sions oculaires ou sur d\u2019autres parties du corps qui peuvent \u00eatre tr\u00e8s \u00e0 risques. On peut craindre des atteintes neurologiques, des h\u00e9morragies graves, la section de ligaments, de nerfs et le risque d\u2019en ressortir avec un handicap est bien r\u00e9el\u00a0\u00bb, appuie le Professeur.<\/p>\n<p><strong>Comment \u00e9viter les accidents?<\/strong><\/p>\n<p>Face \u00e0 cette hausse d\u2019accidents, la Fondation Lenval \u00e9met plusieurs recommandations simples mais efficaces. Comme rendre les vitres visibles <strong>en apposant des stickers ou des bandes color\u00e9es \u00e0 hauteur d\u2019enfant<\/strong>.<\/p>\n<p>Renforcer les vitrages avec des films anti-collision ou de s\u00e9curit\u00e9. <strong>Sensibiliser les enfants et adolescents aux risques li\u00e9s aux vitres.<\/strong> Privil\u00e9gier le verre feuillet\u00e9, qui limite les coupures en cas de bris. Et aussi, surveiller les jeux actifs \u00e0 proximit\u00e9 des vitrages, notamment l\u2019\u00e9t\u00e9.<\/p>\n<p>\u00ab\u00a0En parler, c\u2019est d\u00e9j\u00e0 pr\u00e9venir du risque\u00a0\u00bb, conclut le Pr Rampal-Rocher.<\/p>\n","protected":false},"excerpt":{"rendered":"\u00ab\u00a0Rien que ce week-end du 7 au 8 juin, trois jeunes patients ont \u00e9t\u00e9 admis aux urgences apr\u00e8s&hellip;\n","protected":false},"author":2,"featured_media":177929,"comment_status":"","ping_status":"","sticky":false,"template":"","format":"standard","meta":{"footnotes":""},"categories":[2819],"tags":[1111,11,1777,674,332,1011,27,12,2401,882,25],"class_list":{"0":"post-177928","1":"post","2":"type-post","3":"status-publish","4":"format-standard","5":"has-post-thumbnail","7":"category-nice","8":"tag-actu","9":"tag-actualites","10":"tag-eu","11":"tag-europe","12":"tag-faits-de-societe","13":"tag-fr","14":"tag-france","15":"tag-news","16":"tag-nice","17":"tag-provence-alpes-cote-dazur","18":"tag-republique-francaise"},"share_on_mastodon":{"url":"https:\/\/pubeurope.com\/@fr\/114686393309140814","error":""},"_links":{"self":[{"href":"https:\/\/www.europesays.com\/fr\/wp-json\/wp\/v2\/posts\/177928","targetHints":{"allow":["GET"]}}],"collection":[{"href":"https:\/\/www.europesays.com\/fr\/wp-json\/wp\/v2\/posts"}],"about":[{"href":"https:\/\/www.europesays.com\/fr\/wp-json\/wp\/v2\/types\/post"}],"author":[{"embeddable":true,"href":"https:\/\/www.europesays.com\/fr\/wp-json\/wp\/v2\/users\/2"}],"replies":[{"embeddable":true,"href":"https:\/\/www.europesays.com\/fr\/wp-json\/wp\/v2\/comments?post=177928"}],"version-history":[{"count":0,"href":"https:\/\/www.europesays.com\/fr\/wp-json\/wp\/v2\/posts\/177928\/revisions"}],"wp:featuredmedia":[{"embeddable":true,"href":"https:\/\/www.europesays.com\/fr\/wp-json\/wp\/v2\/media\/177929"}],"wp:attachment":[{"href":"https:\/\/www.europesays.com\/fr\/wp-json\/wp\/v2\/media?parent=177928"}],"wp:term":[{"taxonomy":"category","embeddable":true,"href":"https:\/\/www.europesays.com\/fr\/wp-json\/wp\/v2\/categories?post=177928"},{"taxonomy":"post_tag","embeddable":true,"href":"https:\/\/www.europesays.com\/fr\/wp-json\/wp\/v2\/tags?post=177928"}],"curies":[{"name":"wp","href":"https:\/\/api.w.org\/{rel}","templated":true}]}}