{"id":17793,"date":"2025-04-11T17:01:13","date_gmt":"2025-04-11T17:01:13","guid":{"rendered":"https:\/\/www.europesays.com\/fr\/17793\/"},"modified":"2025-04-11T17:01:13","modified_gmt":"2025-04-11T17:01:13","slug":"ca-change-du-cadre-tres-scolaire-a-nice-les-etudiants-peuvent-reviser-a-lopera","status":"publish","type":"post","link":"https:\/\/www.europesays.com\/fr\/17793\/","title":{"rendered":"\u00ab\u00a0\u00c7a change du cadre tr\u00e8s scolaire\u00a0\u00bb : \u00e0 Nice, les \u00e9tudiants peuvent r\u00e9viser&#8230; \u00e0 l&rsquo;Op\u00e9ra"},"content":{"rendered":"<p>La biblioth\u00e8que n&rsquo;est plus reine : \u00e0 Nice, les \u00e9tudiants peuvent p\u00e9riodiquement opter pour des r\u00e9visions \u00e0 l&rsquo;Op\u00e9ra.Des journ\u00e9es \u00e0 plancher avec le plaisir d&rsquo;avoir un spectacle devant soi.Une initiative gratuite qui permet de conqu\u00e9rir une population plus jeune.<a href=\"https:\/\/www.tf1info.fr\/emission\/le-13h-10927\/\" rel=\"noopener\" class=\"jsx-3118104007 Link jsx-1428418400 jsx-640816507\" target=\"_blank\"><\/p>\n<p style=\"font-weight:400\" class=\"jsx-1837267516\">Suivez la couverture compl\u00e8te<\/p>\n<p style=\"font-weight:800\" class=\"jsx-1837267516\">Le 13H<\/p>\n<p><\/a><\/p>\n<p data-module=\"article-paragraph\" class=\"jsx-362436225 Paragraph Paragraph__End\">Des spectateurs \u00e0 l&rsquo;Op\u00e9ra et le th\u00e8me du jour est pointu. \u00ab\u00a0C&rsquo;est les crit\u00e8res de malignit\u00e9 du <a href=\"https:\/\/www.tf1info.fr\/sante\/les-cancers-du-larynx-et-de-l-ovaire-provoques-par-l-amiante-reconnus-comme-maladie-professionnelle-par-decret-2273039.html\" target=\"_blank\" rel=\"noopener\">cancer de l&rsquo;ovaire<\/a> \u00e0 l&rsquo;\u00e9chographie\u00a0\u00bb, sourit une \u00e9tudiante. Des r\u00e9visions avec vue sur les r\u00e9p\u00e9titions d&rsquo;un ballet de danse classique en fond. Anna et Cam\u00e9lia sont \u00e9tudiantes en <a href=\"https:\/\/www.tf1info.fr\/sante\/video-reportage-de-la-medecine-de-brousse-le-cri-d-alarme-du-chef-des-urgences-de-langres-contraint-de-placer-des-patients-dans-un-garage-2351330.html\" target=\"_blank\" rel=\"noopener\">quatri\u00e8me ann\u00e9e de m\u00e9decine<\/a>, et leur biblioth\u00e8que universitaire se d\u00e9localise ponctuellement \u00e0 l&rsquo;Op\u00e9ra de Nice. \u00ab\u00a0C&rsquo;est tr\u00e8s beau, m\u00eame de pouvoir assister \u00e0 \u00e7a, c&rsquo;est des choses qu&rsquo;on ne voit jamais, les r\u00e9p\u00e9titions, voir comment \u00e7a se passe, c&rsquo;est vraiment une bonne opportunit\u00e9\u00a0\u00bb, raconte Anna dans la vid\u00e9o en t\u00eate de cet article.<\/p>\n<p><img decoding=\"async\" src=\"https:\/\/www.europesays.com\/fr\/wp-content\/uploads\/2025\/04\/cap-jt-ballet-danse-8ec94f-0@1x.jpeg\" alt=\"\" loading=\"lazy\" importance=\"low\" fetchpriority=\"low\" class=\"\"\/>TF1Un partenariat qui dure depuis 3 ans<\/p>\n<p data-module=\"article-paragraph\" class=\"jsx-362436225 Paragraph\">&lsquo;\u00a0\u00bbC&rsquo;est une bonne fa\u00e7on de r\u00e9viser, \u00e7a change du cadre habituel, tr\u00e8s scolaire, qu&rsquo;est la biblioth\u00e8que universitaire\u00a0\u00bb, r\u00e9v\u00e8le Cam\u00e9lia. Et quand la concentration baisse, pourquoi ne pas se laisser emporter par le spectacle. \u00ab\u00a0Si je prends une petite pause, au moins je peux rester ici et regarder un petit peu\u00a0\u00bb, sourit une autre \u00e9tudiante. Une fois par mois, les \u00e9tudiants ont l&rsquo;opportunit\u00e9 de venir gratuitement assister aux <a href=\"https:\/\/www.tf1info.fr\/sante\/entre-gymnastique-et-danse-classique-cette-discipline-ameliore-la-souplesse-galbe-la-silhouette-et-renforce-les-muscles-2362027.html\" target=\"_blank\" rel=\"noopener\">r\u00e9p\u00e9titions de danse classique<\/a> ou de chant lyrique dans ce d\u00e9cor feutr\u00e9. Mais avant cela, il faut adapter les loges.<\/p>\n<p data-module=\"article-paragraph\" class=\"jsx-362436225 Paragraph Paragraph__End\">\u00ab\u00a0Ces tablettes servent \u00e0 poser <a href=\"https:\/\/www.tf1info.fr\/high-tech\/a-quoi-servent-les-mises-a-jour-sur-nos-telephones-et-ordinateurs-2348855.html\" target=\"_blank\" rel=\"noopener\">les ordinateurs<\/a>, comme les chaises d&rsquo;op\u00e9ra ne sont pas \u00e9quip\u00e9es pour, on met ces chaises-l\u00e0\u00a0\u00bb, indique Marc Spennato, responsable de la logistique des lieux. Un partenariat unique entre l&rsquo;Op\u00e9ra et l&rsquo;universit\u00e9 depuis trois ans, avec un but : d\u00e9mystifier et ramener les jeunes dans ce lieu bicentenaire. \u00ab\u00a0L&rsquo;Op\u00e9ra peut para\u00eetre un petit peu effrayant, lorsque je suis arriv\u00e9 il y a cinq ans, il y avait 6% de notre public qui avait moins de 30 ans et en 2024, 30% de notre public a moins de 30 ans\u00a0\u00bb, affirme Bertrand Rossi, directeur g\u00e9n\u00e9ral de l&rsquo;Op\u00e9ra de Nice-C\u00f4te d&rsquo;Azur.<\/p>\n<ul class=\"jsx-658110588 ReadMoreArticle__List flex flex-column\">\n<li class=\"jsx-658110588\"><a href=\"https:\/\/www.tf1info.fr\/culture\/aurelie-dupont-ex-danseuse-etoile-succede-a-benjamin-millepied-a-la-tete-du-ballet-de-lopera-de-paris-1246959.html\" rel=\"noopener\" class=\"jsx-4233824444 Link flex\" target=\"_blank\"><img decoding=\"async\" src=\"https:\/\/www.europesays.com\/fr\/wp-content\/uploads\/2025\/04\/tf1-info-ok-95ae13-0@1x.jpeg\" alt=\"Lire aussi\" loading=\"lazy\" importance=\"low\" fetchpriority=\"low\" class=\"\"\/>\n<p class=\"jsx-658110588 ReadMoreArticle__Title\">Lire aussi<\/p>\n<p class=\"jsx-658110588\">Aur\u00e9lie Dupont, ex-danseuse \u00e9toile succ\u00e8de \u00e0 Benjamin Millepied \u00e0 la t\u00eate du Ballet de l&rsquo;Op\u00e9ra de Paris<\/p>\n<p><\/a><\/li>\n<\/ul>\n<p data-module=\"article-paragraph\" class=\"jsx-362436225 Paragraph Paragraph__End\">Et l&rsquo;op\u00e9ration fonctionne. Dans le reportage en t\u00eate de cet article, des \u00e9tudiantes en orthophonie ont pris leur place : 17 euros en cat\u00e9gorie or. \u00ab\u00a0\u00c7a nous a motiv\u00e9es, on s&rsquo;est dit &lsquo;prenons les places&rsquo;. \u00c7a d\u00e9tend, \u00e7a permet de s&rsquo;\u00e9vader un peu apr\u00e8s les cours\u00a0\u00bb, explique l&rsquo;une d&rsquo;elles. Des tarifs pr\u00e9f\u00e9rentiels pour d\u00e9poussi\u00e9rer les dorures et le velours.\u00a0<\/p>\n<p>La r\u00e9daction de TF1info | Reportage : Manon HAMIOT, Christine GU\u00c9RARD<\/p>\n","protected":false},"excerpt":{"rendered":"La biblioth\u00e8que n&rsquo;est plus reine : \u00e0 Nice, les \u00e9tudiants peuvent p\u00e9riodiquement opter pour des r\u00e9visions \u00e0 l&rsquo;Op\u00e9ra.Des&hellip;\n","protected":false},"author":2,"featured_media":17794,"comment_status":"","ping_status":"","sticky":false,"template":"","format":"standard","meta":{"footnotes":""},"categories":[2819],"tags":[1111,11,1921,1777,674,1011,27,1922,5008,12,2401,882,25,133,7166],"class_list":{"0":"post-17793","1":"post","2":"type-post","3":"status-publish","4":"format-standard","5":"has-post-thumbnail","7":"category-nice","8":"tag-actu","9":"tag-actualites","10":"tag-article-video","11":"tag-eu","12":"tag-europe","13":"tag-fr","14":"tag-france","15":"tag-info","16":"tag-le-13h","17":"tag-news","18":"tag-nice","19":"tag-provence-alpes-cote-dazur","20":"tag-republique-francaise","21":"tag-video","22":"tag-video-initiatives-positives"},"share_on_mastodon":{"url":"https:\/\/pubeurope.com\/@fr\/114320407643031379","error":""},"_links":{"self":[{"href":"https:\/\/www.europesays.com\/fr\/wp-json\/wp\/v2\/posts\/17793","targetHints":{"allow":["GET"]}}],"collection":[{"href":"https:\/\/www.europesays.com\/fr\/wp-json\/wp\/v2\/posts"}],"about":[{"href":"https:\/\/www.europesays.com\/fr\/wp-json\/wp\/v2\/types\/post"}],"author":[{"embeddable":true,"href":"https:\/\/www.europesays.com\/fr\/wp-json\/wp\/v2\/users\/2"}],"replies":[{"embeddable":true,"href":"https:\/\/www.europesays.com\/fr\/wp-json\/wp\/v2\/comments?post=17793"}],"version-history":[{"count":0,"href":"https:\/\/www.europesays.com\/fr\/wp-json\/wp\/v2\/posts\/17793\/revisions"}],"wp:featuredmedia":[{"embeddable":true,"href":"https:\/\/www.europesays.com\/fr\/wp-json\/wp\/v2\/media\/17794"}],"wp:attachment":[{"href":"https:\/\/www.europesays.com\/fr\/wp-json\/wp\/v2\/media?parent=17793"}],"wp:term":[{"taxonomy":"category","embeddable":true,"href":"https:\/\/www.europesays.com\/fr\/wp-json\/wp\/v2\/categories?post=17793"},{"taxonomy":"post_tag","embeddable":true,"href":"https:\/\/www.europesays.com\/fr\/wp-json\/wp\/v2\/tags?post=17793"}],"curies":[{"name":"wp","href":"https:\/\/api.w.org\/{rel}","templated":true}]}}