{"id":177930,"date":"2025-06-15T08:17:13","date_gmt":"2025-06-15T08:17:13","guid":{"rendered":"https:\/\/www.europesays.com\/fr\/177930\/"},"modified":"2025-06-15T08:17:13","modified_gmt":"2025-06-15T08:17:13","slug":"au-depart-de-nice-il-est-possible-de-se-rendre-a-rome-pour-moins-de-60-euros","status":"publish","type":"post","link":"https:\/\/www.europesays.com\/fr\/177930\/","title":{"rendered":"Au d\u00e9part de Nice, il est possible de se rendre \u00e0 Rome pour moins de 60 euros"},"content":{"rendered":"<p>            Par<br \/>\n        <strong><br \/>\n            <a href=\"https:\/\/actu.fr\/auteur\/redaction-nice\" title=\"Consulter tous les articles de R\u00e9daction Nice\" rel=\"nofollow noopener\" target=\"_blank\">R\u00e9daction Nice<\/a><br \/>\n        <\/strong><\/p>\n<p>        Publi\u00e9 le<\/p>\n<p>            15 juin 2025 \u00e0 9h16        <\/p>\n<p>S\u2019endormir \u00e0 <a href=\"https:\/\/actu.fr\/nice\/\" rel=\"nofollow noopener\" target=\"_blank\">Nice<\/a> pour se r\u00e9veiller \u00e0 Rome\u2026 Ce n\u2019est plus un r\u00eave\u2009! Cet \u00e9t\u00e9, comme le pr\u00e9cise <a href=\"https:\/\/actu.fr\/provence-alpes-cote-d-azur\/marseille_13055\/marseille-un-train-de-nuit-spectaculaire-lance-pour-rejoindre-l-italie-des-billets-des-71-euros_62662445.html\" rel=\"nofollow noopener\" target=\"_blank\">actu Marseille<\/a>, un train de la filiale de Trenitalia<strong> reliera le sud de la France \u00e0 Rome<\/strong>. Il sera op\u00e9r\u00e9 par FS Treni Turistici Italiani, une filiale la compagnie Trenitalia, concurrent italien de la SNCF.<\/p>\n<p class=\" wall-content\">Au d\u00e9part de Marseille, bonne nouvelle pour les Ni\u00e7ois\u2009: l\u2019Espresso Riviera fera un arr\u00eat \u00e0 Nice\u2009! Il sera donc possible de rejoindre la capitale italienne depuis les <a href=\"https:\/\/actu.fr\/provence-alpes-cote-d-azur\/alpes-maritimes_06\" rel=\"nofollow noopener\" target=\"_blank\">Alpes-Maritimes<\/a>.<\/p>\n<p>Un parcours entre mer et montagne<\/p>\n<p class=\" wall-content\">Ce train de nuit partira de Nice-Ville \u00e0 18h12 pour une arriv\u00e9e en Italie le lendemain \u00e0 6h48. Id\u00e9al pour \u00e9conomiser une nuit d\u2019h\u00f4tel pendant votre voyage, ce train est une exp\u00e9rience \u00e0 part enti\u00e8re.<\/p>\n<p class=\" wall-content\">Il longera les c\u00f4tes pour profiter d\u2019un c\u00f4t\u00e9 de la vue mer et de l\u2019autre, un aper\u00e7u des Alpes. Sur le trajet, huit arr\u00eats sont pr\u00e9vus, \u00e0 Monaco, Menton, Vintimille, Sanremo, Imperia, Alassio, Savona ou encore G\u00eanes.<\/p>\n<p>Avec des espaces couchettes<\/p>\n<p class=\" wall-content\">Le retour s\u2019effectuera tous les vendredis, du 4\u00a0juillet au 29\u00a0ao\u00fbt. Le d\u00e9part de Rome est \u00e0 19h57 (\u00e0 21h45 le 4\u00a0juillet) pour une arriv\u00e9e le lendemain matin \u00e0 Nice, \u00e0 11h07. Aucun arr\u00eat n\u2019est pr\u00e9vu entre G\u00eanes et la ville \u00e9ternelle. Sur ce tron\u00e7on, les rames se transforment\u2009: le <strong>train passe en mode \u00ab\u2009nuit\u2009\u00bb,<\/strong> avec des espaces couchettes. En journ\u00e9e et sur le reste du trajet, des si\u00e8ges sont accessibles en premi\u00e8re et seconde classe ainsi qu\u2019un restaurant.<\/p>\n<p>Vid\u00e9os : en ce moment sur Actu<\/p>\n<p class=\" wall-content\">Pour vous rendre en Italie, les prix d\u00e9butent \u00e0 56,20\u00a0euros gr\u00e2ce \u00e0 l\u2019offre limit\u00e9e TTI Special 25. Comptez sinon 74,90\u00a0euros pour un lit dans une cabine de 4 couchettes. Des tarifs qui d\u00e9fient ceux affich\u00e9s pour les <a href=\"https:\/\/actu.fr\/provence-alpes-cote-d-azur\/nice_06088\/aeroport-de-nice-le-vol-aller-retour-le-moins-cher-en-juin-est-a-50-euros_62663489.html\" rel=\"nofollow noopener\" target=\"_blank\">vols depuis l\u2019a\u00e9roport de Nice<\/a>. Pour r\u00e9server, rendez-vous sur <a href=\"https:\/\/www.fstrenituristici.it\/content\/fs_treni_turistici\/it\/destinazioni\/TreniTuristici\/EspressoRiviera.html\" rel=\"nofollow noopener\" target=\"_blank\">FS Treni Turistici Italiani<\/a>.<\/p>\n<p>Par Florine Amenta<\/p>\n<p class=\" wall-content\">Suivez toute l\u2019actualit\u00e9 de vos villes et m\u00e9dias favoris en vous inscrivant \u00e0 <a href=\"https:\/\/moncompte.actu.fr\" title=\"D\u00e9couvez Mon Actu\" rel=\"nofollow noopener\" data-trk=\"{&quot;cta&quot;:{&quot;action&quot;:&quot;https:\\\/\\\/moncompte.actu.fr&quot;,&quot;category&quot;:&quot;mon compte&quot;,&quot;from&quot;:&quot;article footer&quot;,&quot;name&quot;:&quot;Mon actu&quot;,&quot;type&quot;:&quot;cta&quot;}}\" target=\"_blank\">Mon Actu<\/a>.<\/p>\n","protected":false},"excerpt":{"rendered":"Par R\u00e9daction Nice Publi\u00e9 le 15 juin 2025 \u00e0 9h16 S\u2019endormir \u00e0 Nice pour se r\u00e9veiller \u00e0 Rome\u2026&hellip;\n","protected":false},"author":2,"featured_media":177931,"comment_status":"","ping_status":"","sticky":false,"template":"","format":"standard","meta":{"footnotes":""},"categories":[2819],"tags":[1111,11,1777,674,1011,27,452,12,2401,882,25,104,2803],"class_list":{"0":"post-177930","1":"post","2":"type-post","3":"status-publish","4":"format-standard","5":"has-post-thumbnail","7":"category-nice","8":"tag-actu","9":"tag-actualites","10":"tag-eu","11":"tag-europe","12":"tag-fr","13":"tag-france","14":"tag-italie","15":"tag-news","16":"tag-nice","17":"tag-provence-alpes-cote-dazur","18":"tag-republique-francaise","19":"tag-societe","20":"tag-transport"},"share_on_mastodon":{"url":"https:\/\/pubeurope.com\/@fr\/114686397203701837","error":""},"_links":{"self":[{"href":"https:\/\/www.europesays.com\/fr\/wp-json\/wp\/v2\/posts\/177930","targetHints":{"allow":["GET"]}}],"collection":[{"href":"https:\/\/www.europesays.com\/fr\/wp-json\/wp\/v2\/posts"}],"about":[{"href":"https:\/\/www.europesays.com\/fr\/wp-json\/wp\/v2\/types\/post"}],"author":[{"embeddable":true,"href":"https:\/\/www.europesays.com\/fr\/wp-json\/wp\/v2\/users\/2"}],"replies":[{"embeddable":true,"href":"https:\/\/www.europesays.com\/fr\/wp-json\/wp\/v2\/comments?post=177930"}],"version-history":[{"count":0,"href":"https:\/\/www.europesays.com\/fr\/wp-json\/wp\/v2\/posts\/177930\/revisions"}],"wp:featuredmedia":[{"embeddable":true,"href":"https:\/\/www.europesays.com\/fr\/wp-json\/wp\/v2\/media\/177931"}],"wp:attachment":[{"href":"https:\/\/www.europesays.com\/fr\/wp-json\/wp\/v2\/media?parent=177930"}],"wp:term":[{"taxonomy":"category","embeddable":true,"href":"https:\/\/www.europesays.com\/fr\/wp-json\/wp\/v2\/categories?post=177930"},{"taxonomy":"post_tag","embeddable":true,"href":"https:\/\/www.europesays.com\/fr\/wp-json\/wp\/v2\/tags?post=177930"}],"curies":[{"name":"wp","href":"https:\/\/api.w.org\/{rel}","templated":true}]}}