{"id":177939,"date":"2025-06-15T08:22:08","date_gmt":"2025-06-15T08:22:08","guid":{"rendered":"https:\/\/www.europesays.com\/fr\/177939\/"},"modified":"2025-06-15T08:22:08","modified_gmt":"2025-06-15T08:22:08","slug":"une-antenne-de-formation-ouverte-a-montauban","status":"publish","type":"post","link":"https:\/\/www.europesays.com\/fr\/177939\/","title":{"rendered":"une antenne de formation ouverte \u00e0 Montauban"},"content":{"rendered":"<p>            Par<br \/>\n        <strong><br \/>\n            <a href=\"https:\/\/actu.fr\/auteur\/salomee-tafforeau\" title=\"Consulter tous les articles de Salomee Tafforeau\" rel=\"nofollow noopener\" target=\"_blank\">Salomee Tafforeau<\/a><br \/>\n        <\/strong><\/p>\n<p>        Publi\u00e9 le<\/p>\n<p>            15 juin 2025 \u00e0 10h02        <\/p>\n<p>\u00c0 Montauban (Tarn-et-Garonne), la rentr\u00e9e n\u2019est d\u00e9j\u00e0 plus tr\u00e8s loin. L\u2019\u00e9cole \u00ab\u2009<a href=\"https:\/\/www.vidal-formation.fr\/\" rel=\"nofollow noopener\" target=\"_blank\">Vidal Formation<\/a>\u2009\u00bb, sp\u00e9cialis\u00e9e dans le <strong>secr\u00e9tariat m\u00e9dical<\/strong>, vient d\u2019annoncer l\u2019ouverture d\u2019une antenne \u00e0 <a href=\"https:\/\/actu.fr\/occitanie\/montauban_82121\" rel=\"nofollow noopener\" target=\"_blank\">Montauban<\/a> d\u00e8s le mois d\u2019octobre\u00a02025. Le but, r\u00e9pondre d\u2019une part \u00e0 \u00ab\u2009une forte demande\u2009\u00bb des \u00e9tudiants montalbanais jusqu\u2019alors contraints de se former \u00e0 distance, d\u2019autre part aux \u00ab\u2009<strong>besoins croissants<\/strong> en personnel administratif qualifi\u00e9 dans le secteur de la sant\u00e9\u2009\u00bb.<\/p>\n<p>Secteur class\u00e9 \u00ab\u2009en tension\u2009\u00bb en 2025<\/p>\n<p class=\" wall-content\">Depuis le 21\u00a0mai dernier, le m\u00e9tier de secr\u00e9taire m\u00e9dicale figure en effet sur la liste gouvernementale des m\u00e9tiers dits \u00ab<strong>\u2009en tension<\/strong>\u2009\u00bb, caract\u00e9ris\u00e9s par des difficult\u00e9s de recrutement. En 2024, la France comptait <strong>123\u2009000 secr\u00e9taires m\u00e9dicales<\/strong>. Des <strong>effectifs insuffisants<\/strong> au regard de la demande dans les h\u00f4pitaux priv\u00e9s ou publics, les cabinets m\u00e9dicaux ou encore les centres d\u2019analyses.<\/p>\n<p>    <a href=\"https:\/\/www.facebook.com\/plugins\/post.php?href=https%3A%2F%2Fwww.facebook.com%2FVidalFormationToulouse%2Fposts%2Fpfbid0XB89njdJS1y7XevAzofTwifywavHdVcjBTnLig9n2gcSVGsHSZzSHsWN1k1Rrszjl&amp;show_text=true&amp;width=350\" title=\"Ouvrie le lien\" rel=\"nofollow noopener\" target=\"_blank\">Cliquez ici pour visualiser le contenu<\/a><\/p>\n<p>86\u2009% de taux d\u2019insertion en 2023<\/p>\n<p class=\" wall-content\">Du fait de la forte demande du secteur, \u00ab\u2009Vidal Formation\u2009\u00bb se targue d\u2019un<strong> taux d\u2019insertion professionnelle de 86\u2009%<\/strong> en 2023. Une performance que la directrice p\u00e9dagogique de l\u2019\u00e9cole, Cathy Castel, entend bien renouveler au sein de l\u2019antenne montalbanaise. \u00ab\u2009Les \u00e9tudiants de Montauban b\u00e9n\u00e9ficieront du m\u00eame accompagnement et de la m\u00eame <strong>expertise p\u00e9dagogique<\/strong> qui font la r\u00e9putation de Vidal Formation\u2009\u00bb, affirme cette derni\u00e8re.<\/p>\n<p>Vid\u00e9os : en ce moment sur Actu12\u00a0mois d\u2019alternance avec 4\u00a0jours en entreprise par semaine<\/p>\n<p class=\" wall-content\">Pour garantir \u00e0 ses \u00e9tudiants une formation de terrain, l\u2019\u00e9cole mise sur la pr\u00e9sence en entreprise. Rattach\u00e9 \u00e0 l\u2019\u00e9cole de Toulouse, l\u2019\u00e9tablissement proposera<strong> 12\u00a0mois de formation en alternance<\/strong> \u00e0 raison de<strong> quatre jours dans le milieu professionnel<\/strong> et d\u2019un jour de cours par semaine, auquel s\u2019ajouteront trois jours de cours suppl\u00e9mentaires \u00e0 la fin du mois.<\/p>\n<p class=\" wall-content\">\u00c0 noter que la formation est <strong>gratuite<\/strong>, car prise en charge par l\u2019entreprise. En attendant l\u2019ouverture prochaine des inscriptions, il est d\u00e9j\u00e0 possible d\u2019assister \u00e0 une<strong> r\u00e9union d\u2019information<\/strong> \u00e0 Montauban en d\u00e9posant une demande<a href=\"https:\/\/www.vidal-formation.fr\/reunion-collective-vidal-formation-montauban\/\" rel=\"nofollow noopener\" target=\"_blank\"> via le site de l\u2019\u00e9cole<\/a>.<\/p>\n<p class=\" wall-content\">Suivez toute l\u2019actualit\u00e9 de vos villes et m\u00e9dias favoris en vous inscrivant \u00e0 <a href=\"https:\/\/moncompte.actu.fr\" title=\"D\u00e9couvez Mon Actu\" rel=\"nofollow noopener\" data-trk=\"{&quot;cta&quot;:{&quot;action&quot;:&quot;https:\\\/\\\/moncompte.actu.fr&quot;,&quot;category&quot;:&quot;mon compte&quot;,&quot;from&quot;:&quot;article footer&quot;,&quot;name&quot;:&quot;Mon actu&quot;,&quot;type&quot;:&quot;cta&quot;}}\" target=\"_blank\">Mon Actu<\/a>.<\/p>\n","protected":false},"excerpt":{"rendered":"Par Salomee Tafforeau Publi\u00e9 le 15 juin 2025 \u00e0 10h02 \u00c0 Montauban (Tarn-et-Garonne), la rentr\u00e9e n\u2019est d\u00e9j\u00e0 plus&hellip;\n","protected":false},"author":2,"featured_media":177940,"comment_status":"","ping_status":"","sticky":false,"template":"","format":"standard","meta":{"footnotes":""},"categories":[2816],"tags":[1111,11,341,1777,674,1119,1011,27,530,12,2680,25,104,2312],"class_list":{"0":"post-177939","1":"post","2":"type-post","3":"status-publish","4":"format-standard","5":"has-post-thumbnail","7":"category-toulouse","8":"tag-actu","9":"tag-actualites","10":"tag-emploi","11":"tag-eu","12":"tag-europe","13":"tag-formation","14":"tag-fr","15":"tag-france","16":"tag-france-travail","17":"tag-news","18":"tag-occitanie","19":"tag-republique-francaise","20":"tag-societe","21":"tag-toulouse"},"share_on_mastodon":{"url":"https:\/\/pubeurope.com\/@fr\/114686416903081223","error":""},"_links":{"self":[{"href":"https:\/\/www.europesays.com\/fr\/wp-json\/wp\/v2\/posts\/177939","targetHints":{"allow":["GET"]}}],"collection":[{"href":"https:\/\/www.europesays.com\/fr\/wp-json\/wp\/v2\/posts"}],"about":[{"href":"https:\/\/www.europesays.com\/fr\/wp-json\/wp\/v2\/types\/post"}],"author":[{"embeddable":true,"href":"https:\/\/www.europesays.com\/fr\/wp-json\/wp\/v2\/users\/2"}],"replies":[{"embeddable":true,"href":"https:\/\/www.europesays.com\/fr\/wp-json\/wp\/v2\/comments?post=177939"}],"version-history":[{"count":0,"href":"https:\/\/www.europesays.com\/fr\/wp-json\/wp\/v2\/posts\/177939\/revisions"}],"wp:featuredmedia":[{"embeddable":true,"href":"https:\/\/www.europesays.com\/fr\/wp-json\/wp\/v2\/media\/177940"}],"wp:attachment":[{"href":"https:\/\/www.europesays.com\/fr\/wp-json\/wp\/v2\/media?parent=177939"}],"wp:term":[{"taxonomy":"category","embeddable":true,"href":"https:\/\/www.europesays.com\/fr\/wp-json\/wp\/v2\/categories?post=177939"},{"taxonomy":"post_tag","embeddable":true,"href":"https:\/\/www.europesays.com\/fr\/wp-json\/wp\/v2\/tags?post=177939"}],"curies":[{"name":"wp","href":"https:\/\/api.w.org\/{rel}","templated":true}]}}