{"id":177941,"date":"2025-06-15T08:23:11","date_gmt":"2025-06-15T08:23:11","guid":{"rendered":"https:\/\/www.europesays.com\/fr\/177941\/"},"modified":"2025-06-15T08:23:11","modified_gmt":"2025-06-15T08:23:11","slug":"une-vingtaine-de-pompiers-engages","status":"publish","type":"post","link":"https:\/\/www.europesays.com\/fr\/177941\/","title":{"rendered":"une vingtaine de pompiers engag\u00e9s"},"content":{"rendered":"<p>            Par<br \/>\n        <strong><br \/>\n            <a href=\"https:\/\/actu.fr\/auteur\/mareva-laville-actu-fr\" title=\"Consulter tous les articles de Mar\u00e9va Laville\" rel=\"nofollow noopener\" target=\"_blank\">Mar\u00e9va Laville<\/a><br \/>\n        <\/strong><\/p>\n<p>        Publi\u00e9 le<\/p>\n<p>            15 juin 2025 \u00e0 9h33        <\/p>\n<p>T\u00f4t ce dimanche 15\u00a0juin 2025 matin, un feu de maison s\u2019est d\u00e9clar\u00e9 dans la commune de <a href=\"https:\/\/actu.fr\/occitanie\/plaisance-du-touch_31424\" rel=\"nofollow noopener\" target=\"_blank\"><strong>Plaisance-du-Touch<\/strong><\/a>, \u00e0 l\u2019ouest de <a href=\"http:\/\/www.actu.fr\/toulouse\" rel=\"nofollow noopener\" target=\"_blank\">Toulouse<\/a>.<\/p>\n<p>    <a href=\"https:\/\/www.google.com\/maps\/embed?pb=!1m18!1m12!1m3!1d2890.9166108540335!2d1.2804306125360465!3d43.56662067098588!2m3!1f0!2f0!3f0!3m2!1i1024!2i768!4f13.1!3m3!1m2!1s0x12aeb3e5ab3ec509%3A0xa0cdefa7f8e834bf!2sRue%20de%20la%20Hille%2C%2031830!5e0!3m2!1sfr!2sfr!4v1749972371022!5m2!1sfr!2sfr\" title=\"Ouvrie le lien\" rel=\"nofollow noopener\" target=\"_blank\">Cliquez ici pour visualiser le contenu<\/a><\/p>\n<p>Une maison totalement embras\u00e9e<\/p>\n<p class=\" wall-content\">Vers 7h30, une<strong> vingtaine de sapeurs-pompiers<\/strong> s\u2019engageaient \u00e0 \u00e9teindre le sinistre touchant <strong>une maison d\u2019un \u00e9tage, \u00ab\u2009enti\u00e8rement embras\u00e9e\u2009\u00bb<\/strong>, pr\u00e9cise le Sdis 31. La maison touch\u00e9e se trouve dans la rue de la Hille.<\/p>\n<p>Une Tesla impliqu\u00e9e\u2009?<\/p>\n<p class=\" wall-content\">Selon les gendarmes, pr\u00e9sents sur place,<strong> \u00ab\u2009une Tesla \u00e9tait en charge dans la maison\u2009\u00bb.<\/strong> Le feu a-t-il \u00e9t\u00e9 provoqu\u00e9 par la voiture\u2009? Est-ce un accident\u2009? Un incendie criminel\u2009?<strong> Une enqu\u00eate est ouverte<\/strong> par la gendarmerie pour en savoir plus.<\/p>\n<p class=\" wall-content\">Plus d\u2019informations \u00e0 venir\u2026<\/p>\n<p class=\" wall-content\">Suivez toute l\u2019actualit\u00e9 de vos villes et m\u00e9dias favoris en vous inscrivant \u00e0 <a href=\"https:\/\/moncompte.actu.fr\" title=\"D\u00e9couvez Mon Actu\" rel=\"nofollow noopener\" data-trk=\"{&quot;cta&quot;:{&quot;action&quot;:&quot;https:\\\/\\\/moncompte.actu.fr&quot;,&quot;category&quot;:&quot;mon compte&quot;,&quot;from&quot;:&quot;article footer&quot;,&quot;name&quot;:&quot;Mon actu&quot;,&quot;type&quot;:&quot;cta&quot;}}\" target=\"_blank\">Mon Actu<\/a>.<\/p>\n","protected":false},"excerpt":{"rendered":"Par Mar\u00e9va Laville Publi\u00e9 le 15 juin 2025 \u00e0 9h33 T\u00f4t ce dimanche 15\u00a0juin 2025 matin, un feu&hellip;\n","protected":false},"author":2,"featured_media":177942,"comment_status":"","ping_status":"","sticky":false,"template":"","format":"standard","meta":{"footnotes":""},"categories":[2816],"tags":[1111,11,1777,674,118,1011,27,1310,12,2680,1311,25,2312],"class_list":{"0":"post-177941","1":"post","2":"type-post","3":"status-publish","4":"format-standard","5":"has-post-thumbnail","7":"category-toulouse","8":"tag-actu","9":"tag-actualites","10":"tag-eu","11":"tag-europe","12":"tag-faits-divers","13":"tag-fr","14":"tag-france","15":"tag-incendie","16":"tag-news","17":"tag-occitanie","18":"tag-pompiers","19":"tag-republique-francaise","20":"tag-toulouse"},"share_on_mastodon":{"url":"https:\/\/pubeurope.com\/@fr\/114686420832599990","error":""},"_links":{"self":[{"href":"https:\/\/www.europesays.com\/fr\/wp-json\/wp\/v2\/posts\/177941","targetHints":{"allow":["GET"]}}],"collection":[{"href":"https:\/\/www.europesays.com\/fr\/wp-json\/wp\/v2\/posts"}],"about":[{"href":"https:\/\/www.europesays.com\/fr\/wp-json\/wp\/v2\/types\/post"}],"author":[{"embeddable":true,"href":"https:\/\/www.europesays.com\/fr\/wp-json\/wp\/v2\/users\/2"}],"replies":[{"embeddable":true,"href":"https:\/\/www.europesays.com\/fr\/wp-json\/wp\/v2\/comments?post=177941"}],"version-history":[{"count":0,"href":"https:\/\/www.europesays.com\/fr\/wp-json\/wp\/v2\/posts\/177941\/revisions"}],"wp:featuredmedia":[{"embeddable":true,"href":"https:\/\/www.europesays.com\/fr\/wp-json\/wp\/v2\/media\/177942"}],"wp:attachment":[{"href":"https:\/\/www.europesays.com\/fr\/wp-json\/wp\/v2\/media?parent=177941"}],"wp:term":[{"taxonomy":"category","embeddable":true,"href":"https:\/\/www.europesays.com\/fr\/wp-json\/wp\/v2\/categories?post=177941"},{"taxonomy":"post_tag","embeddable":true,"href":"https:\/\/www.europesays.com\/fr\/wp-json\/wp\/v2\/tags?post=177941"}],"curies":[{"name":"wp","href":"https:\/\/api.w.org\/{rel}","templated":true}]}}