{"id":177943,"date":"2025-06-15T08:24:16","date_gmt":"2025-06-15T08:24:16","guid":{"rendered":"https:\/\/www.europesays.com\/fr\/177943\/"},"modified":"2025-06-15T08:24:16","modified_gmt":"2025-06-15T08:24:16","slug":"villeneuve-dascq-auchan-annonce-un-enorme-changement-pour-son-immense-magasin-du-centre-commercial-v2","status":"publish","type":"post","link":"https:\/\/www.europesays.com\/fr\/177943\/","title":{"rendered":"Villeneuve-d&rsquo;Ascq. Auchan annonce un \u00e9norme changement pour son immense magasin du centre commercial V2"},"content":{"rendered":"<p>            Par<br \/>\n        <strong><br \/>\n            <a href=\"https:\/\/actu.fr\/auteur\/nicolas-demollien\" title=\"Consulter tous les articles de Nicolas Demollien\" target=\"_blank\" rel=\"noopener\">Nicolas Demollien<\/a><br \/>\n        <\/strong><\/p>\n<p>        Publi\u00e9 le<\/p>\n<p>            15 juin 2025 \u00e0 6h08        <\/p>\n<p>Plus qu\u2019un changement, c\u2019est un <b>v\u00e9ritable tournant<\/b> que va conna\u00eetre l\u2019<b>hypermarch\u00e9<\/b> <a href=\"https:\/\/actu.fr\/tag\/auchan\" target=\"_blank\" rel=\"noopener\">Auchan<\/a> du <b>centre commercial Aushopping V2 <\/b>de <a href=\"https:\/\/actu.fr\/hauts-de-france\/villeneuve-d-ascq_59009\" target=\"_blank\" rel=\"noopener\">Villeneuve-d\u2019Ascq<\/a>, tout pr\u00e8s de <a href=\"https:\/\/actu.fr\/hauts-de-france\/lille_59350\" target=\"_blank\" rel=\"noopener\">Lille<\/a> (Nord). La <b>surface du magasin<\/b> va en effet \u00eatre <b>r\u00e9duite drastiquement<\/b> d\u2019ici quelques mois puisque <b>tous les produits vont \u00eatre regroup\u00e9s sur un seul niveau<\/b>.\u00a0<\/p>\n<p>Un changement majeur \u00e0 l\u2019hypermarch\u00e9 Auchan de Villeneuve-d\u2019Ascq<\/p>\n<p class=\" wall-content\">Vous l\u2019aurez compris, le <b>magasin ne sera plus que sur un seul \u00e9tage<\/b>. De grands panneaux annoncent d\u2019ores et d\u00e9j\u00e0 le changement au sein du magasin. Il faudra toutefois du temps pour r\u00e9aliser les <b>am\u00e9nagements<\/b> et aucune date n\u2019a \u00e9t\u00e9 avanc\u00e9e. Reste \u00e9galement \u00e0 savoir ce qui sera mis en place sur la surface lib\u00e9r\u00e9e par l\u2019enseigne.<\/p>\n<p class=\" wall-content\">Cette r\u00e9duction de superficie n\u2019est pas une surprise alors que le groupe Auchan a mis en place <a href=\"https:\/\/actu.fr\/economie\/auchan-le-groupe-compte-supprimer-pres-de-2400-postes-et-fermer-une-dizaine-de-supermarches_61824342.html\" target=\"_blank\" rel=\"noopener\">un plan social avec la suppression de pr\u00e8s de 2400 emplois<\/a>.\u00a0<\/p>\n<p class=\" wall-content\">Peu de temps apr\u00e8s, Auchan avait annonc\u00e9 vouloir <a href=\"https:\/\/actu.fr\/economie\/dans-le-dur-auchan-veut-se-relancer-en-reduisant-la-surface-de-ses-magasins_61406956.html\" target=\"_blank\" rel=\"noopener\">se relancer en r\u00e9duisant ses surfaces commerciales<\/a>. Auchan avait alors pr\u00e9cis\u00e9 que son plan, impuls\u00e9 au second semestre 2023, pr\u00e9voyait la <b>r\u00e9duction de la surface d\u2019environ un tiers de ses hypermarch\u00e9s<\/b> dans tous ses pays europ\u00e9ens.<\/p>\n<p class=\" wall-content\">Dans la m\u00e9tropole de Lille, l\u2019hypermarch\u00e9 Auchan de <a href=\"https:\/\/actu.fr\/hauts-de-france\/faches-thumesnil_59220\" target=\"_blank\" rel=\"noopener\">Faches-Thumesnil<\/a> serait aussi concern\u00e9 par ces projets de r\u00e9duction de surface. Affaire \u00e0 suivre.<\/p>\n<p>Vid\u00e9os : en ce moment sur Actu<\/p>\n<p class=\" wall-content\">Suivez toute l\u2019actualit\u00e9 de vos villes et m\u00e9dias favoris en vous inscrivant \u00e0 <a href=\"https:\/\/moncompte.actu.fr\" title=\"D\u00e9couvez Mon Actu\" rel=\"nofollow noopener\" data-trk=\"{&quot;cta&quot;:{&quot;action&quot;:&quot;https:\\\/\\\/moncompte.actu.fr&quot;,&quot;category&quot;:&quot;mon compte&quot;,&quot;from&quot;:&quot;article footer&quot;,&quot;name&quot;:&quot;Mon actu&quot;,&quot;type&quot;:&quot;cta&quot;}}\" target=\"_blank\">Mon Actu<\/a>.<\/p>\n","protected":false},"excerpt":{"rendered":"Par Nicolas Demollien Publi\u00e9 le 15 juin 2025 \u00e0 6h08 Plus qu\u2019un changement, c\u2019est un v\u00e9ritable tournant que&hellip;\n","protected":false},"author":2,"featured_media":177944,"comment_status":"","ping_status":"","sticky":false,"template":"","format":"standard","meta":{"footnotes":""},"categories":[2815],"tags":[1111,11,14474,33,1777,674,1011,27,811,1307,12,25],"class_list":{"0":"post-177943","1":"post","2":"type-post","3":"status-publish","4":"format-standard","5":"has-post-thumbnail","7":"category-lille","8":"tag-actu","9":"tag-actualites","10":"tag-auchan","11":"tag-economie","12":"tag-eu","13":"tag-europe","14":"tag-fr","15":"tag-france","16":"tag-hauts-de-france","17":"tag-lille","18":"tag-news","19":"tag-republique-francaise"},"share_on_mastodon":{"url":"https:\/\/pubeurope.com\/@fr\/114686424730377609","error":""},"_links":{"self":[{"href":"https:\/\/www.europesays.com\/fr\/wp-json\/wp\/v2\/posts\/177943","targetHints":{"allow":["GET"]}}],"collection":[{"href":"https:\/\/www.europesays.com\/fr\/wp-json\/wp\/v2\/posts"}],"about":[{"href":"https:\/\/www.europesays.com\/fr\/wp-json\/wp\/v2\/types\/post"}],"author":[{"embeddable":true,"href":"https:\/\/www.europesays.com\/fr\/wp-json\/wp\/v2\/users\/2"}],"replies":[{"embeddable":true,"href":"https:\/\/www.europesays.com\/fr\/wp-json\/wp\/v2\/comments?post=177943"}],"version-history":[{"count":0,"href":"https:\/\/www.europesays.com\/fr\/wp-json\/wp\/v2\/posts\/177943\/revisions"}],"wp:featuredmedia":[{"embeddable":true,"href":"https:\/\/www.europesays.com\/fr\/wp-json\/wp\/v2\/media\/177944"}],"wp:attachment":[{"href":"https:\/\/www.europesays.com\/fr\/wp-json\/wp\/v2\/media?parent=177943"}],"wp:term":[{"taxonomy":"category","embeddable":true,"href":"https:\/\/www.europesays.com\/fr\/wp-json\/wp\/v2\/categories?post=177943"},{"taxonomy":"post_tag","embeddable":true,"href":"https:\/\/www.europesays.com\/fr\/wp-json\/wp\/v2\/tags?post=177943"}],"curies":[{"name":"wp","href":"https:\/\/api.w.org\/{rel}","templated":true}]}}