{"id":177950,"date":"2025-06-15T08:28:19","date_gmt":"2025-06-15T08:28:19","guid":{"rendered":"https:\/\/www.europesays.com\/fr\/177950\/"},"modified":"2025-06-15T08:28:19","modified_gmt":"2025-06-15T08:28:19","slug":"lyon-un-banquet-geant-et-gratuit-organise-dans-ce-quartier-voici-a-quoi-sattendre","status":"publish","type":"post","link":"https:\/\/www.europesays.com\/fr\/177950\/","title":{"rendered":"Lyon. Un banquet g\u00e9ant et gratuit organis\u00e9 dans ce quartier : voici \u00e0 quoi s&rsquo;attendre"},"content":{"rendered":"<p>            Par<br \/>\n        <strong><br \/>\n            <a href=\"https:\/\/actu.fr\/auteur\/theo-zuili\" title=\"Consulter tous les articles de Th\u00e9o Zuili\" target=\"_blank\" rel=\"noopener\">Th\u00e9o Zuili<\/a><br \/>\n        <\/strong><\/p>\n<p>        Publi\u00e9 le<\/p>\n<p>            15 juin 2025 \u00e0 7h00        <\/p>\n<p>Apr\u00e8s le succ\u00e8s du festival Cuisine du monde <a href=\"https:\/\/actu.fr\/auvergne-rhone-alpes\/lyon_69123\/lyon-pourquoi-il-y-avait-un-monde-fou-dans-ce-quartier-de-la-ville-dimanche_62655220.html\" target=\"_blank\" rel=\"noopener\">qui a attir\u00e9 les foules dans ce quartier<\/a> en mai dernier, c\u2019est au tour du <a href=\"https:\/\/actu.fr\/auvergne-rhone-alpes\/lyon_69123\/lyon-ce-festival-gratuit-au-bord-du-rhone-et-de-la-saone-revient-bien-en-2025-ce-qui-change_62722131.html\" target=\"_blank\" rel=\"noopener\">festival Entre Rh\u00f4ne et Sa\u00f4ne<\/a> d\u2019animer le quartier de la <strong>Guilloti\u00e8re<\/strong> autour d\u2019un th\u00e8me qui fait l\u2019unanimit\u00e9 \u00e0 <a href=\"https:\/\/actu.fr\/lyon\/\" target=\"_blank\" rel=\"noopener\">Lyon<\/a> : la nourriture. Un \u00ab\u00a0banquet g\u00e9ant\u00a0\u00bb d\u00e9barque sur les quais du Rh\u00f4ne pour suivre les pas de la pr\u00e9c\u00e9dente \u00e9dition, voici ce qu\u2019il faut savoir.<\/p>\n<p>Un pique-nique au soleil couchant<\/p>\n<p class=\" wall-content\">Avec <a href=\"https:\/\/actu.fr\/auvergne-rhone-alpes\/lyon_69123\/lyon-va-organiser-une-grande-baignade-derivante-sur-le-rhone-ouverte-aux-lyonnais_62726702.html\" target=\"_blank\" rel=\"noopener\">la baignade d\u00e9rivante dans le Rh\u00f4ne<\/a> (dont les r\u00e9servations sont d\u00e9j\u00e0 compl\u00e8tes), l\u2019\u00e9v\u00e8nement \u00ab\u00a0Ondine \u00e0 la Guill\u2019\u00a0\u00bb fait partie des \u00ab\u00a0temps forts\u00a0\u00bb du festival de l\u2019Eau. La mairie de Lyon donne rendez-vous sur les berges hautes de la <a href=\"https:\/\/actu.fr\/tag\/guillotiere\" target=\"_blank\" rel=\"noopener\">Guilloti\u00e8re<\/a>, quai Augagneur, <strong>vendredi 27 juin<\/strong>.<\/p>\n<p class=\" wall-content\">L\u2019acc\u00e8s sera <strong>gratuit<\/strong> autour des tables, dispos\u00e9es \u00e0 la mani\u00e8re d\u2019un banquet l\u00e0 o\u00f9 prend place le march\u00e9. \u00ab\u00a0Prenez place \u00e0 l\u2019heure du d\u00eener pour partager un bon moment avec vue sur le Rh\u00f4ne et le soleil couchant\u00a0\u00bb, \u00e9crit la Ville de Lyon.<\/p>\n<p>Food trucks et surprise<\/p>\n<p class=\" wall-content\">De 19h \u00e0 23h30, il sera possible de venir se restaurer seul, entre amis ou en famille dans une ambiance de f\u00eate. \u00ab\u00a0Vous pouvez apporter vos propres victuailles et compl\u00e9ter avec des paniers de fruits et l\u00e9gumes dispos\u00e9s sur toutes les tables\u00a0\u00bb, pr\u00e9sentent les organisateurs.<\/p>\n<p class=\" wall-content\">Il est pr\u00e9cis\u00e9 que <strong>des food trucks<\/strong> seront pr\u00e9sents sur place. \u00ab\u00a0C\u00f4t\u00e9 ambiance, Ondine \u00e0 la Guill\u2019 vous r\u00e9serve une surprise\u2026 le repas risque d\u2019\u00eatre anim\u00e9 !\u00a0\u00bb, nous pr\u00e9vient-on.<\/p>\n<p class=\" wall-content\">Attention, il est indiqu\u00e9 de penser \u00e0 prendre une gourde. De quoi estimer qu\u2019aucun bar ou moyen de rafraichissement ne sera \u00e0 disposition.<\/p>\n<p class=\" wall-content\">Suivez toute l\u2019actualit\u00e9 de vos villes et m\u00e9dias favoris en vous inscrivant \u00e0 <a href=\"https:\/\/moncompte.actu.fr\" title=\"D\u00e9couvez Mon Actu\" rel=\"nofollow noopener\" data-trk=\"{&quot;cta&quot;:{&quot;action&quot;:&quot;https:\\\/\\\/moncompte.actu.fr&quot;,&quot;category&quot;:&quot;mon compte&quot;,&quot;from&quot;:&quot;article footer&quot;,&quot;name&quot;:&quot;Mon actu&quot;,&quot;type&quot;:&quot;cta&quot;}}\" target=\"_blank\">Mon Actu<\/a>.<\/p>\n","protected":false},"excerpt":{"rendered":"Par Th\u00e9o Zuili Publi\u00e9 le 15 juin 2025 \u00e0 7h00 Apr\u00e8s le succ\u00e8s du festival Cuisine du monde&hellip;\n","protected":false},"author":2,"featured_media":177951,"comment_status":"","ping_status":"","sticky":false,"template":"","format":"standard","meta":{"footnotes":""},"categories":[1889],"tags":[1111,11,2430,1777,674,1011,27,23173,1652,2428,12,25],"class_list":{"0":"post-177950","1":"post","2":"type-post","3":"status-publish","4":"format-standard","5":"has-post-thumbnail","7":"category-lyon","8":"tag-actu","9":"tag-actualites","10":"tag-auvergne-rhone-alpes","11":"tag-eu","12":"tag-europe","13":"tag-fr","14":"tag-france","15":"tag-guillotiere","16":"tag-loisirs-culture","17":"tag-lyon","18":"tag-news","19":"tag-republique-francaise"},"share_on_mastodon":{"url":"https:\/\/pubeurope.com\/@fr\/114686440917898763","error":""},"_links":{"self":[{"href":"https:\/\/www.europesays.com\/fr\/wp-json\/wp\/v2\/posts\/177950","targetHints":{"allow":["GET"]}}],"collection":[{"href":"https:\/\/www.europesays.com\/fr\/wp-json\/wp\/v2\/posts"}],"about":[{"href":"https:\/\/www.europesays.com\/fr\/wp-json\/wp\/v2\/types\/post"}],"author":[{"embeddable":true,"href":"https:\/\/www.europesays.com\/fr\/wp-json\/wp\/v2\/users\/2"}],"replies":[{"embeddable":true,"href":"https:\/\/www.europesays.com\/fr\/wp-json\/wp\/v2\/comments?post=177950"}],"version-history":[{"count":0,"href":"https:\/\/www.europesays.com\/fr\/wp-json\/wp\/v2\/posts\/177950\/revisions"}],"wp:featuredmedia":[{"embeddable":true,"href":"https:\/\/www.europesays.com\/fr\/wp-json\/wp\/v2\/media\/177951"}],"wp:attachment":[{"href":"https:\/\/www.europesays.com\/fr\/wp-json\/wp\/v2\/media?parent=177950"}],"wp:term":[{"taxonomy":"category","embeddable":true,"href":"https:\/\/www.europesays.com\/fr\/wp-json\/wp\/v2\/categories?post=177950"},{"taxonomy":"post_tag","embeddable":true,"href":"https:\/\/www.europesays.com\/fr\/wp-json\/wp\/v2\/tags?post=177950"}],"curies":[{"name":"wp","href":"https:\/\/api.w.org\/{rel}","templated":true}]}}