{"id":177953,"date":"2025-06-15T08:32:12","date_gmt":"2025-06-15T08:32:12","guid":{"rendered":"https:\/\/www.europesays.com\/fr\/177953\/"},"modified":"2025-06-15T08:32:12","modified_gmt":"2025-06-15T08:32:12","slug":"a-paris-un-influenceur-surprend-les-automobilistes-avec-un-peage-interdit","status":"publish","type":"post","link":"https:\/\/www.europesays.com\/fr\/177953\/","title":{"rendered":"\u00e0 Paris, un influenceur surprend les automobilistes avec un p\u00e9age interdit"},"content":{"rendered":"<p>            Par<br \/>\n        <strong><br \/>\n            <a href=\"https:\/\/actu.fr\/auteur\/redaction-paris\" title=\"Consulter tous les articles de R\u00e9daction Paris\" rel=\"nofollow noopener\" target=\"_blank\">R\u00e9daction Paris<\/a><br \/>\n        <\/strong><\/p>\n<p>        Publi\u00e9 le<\/p>\n<p>            15 juin 2025 \u00e0 9h58        <\/p>\n<p>L\u2019art de la mise en sc\u00e8ne \u00e0 des fins peu charitables. Ce mardi 10 juin 2025, les habitants du 11e arrondissement de <a href=\"https:\/\/actu.fr\/paris\/\" rel=\"nofollow noopener\" target=\"_blank\">Paris<\/a> ont pu apercevoir quelques minutes une <strong>dr\u00f4le de barri\u00e8re<\/strong>. Un <strong>p\u00e9age urbain<\/strong> a \u00e9t\u00e9 install\u00e9 pr\u00e8s de la place L\u00e9on-Blum, o\u00f9 se situe \u00e0 la mairie, comme le rapporte le site <a href=\"https:\/\/www.20minutes.fr\/paris\/4158127-20250612-paris-quoi-peage-illegal-installe-capitale\" rel=\"nofollow noopener\" target=\"_blank\">20 Minutes<\/a>.<\/p>\n<p>Habitu\u00e9 des vid\u00e9os humoristiques<\/p>\n<p class=\" wall-content\">Dans la cabine, un homme \u00e9tait charg\u00e9 de distribuer des <strong>billets de cinq euros<\/strong> aux automobilistes afin de franchir la barricade. Une \u00e9trange op\u00e9ration finement organis\u00e9e par un <strong>influenceur<\/strong> baptis\u00e9 \u00ab\u2009Xelitobelek\u2009\u00bb. Sur les r\u00e9seaux sociaux, le cr\u00e9ateur de contenu a publi\u00e9 une vid\u00e9o de son \u00ab\u2009happening\u2009\u00bb. \u00ab\u2009J\u2019ai install\u00e9 un p\u00e9age dans Paris\u2009\u00bb, s\u2019est-t-il vant\u00e9, explicitant sa d\u00e9marche\u2009: \u00ab\u2009c\u2019est le p\u00e9age qui te donne le droit de passer\u2009\u00bb.<\/p>\n<p class=\" wall-content\"><a href=\"https:\/\/www.instagram.com\/p\/DKuibKRMaMA\/embed\" title=\"Ouvrir le lien sur Instagram\" rel=\"nofollow noopener\" target=\"_blank\">Visualiser le contenu sur Instagram<\/a><\/p>\n<p class=\" wall-content\">L\u2019action a \u00e9t\u00e9 peu au go\u00fbt des <strong>autorit\u00e9s<\/strong>. L\u2019influenceur a finalement \u00e9t\u00e9 <strong>\u00e9conduit<\/strong> par une gendarme \u00e0 cheval, comme le montrent les images, avant d\u2019exporter la logistique quelques centaines de m\u00e8tres plus loin.<\/p>\n<p class=\" wall-content\">Si cette sc\u00e8ne para\u00eet cocasse, la finalit\u00e9 reste <strong>lucrative<\/strong>. L\u2019influenceur a ainsi organis\u00e9 cette op\u00e9ration afin de promouvoir une banque en ligne allemande. Un d\u00e9nominateur commun \u00e0 toutes ses publications. En mai, l\u2019homme, suivi par 232\u2009000 personnes sur Instagram, s\u2019\u00e9tait mis en sc\u00e8ne en lan\u00e7ant un service \u00ab\u2009corbillard\u2009\u00bb sur la plateforme de VTC <a href=\"https:\/\/actu.fr\/ile-de-france\/paris_75056\/selon-un-classement-d-uber-paris-est-la-ville-ou-les-passagers-sont-les-moins-aimables_62141304.html\" rel=\"nofollow noopener\" target=\"_blank\">Uber<\/a>.<\/p>\n<p class=\" wall-content\">Suivez toute l\u2019actualit\u00e9 de vos villes et m\u00e9dias favoris en vous inscrivant \u00e0 <a href=\"https:\/\/moncompte.actu.fr\" title=\"D\u00e9couvez Mon Actu\" rel=\"nofollow noopener\" data-trk=\"{&quot;cta&quot;:{&quot;action&quot;:&quot;https:\\\/\\\/moncompte.actu.fr&quot;,&quot;category&quot;:&quot;mon compte&quot;,&quot;from&quot;:&quot;article footer&quot;,&quot;name&quot;:&quot;Mon actu&quot;,&quot;type&quot;:&quot;cta&quot;}}\" target=\"_blank\">Mon Actu<\/a>.<\/p>\n<ul class=\"ac-article-tag wall-content\">\n<li><a href=\"https:\/\/actu.fr\/tag\/circulation\" data-trk=\"{&quot;cta&quot;:{&quot;action&quot;:&quot;Circulation&quot;,&quot;category&quot;:&quot;tag&quot;,&quot;from&quot;:&quot;article footer&quot;,&quot;name&quot;:&quot;Circulation&quot;,&quot;type&quot;:&quot;cta&quot;}}\" rel=\"nofollow noopener\" target=\"_blank\">#Circulation<\/a><\/li>\n<li><a href=\"https:\/\/actu.fr\/tag\/reseaux-sociaux\" data-trk=\"{&quot;cta&quot;:{&quot;action&quot;:&quot;R\\u00e9seaux sociaux&quot;,&quot;category&quot;:&quot;tag&quot;,&quot;from&quot;:&quot;article footer&quot;,&quot;name&quot;:&quot;R\\u00e9seaux sociaux&quot;,&quot;type&quot;:&quot;cta&quot;}}\" rel=\"nofollow noopener\" target=\"_blank\">#R\u00e9seaux sociaux<\/a><\/li>\n<\/ul>\n<p>                    <script async src=\"\/\/www.instagram.com\/embed.js\"><\/script><\/p>\n","protected":false},"excerpt":{"rendered":"Par R\u00e9daction Paris Publi\u00e9 le 15 juin 2025 \u00e0 9h58 L\u2019art de la mise en sc\u00e8ne \u00e0 des&hellip;\n","protected":false},"author":2,"featured_media":177954,"comment_status":"","ping_status":"","sticky":false,"template":"","format":"standard","meta":{"footnotes":""},"categories":[1888],"tags":[1111,1928,11,1927,3542,1777,674,1011,27,1757,12,1926,626,1925,25,938],"class_list":{"0":"post-177953","1":"post","2":"type-post","3":"status-publish","4":"format-standard","5":"has-post-thumbnail","7":"category-paris","8":"tag-actu","9":"tag-actu-paris","10":"tag-actualites","11":"tag-actualites-paris","12":"tag-circulation","13":"tag-eu","14":"tag-europe","15":"tag-fr","16":"tag-france","17":"tag-insolite","18":"tag-news","19":"tag-news-paris","20":"tag-paris","21":"tag-paris-news","22":"tag-republique-francaise","23":"tag-reseaux-sociaux"},"share_on_mastodon":{"url":"https:\/\/pubeurope.com\/@fr\/114686456198121277","error":""},"_links":{"self":[{"href":"https:\/\/www.europesays.com\/fr\/wp-json\/wp\/v2\/posts\/177953","targetHints":{"allow":["GET"]}}],"collection":[{"href":"https:\/\/www.europesays.com\/fr\/wp-json\/wp\/v2\/posts"}],"about":[{"href":"https:\/\/www.europesays.com\/fr\/wp-json\/wp\/v2\/types\/post"}],"author":[{"embeddable":true,"href":"https:\/\/www.europesays.com\/fr\/wp-json\/wp\/v2\/users\/2"}],"replies":[{"embeddable":true,"href":"https:\/\/www.europesays.com\/fr\/wp-json\/wp\/v2\/comments?post=177953"}],"version-history":[{"count":0,"href":"https:\/\/www.europesays.com\/fr\/wp-json\/wp\/v2\/posts\/177953\/revisions"}],"wp:featuredmedia":[{"embeddable":true,"href":"https:\/\/www.europesays.com\/fr\/wp-json\/wp\/v2\/media\/177954"}],"wp:attachment":[{"href":"https:\/\/www.europesays.com\/fr\/wp-json\/wp\/v2\/media?parent=177953"}],"wp:term":[{"taxonomy":"category","embeddable":true,"href":"https:\/\/www.europesays.com\/fr\/wp-json\/wp\/v2\/categories?post=177953"},{"taxonomy":"post_tag","embeddable":true,"href":"https:\/\/www.europesays.com\/fr\/wp-json\/wp\/v2\/tags?post=177953"}],"curies":[{"name":"wp","href":"https:\/\/api.w.org\/{rel}","templated":true}]}}