{"id":177966,"date":"2025-06-15T08:39:10","date_gmt":"2025-06-15T08:39:10","guid":{"rendered":"https:\/\/www.europesays.com\/fr\/177966\/"},"modified":"2025-06-15T08:39:10","modified_gmt":"2025-06-15T08:39:10","slug":"bientot-des-recifs-a-base-de-cendres-humaines-dans-les-eaux-du-royaume-uni-liberation","status":"publish","type":"post","link":"https:\/\/www.europesays.com\/fr\/177966\/","title":{"rendered":"Bient\u00f4t des r\u00e9cifs \u00e0 base de cendres humaines dans les eaux du Royaume-Uni ? \u2013 Lib\u00e9ration"},"content":{"rendered":"<p class=\"sc-ksZaOG ehjQrN text-element\">Et si notre mort permettait de r\u00e9g\u00e9n\u00e9rer la vie marine ? C\u2019est ce que propose une start-up britannique, Resting Reef, qui compte installer des r\u00e9cifs \u00e0 base de cendres humaines au large de la ville de Plymouth, au Royaume-Uni. Ces sortes de cimeti\u00e8res sous-marins pourraient \u00eatre install\u00e9s courant 2026 ou 2027 pr\u00e8s d\u2019une grande digue qui prot\u00e8ge le d\u00e9troit de Plymouth, mais o\u00f9 les fonds sont d\u00e9grad\u00e9s.<\/p>\n<p class=\"sc-ksZaOG ehjQrN text-element\">Ce projet est port\u00e9 par Aura Murillo P\u00e9rez et Louise Skajem qui se sont connues lors d\u2019un master conjoint en design entre le Royal College of Art et l\u2019Imperial College London. \u00abIl est temps que l\u2019industrie de la mort change, affirme Aura Murillo P\u00e9rez au <a href=\"https:\/\/www.theguardian.com\/environment\/2025\/jun\/11\/reefs-human-ashes-revive-british-seabeds-startup\" target=\"_blank\" rel=\"nofollow noopener\" title=\"https:\/\/www.theguardian.com\/environment\/2025\/jun\/11\/reefs-human-ashes-revive-british-seabeds-startup\">Guardian<\/a>. Les cimeti\u00e8res devraient \u00eatre des lieux qui nous reconnectent \u00e0 la nature et nous rappellent que nous faisons partie d\u2019un \u00e9cosyst\u00e8me plus vaste.\u00bb Alors que les s\u00e9pultures plus vertes se d\u00e9veloppent sur terre, par exemple via le <a href=\"https:\/\/www.liberation.fr\/lifestyle\/humusation-aquamation-lyophilisation-de-nouveaux-modes-de-sepultures-plus-verts-mais-pas-encore-murs-20221031_OKFFWOFDBNEA3EHKJORXW4BULQ\/\" target=\"_blank\" rel=\"nofollow noopener\" title=\"https:\/\/www.liberation.fr\/lifestyle\/humusation-aquamation-lyophilisation-de-nouveaux-modes-de-sepultures-plus-verts-mais-pas-enc&lt;\/p&gt;&lt;\/div&gt;&lt;\/article&gt;&lt;\/div&gt;&lt;div data-fusion-lazy-id=\" f0f8vgvlad832fw=\"\"><\/p>\n","protected":false},"excerpt":{"rendered":"Et si notre mort permettait de r\u00e9g\u00e9n\u00e9rer la vie marine ? C\u2019est ce que propose une start-up britannique,&hellip;\n","protected":false},"author":2,"featured_media":177967,"comment_status":"","ping_status":"","sticky":false,"template":"","format":"standard","meta":{"footnotes":""},"categories":[1588],"tags":[11,1777,674,12,12687,473,1853,1851,1850,1852],"class_list":{"0":"post-177966","1":"post","2":"type-post","3":"status-publish","4":"format-standard","5":"has-post-thumbnail","7":"category-royaume-uni","8":"tag-actualites","9":"tag-eu","10":"tag-europe","11":"tag-news","12":"tag-oceans","13":"tag-royaume-uni","14":"tag-royaume-uni-de-grande-bretagne-et-dirlande-du-nord","15":"tag-uk","16":"tag-united-kingdom","17":"tag-united-kingdom-of-great-britain-and-northern-ireland"},"share_on_mastodon":{"url":"https:\/\/pubeurope.com\/@fr\/114686483708499157","error":""},"_links":{"self":[{"href":"https:\/\/www.europesays.com\/fr\/wp-json\/wp\/v2\/posts\/177966","targetHints":{"allow":["GET"]}}],"collection":[{"href":"https:\/\/www.europesays.com\/fr\/wp-json\/wp\/v2\/posts"}],"about":[{"href":"https:\/\/www.europesays.com\/fr\/wp-json\/wp\/v2\/types\/post"}],"author":[{"embeddable":true,"href":"https:\/\/www.europesays.com\/fr\/wp-json\/wp\/v2\/users\/2"}],"replies":[{"embeddable":true,"href":"https:\/\/www.europesays.com\/fr\/wp-json\/wp\/v2\/comments?post=177966"}],"version-history":[{"count":0,"href":"https:\/\/www.europesays.com\/fr\/wp-json\/wp\/v2\/posts\/177966\/revisions"}],"wp:featuredmedia":[{"embeddable":true,"href":"https:\/\/www.europesays.com\/fr\/wp-json\/wp\/v2\/media\/177967"}],"wp:attachment":[{"href":"https:\/\/www.europesays.com\/fr\/wp-json\/wp\/v2\/media?parent=177966"}],"wp:term":[{"taxonomy":"category","embeddable":true,"href":"https:\/\/www.europesays.com\/fr\/wp-json\/wp\/v2\/categories?post=177966"},{"taxonomy":"post_tag","embeddable":true,"href":"https:\/\/www.europesays.com\/fr\/wp-json\/wp\/v2\/tags?post=177966"}],"curies":[{"name":"wp","href":"https:\/\/api.w.org\/{rel}","templated":true}]}}