{"id":177974,"date":"2025-06-15T08:43:11","date_gmt":"2025-06-15T08:43:11","guid":{"rendered":"https:\/\/www.europesays.com\/fr\/177974\/"},"modified":"2025-06-15T08:43:11","modified_gmt":"2025-06-15T08:43:11","slug":"donald-trump-na-pas-boude-son-plaisir-pour-la-parade-militaire-mais-on-en-retiendra-autre-chose","status":"publish","type":"post","link":"https:\/\/www.europesays.com\/fr\/177974\/","title":{"rendered":"Donald Trump n\u2019a pas boud\u00e9 son plaisir pour la parade militaire, mais on en retiendra autre chose"},"content":{"rendered":"<p>        <img decoding=\"async\" loading=\"lazy\" src=\"https:\/\/www.europesays.com\/fr\/wp-content\/uploads\/2025\/06\/b153255_upload-1-luc6y0ulijha-000-62eg4je.jpg\"  width=\"728\" height=\"409\" alt=\"Donald Trump a plusieurs fois fait le salut militaire lors de la parade organis\u00e9e le jour de son anniversaire.\"\/>  <\/p>\n<p>MANDEL NGAN \/ AFP<\/p>\n<p>Donald Trump a plusieurs fois fait le salut militaire lors de la parade organis\u00e9e le jour de son anniversaire.<\/p>\n<p class=\"asset asset-text\">\u00c9TATS-UNIS &#8211; Deux ambiances bien diff\u00e9rentes. \u00c0 Washington, <a href=\"https:\/\/www.huffingtonpost.fr\/culture\/video\/donald-trump-a-assiste-a-la-premiere-des-miserables-et-ca-ne-s-est-pas-passe-exactement-comme-prevu_251244.html\" rel=\"nofollow noopener\" target=\"_blank\">Donald Trump<\/a> n\u2019a pas cach\u00e9 son plaisir de la grande parade militaire dont il avait r\u00eav\u00e9 pour le jour de son anniversaire, samedi 14\u00a0juin. Le pr\u00e9sident am\u00e9ricain \u00e9tait ravi d\u2019endosser son r\u00f4le de commandant et chef des arm\u00e9es\u00a0: il a souvent applaudi les militaires et s\u2019est lev\u00e9 \u00e0 plusieurs reprises pour faire le salut militaire au passage des troupes.<\/p>\n<p class=\"asset asset-text\">Mais dans le public, o\u00f9 la foule \u00e9tait bien moins nombreuse qu\u2019annonc\u00e9e, la ferveur n\u2019\u00e9tait pas au rendez-vous. Et c\u2019est, au final, les <a href=\"https:\/\/www.huffingtonpost.fr\/international\/video\/a-los-angeles-les-images-des-marines-deployes-avant-les-manifestations-contre-donald-trump_251349.html\" rel=\"nofollow noopener\" target=\"_blank\">nombreuses manifestations anti-Trump<\/a> qui font la Une des sites d\u2019informations am\u00e9ricains ce dimanche 15\u00a0juin, soulignant les profondes divisions qui traversent les \u00c9tats-Unis. Le d\u00e9but de la journ\u00e9e avait d\u2019ailleurs \u00e9t\u00e9 marqu\u00e9 par le meurtre d\u2019une \u00e9lue d\u00e9mocrate dans le Minnesota.<\/p>\n<p class=\"asset asset-text\">Le pr\u00e9sident am\u00e9ricain, qui f\u00eatait ses 79\u00a0ans, a assist\u00e9 durant environ deux heures au d\u00e9fil\u00e9 rassemblant pr\u00e8s de 7\u00a0000 soldats et quelque 150 v\u00e9hicules militaires, survol\u00e9s par des dizaines d\u2019avions et d\u2019h\u00e9licopt\u00e8res. La Maison Blanche a avanc\u00e9 le chiffre de 250\u00a0000 spectateurs mais de nombreuses publications sur les r\u00e9seaux sociaux montrent une foule tr\u00e8s clairsem\u00e9e, certains opposants moquant un \u00ab\u00a0flop\u00a0\u00bb.<\/p>\n<p> La lecture de ce contenu est susceptible d\u2019entra\u00eener un d\u00e9p\u00f4t de cookies de la part de l\u2019op\u00e9rateur tiers qui l\u2019h\u00e9berge. Compte-tenu des choix que vous avez exprim\u00e9s en mati\u00e8re de d\u00e9p\u00f4t de cookies, nous avons bloqu\u00e9 l\u2019affichage de ce contenu. Si vous souhaitez y acc\u00e9der, vous devez accepter la cat\u00e9gorie de cookies \u201cContenus tiers\u201d en cliquant sur le bouton ci-dessous. <\/p>\n<p> Lire la Vid\u00e9o        <\/p>\n<p class=\"asset asset-text\">Dans un discours inhabituellement bref \u00e0 l\u2019issue du d\u00e9fil\u00e9, Donald Trump a rendu hommage \u00e0 ses soldats, \u00ab\u00a0des h\u00e9ros et des l\u00e9gendes\u00a0\u00bb, rappelant les nombreuses batailles du pass\u00e9. \u00ab\u00a0Nous sommes actuellement le meilleur pays du monde, et notre pays sera bient\u00f4t plus grand et plus fort que jamais\u00a0\u00bb, s\u2019est f\u00e9licit\u00e9 Donald Trump avant de recevoir un drapeau am\u00e9ricain.<\/p>\n<p>                     Les manifs anti-Trump font le plein    <\/p>\n<p class=\"asset asset-text\">Pendant ce temps, les manifestations anti-Trump ont fait le plein dans tout le pays avec des centaines de milliers d\u2019opposants au pr\u00e9sident. Leur mot d\u2019ordre \u2013 \u00ab\u00a0No Kings\u00a0\u00bb, \u00ab\u00a0Pas de rois\u00a0\u00bb en fran\u00e7ais \u2013 visait \u00e0 d\u00e9noncer ce qu\u2019ils consid\u00e8rent comme des d\u00e9rives dictatoriales du r\u00e9publicain et \u00ab\u00a0la militarisation de notre d\u00e9mocratie\u00a0\u00bb. Sur les r\u00e9seaux sociaux, des images a\u00e9riennes montrent des mar\u00e9es humaines dans plusieurs villes du pays.<\/p>\n<p class=\"asset asset-text\">Des incidents ont \u00e9maill\u00e9 les cort\u00e8ges \u00e0 Salt Lake City et Los Angeles. Dans la capitale de l\u2019Utah, des tirs lors d\u2019une manifestation rassemblant quelque 10\u00a0000 personnes ont fait un bless\u00e9 grave, selon la police, qui a arr\u00eat\u00e9 un suspect.<\/p>\n<p>         <img decoding=\"async\" loading=\"lazy\" src=\"https:\/\/www.europesays.com\/fr\/wp-content\/uploads\/2025\/06\/d48bb25_upload-1-0wu5u3zn3u0n-000-62ev73v.jpg\"  width=\"728\" height=\"409\" alt=\"La manifestation \u00ab\u00a0No Kings\u00a0\u00bb a fait le plein \u00e0 Los Angeles samedi 14\u00a0juin.\"\/>  <\/p>\n<p>RINGO CHIU \/ AFP<\/p>\n<p>La manifestation \u00ab\u00a0No Kings\u00a0\u00bb a fait le plein \u00e0 Los Angeles samedi 14\u00a0juin.<\/p>\n<p class=\"asset asset-text\">\u00c0 Los Angeles, o\u00f9 la foule \u00e9tait particuli\u00e8rement nombreuse, la police a fait usage des gaz lacrymog\u00e8nes pour disperser les manifestants qui ont d\u00e9fil\u00e9 sous le regard des militaires envoy\u00e9s par Donald Trump pour tenter de juguler les violences lors des protestations contre sa politique migratoire. Les membres de la Garde nationale, qui prot\u00e8gent certains b\u00e2timents, ont \u00e9t\u00e9 hu\u00e9s par le cort\u00e8ge.<\/p>\n<p class=\"asset asset-text\">\u00c0 part ces incidents, les centaines de manifestations organis\u00e9es dans la journ\u00e9e se sont dans l\u2019ensemble tenues dans le calme. Certains manifestants se sont r\u00e9unis pr\u00e8s de la r\u00e9sidence de Donald Trump en Floride tandis que des rassemblements ont eu lieu \u00e0 Paris et Mexico.<\/p>\n","protected":false},"excerpt":{"rendered":"MANDEL NGAN \/ AFP Donald Trump a plusieurs fois fait le salut militaire lors de la parade organis\u00e9e&hellip;\n","protected":false},"author":2,"featured_media":177975,"comment_status":"","ping_status":"","sticky":false,"template":"","format":"standard","meta":{"footnotes":""},"categories":[2],"tags":[11,17274,75,73,1011,27,14,12,25],"class_list":{"0":"post-177974","1":"post","2":"type-post","3":"status-publish","4":"format-standard","5":"has-post-thumbnail","7":"category-actualites","8":"tag-actualites","9":"tag-armee-americaine","10":"tag-donald-trump","11":"tag-etats-unis","12":"tag-fr","13":"tag-france","14":"tag-international","15":"tag-news","16":"tag-republique-francaise"},"share_on_mastodon":{"url":"https:\/\/pubeurope.com\/@fr\/114686499601377694","error":""},"_links":{"self":[{"href":"https:\/\/www.europesays.com\/fr\/wp-json\/wp\/v2\/posts\/177974","targetHints":{"allow":["GET"]}}],"collection":[{"href":"https:\/\/www.europesays.com\/fr\/wp-json\/wp\/v2\/posts"}],"about":[{"href":"https:\/\/www.europesays.com\/fr\/wp-json\/wp\/v2\/types\/post"}],"author":[{"embeddable":true,"href":"https:\/\/www.europesays.com\/fr\/wp-json\/wp\/v2\/users\/2"}],"replies":[{"embeddable":true,"href":"https:\/\/www.europesays.com\/fr\/wp-json\/wp\/v2\/comments?post=177974"}],"version-history":[{"count":0,"href":"https:\/\/www.europesays.com\/fr\/wp-json\/wp\/v2\/posts\/177974\/revisions"}],"wp:featuredmedia":[{"embeddable":true,"href":"https:\/\/www.europesays.com\/fr\/wp-json\/wp\/v2\/media\/177975"}],"wp:attachment":[{"href":"https:\/\/www.europesays.com\/fr\/wp-json\/wp\/v2\/media?parent=177974"}],"wp:term":[{"taxonomy":"category","embeddable":true,"href":"https:\/\/www.europesays.com\/fr\/wp-json\/wp\/v2\/categories?post=177974"},{"taxonomy":"post_tag","embeddable":true,"href":"https:\/\/www.europesays.com\/fr\/wp-json\/wp\/v2\/tags?post=177974"}],"curies":[{"name":"wp","href":"https:\/\/api.w.org\/{rel}","templated":true}]}}