{"id":177978,"date":"2025-06-15T08:45:10","date_gmt":"2025-06-15T08:45:10","guid":{"rendered":"https:\/\/www.europesays.com\/fr\/177978\/"},"modified":"2025-06-15T08:45:10","modified_gmt":"2025-06-15T08:45:10","slug":"la-france-a-souhaite-accueillir-les-chercheurs-qui-fuient-ladministration-trump-mais-elle-en-a-oublie-un-detail-elle-nen-a-pas-les-moyens","status":"publish","type":"post","link":"https:\/\/www.europesays.com\/fr\/177978\/","title":{"rendered":"La France a souhait\u00e9 accueillir les chercheurs qui fuient l&rsquo;administration Trump, mais elle en a oubli\u00e9 un d\u00e9tail : elle n\u2019en a pas les moyens."},"content":{"rendered":"<p>Sous la pression des coupes budg\u00e9taires massives aux \u00c9tats-Unis, des laboratoires ferment, des postes s\u2019\u00e9vaporent et des carri\u00e8res basculent. Depuis le retour de Donald Trump \u00e0 la pr\u00e9sidence, de nombreux scientifiques am\u00e9ricains prennent le chemin de l\u2019exil. En Europe, la France s\u2019impose comme l\u2019une des principales terres d\u2019accueil. Derri\u00e8re les annonces officielles, une r\u00e9alit\u00e9 plus complexe se dessine, o\u00f9 l\u2019arriv\u00e9e de chercheurs am\u00e9ricains en France r\u00e9interroge les \u00e9quilibres d\u00e9j\u00e0 fragiles du monde acad\u00e9mique.<\/p>\n<p>Ce geste fort s\u2019est accompagn\u00e9 d\u2019un discours prononc\u00e9 \u00e0 la Sorbonne, o\u00f9 le pr\u00e9sident a affirm\u00e9 que l\u2019Europe devait devenir <a href=\"https:\/\/www.science-et-vie.com\/nature-et-environnement\/spectacle-rare-le-lac-dannecy-devient-un-refuge-pour-des-milliers-doiseaux-migrateurs-199285.html\" target=\"_blank\" rel=\"noopener\">un refuge<\/a> pour les scientifiques. Ursula von der Leyen, pr\u00e9sidente de la Commission europ\u00e9enne, a appuy\u00e9 cette volont\u00e9 avec une enveloppe de 500 millions d\u2019euros \u00e0 l\u2019\u00e9chelle du continent. Mais derri\u00e8re ces chiffres, les modalit\u00e9s concr\u00e8tes restent floues. Le Pr. Didier Samuel, pr\u00e9sident de l\u2019Inserm, a rappel\u00e9 dans <a href=\"https:\/\/www.lexpress.fr\/sciences-sante\/choose-europe-le-plan-de-linserm-pour-accueillir-les-scientifiques-americains-detaille-par-son-DBUDXMMEVRDVXCBAD6OGLMX3CM\/\" target=\"_blank\" rel=\"nofollow noopener\">L\u2019Express<\/a> que les financements annonc\u00e9s restaient symboliques face aux 18 milliards de dollars supprim\u00e9s du budget du National Institute of Health.<\/p>\n<p><img decoding=\"async\" src=\"https:\/\/www.europesays.com\/fr\/wp-content\/uploads\/2025\/06\/1749977110_668_hqdefault.jpg\" width=\"100%\" height=\"auto\"\/><\/p>\n<p> Accueillir des chercheurs am\u00e9ricains en France sans affaiblir la recherche locale <\/p>\n<p>\u00c0 Toulouse, la Communaut\u00e9 d\u2019universit\u00e9s et \u00e9tablissements a pris les devants. Elle a lanc\u00e9 un programme d\u2019accueil dot\u00e9 de six millions d\u2019euros, avec l\u2019objectif d\u2019atteindre dix millions gr\u00e2ce au soutien des collectivit\u00e9s. Elle pr\u00e9voit d\u2019ouvrir une dizaine de postes. Les premi\u00e8res candidatures doivent arriver d\u00e8s ce mois de juin. L\u2019\u00e9tablissement vise en priorit\u00e9 des postdoctorants \u00ab\u00a0de forte qualit\u00e9\u00a0\u00bb, dont les financements ont \u00e9t\u00e9 interrompus aux \u00c9tats-Unis, comme l\u2019a indiqu\u00e9 Michael Toplis \u00e0 <a href=\"https:\/\/france3-regions.franceinfo.fr\/occitanie\/haute-garonne\/toulouse\/nous-allons-cibler-les-postdoctorants-de-forte-qualite-l-universite-de-toulouse-prete-a-accueillir-les-scientifiques-menaces-par-trump-3123919.html\" target=\"_blank\" rel=\"nofollow noopener\">France 3 Occitanie<\/a>.<\/p>\n<p>Pourtant, ce programme ne fait pas l\u2019unanimit\u00e9. Les syndicats de l\u2019enseignement sup\u00e9rieur d\u00e9noncent l\u2019ironie d\u2019un financement d\u00e9di\u00e9 \u00e0 l\u2019accueil international, alors que les universit\u00e9s fran\u00e7aises affrontent des r\u00e9ductions drastiques. En f\u00e9vrier, 400 millions d\u2019euros ont \u00e9t\u00e9 retir\u00e9s du budget de la recherche par d\u00e9cret, apr\u00e8s une premi\u00e8re coupe d\u2019un milliard vot\u00e9e d\u00e9but 2025. D\u2019apr\u00e8s une enqu\u00eate relay\u00e9e par <a href=\"https:\/\/www.bfmtv.com\/politique\/100-millions-d-euros-pour-les-chercheurs-etrangers-les-syndicats-denoncent-un-calendrier-indecent_AN-202505060652.html#:~:text=Depuis%20les%20murs%20de%20la,Donald%20Trump%20et%20son%20administration.\" target=\"_blank\" rel=\"nofollow noopener\">BFM TV<\/a>, 60 universit\u00e9s sur 75 fonctionnent d\u00e9sormais en d\u00e9ficit.<\/p>\n<p>Cette dichotomie entre solidarit\u00e9 internationale et aust\u00e9rit\u00e9 nationale fait grincer des dents. \u00c0 Paris, des manifestants ont brandi en avril des pancartes \u00ab\u00a0La fac en miettes\u00a0\u00bb, tandis que le rectorat a plac\u00e9 la Sorbonne sous tutelle et lui a impos\u00e9 13 millions d\u2019euros d\u2019\u00e9conomies. Un doctorant en sciences politiques, interrog\u00e9 par <a href=\"https:\/\/www.radiofrance.fr\/mouv\/podcasts\/reporterter\/le-gouvernement-veut-accueillir-les-scientifiques-americains-alors-que-les-jeunes-chercheurs-francais-galerent-3816510\" target=\"_blank\" rel=\"nofollow noopener\">Radio France<\/a>, s\u2019interrogeait : comment loger, accompagner, et payer correctement ces chercheurs \u00e9trangers quand \u00ab\u00a0il ne reste que 1 000 euros pour 100 doctorants\u00a0\u00bb dans certaines \u00e9coles doctorales fran\u00e7aises ?<\/p>\n<p>    Un syst\u00e8me \u00e0 bout de souffle face \u00e0 une ambition europ\u00e9enne <\/p>\n<p>Au-del\u00e0 de l\u2019hostilit\u00e9 ambiante envers les mesures trumpiennes, la question de l\u2019\u00e9quit\u00e9 entre les chercheurs s\u2019invite dans le d\u00e9bat. Les conditions d\u2019accueil annonc\u00e9es pour les scientifiques am\u00e9ricains \u2013 pouvant aller jusqu\u2019\u00e0 800 000 euros sur trois ans dans certains \u00e9tablissements comme Aix-Marseille \u2013 contrastent fortement avec les salaires moyens des enseignants-chercheurs fran\u00e7ais, estim\u00e9s \u00e0 63 000 euros brut annuels. Ce d\u00e9s\u00e9quilibre alimente un sentiment de mise en comp\u00e9tition d\u00e9l\u00e9t\u00e8re.<\/p>\n<p>Les opposants \u00e0 cette politique redoutent aussi un effet vitrine, d\u00e9connect\u00e9 de la r\u00e9alit\u00e9 que vivent les laboratoires. Julie Gervais, ma\u00eetre de conf\u00e9rences \u00e0 l\u2019universit\u00e9 Paris 1, a rappel\u00e9 que le programme PAUSE, cens\u00e9 accueillir les chercheurs venus de pays en guerre, rencontre de grandes difficult\u00e9s de financement. Cette diff\u00e9rence de traitement entre les publics pose une question \u00e9thique : pourquoi accompagner certains chercheurs menac\u00e9s mieux que d\u2019autres ?<\/p>\n<p>Malgr\u00e9 les critiques, certains scientifiques voient dans cette crise une chance pour la France de repositionner son syst\u00e8me de recherche \u00e0 l\u2019\u00e9chelle internationale. \u00c0 Toulouse, James Hammitt, \u00e9conomiste et chercheur am\u00e9ricain \u00e0 la TSE, estime que le niveau des \u00e9tablissements fran\u00e7ais reste attractif. Pour lui, ce sont avant tout la libert\u00e9 acad\u00e9mique et la collaboration qui motivent les d\u00e9parts, bien plus que les salaires.<\/p>\n<p>Mais encore faut-il que cette politique d\u2019accueil soit viable. \u00c0 ce jour, seuls quelques postes sont r\u00e9ellement ouverts. Les financements promis devront \u00eatre mobilis\u00e9s dans un contexte d\u2019incertitudes budg\u00e9taires croissantes. Pour esp\u00e9rer tenir cette promesse d\u2019hospitalit\u00e9, la France devra donc convaincre qu\u2019elle peut soutenir \u00e0 la fois ses chercheurs nationaux et ceux qui arrivent.<\/p>\n","protected":false},"excerpt":{"rendered":"Sous la pression des coupes budg\u00e9taires massives aux \u00c9tats-Unis, des laboratoires ferment, des postes s\u2019\u00e9vaporent et des carri\u00e8res&hellip;\n","protected":false},"author":2,"featured_media":177979,"comment_status":"","ping_status":"","sticky":false,"template":"","format":"standard","meta":{"footnotes":""},"categories":[4],"tags":[11,1011,27,12,25,729],"class_list":{"0":"post-177978","1":"post","2":"type-post","3":"status-publish","4":"format-standard","5":"has-post-thumbnail","7":"category-france","8":"tag-actualites","9":"tag-fr","10":"tag-france","11":"tag-news","12":"tag-republique-francaise","13":"tag-yout_video"},"share_on_mastodon":{"url":"https:\/\/pubeurope.com\/@fr\/114686507427022175","error":""},"_links":{"self":[{"href":"https:\/\/www.europesays.com\/fr\/wp-json\/wp\/v2\/posts\/177978","targetHints":{"allow":["GET"]}}],"collection":[{"href":"https:\/\/www.europesays.com\/fr\/wp-json\/wp\/v2\/posts"}],"about":[{"href":"https:\/\/www.europesays.com\/fr\/wp-json\/wp\/v2\/types\/post"}],"author":[{"embeddable":true,"href":"https:\/\/www.europesays.com\/fr\/wp-json\/wp\/v2\/users\/2"}],"replies":[{"embeddable":true,"href":"https:\/\/www.europesays.com\/fr\/wp-json\/wp\/v2\/comments?post=177978"}],"version-history":[{"count":0,"href":"https:\/\/www.europesays.com\/fr\/wp-json\/wp\/v2\/posts\/177978\/revisions"}],"wp:featuredmedia":[{"embeddable":true,"href":"https:\/\/www.europesays.com\/fr\/wp-json\/wp\/v2\/media\/177979"}],"wp:attachment":[{"href":"https:\/\/www.europesays.com\/fr\/wp-json\/wp\/v2\/media?parent=177978"}],"wp:term":[{"taxonomy":"category","embeddable":true,"href":"https:\/\/www.europesays.com\/fr\/wp-json\/wp\/v2\/categories?post=177978"},{"taxonomy":"post_tag","embeddable":true,"href":"https:\/\/www.europesays.com\/fr\/wp-json\/wp\/v2\/tags?post=177978"}],"curies":[{"name":"wp","href":"https:\/\/api.w.org\/{rel}","templated":true}]}}