{"id":17799,"date":"2025-04-11T17:04:07","date_gmt":"2025-04-11T17:04:07","guid":{"rendered":"https:\/\/www.europesays.com\/fr\/17799\/"},"modified":"2025-04-11T17:04:07","modified_gmt":"2025-04-11T17:04:07","slug":"cinq-rendez-vous-musicaux-a-ne-pas-manquer-pour-lete-2025","status":"publish","type":"post","link":"https:\/\/www.europesays.com\/fr\/17799\/","title":{"rendered":"cinq rendez-vous musicaux \u00e0 ne pas manquer pour l\u2019\u00e9t\u00e9 2025"},"content":{"rendered":"<p>            Par<br \/>\n        <strong><br \/>\n            <a href=\"https:\/\/actu.fr\/auteur\/aurelien-cardot\" title=\"Consulter tous les articles de Aurelien Cardot\" rel=\"nofollow noopener\" target=\"_blank\">Aurelien Cardot<\/a><br \/>\n        <\/strong><\/p>\n<p>        Publi\u00e9 le<\/p>\n<p>            11 avr. 2025 \u00e0 18h30        <\/p>\n<p>Avec l\u2019arriv\u00e9e des beaux jours, la saison des open airs s\u2019appr\u00eate \u00e0 ouvrir. De nombreux collectifs lancent prochainement des<strong> \u00e9v\u00e9nements r\u00e9guliers<\/strong> pendant l\u2019\u00e9t\u00e9, pour offrir aux Bordelais une exp\u00e9rience rythm\u00e9e sous le soleil.<\/p>\n<p class=\" wall-content\">La r\u00e9daction d\u2019<a href=\"https:\/\/actu.fr\/bordeaux\/\" rel=\"nofollow noopener\" target=\"_blank\">actu Bordeaux<\/a> vous a s\u00e9lectionn\u00e9 cinq open airs \u00e0 ne pas manquer pour profiter pleinement de la sc\u00e8ne musicale bordelaise en ext\u00e9rieur.<\/p>\n<p>Festival Rel\u00e2che<\/p>\n<p class=\" wall-content\">Le Festival Rel\u00e2che transforme Bordeaux en une sc\u00e8ne musicale \u00e0 ciel ouvert tout l\u2019\u00e9t\u00e9, de <strong>juillet \u00e0 septembre 2025<\/strong>. Organis\u00e9 par l\u2019association Allez les Filles, il propose une quarantaine de concerts \u00e9clectiques dans une ambiance conviviale et accessible \u00e0 tous.<\/p>\n<p class=\" wall-content\">C\u2019est un rendez-vous incontournable pour d\u00e9couvrir des artistes de tous horizons, du <strong>rock<\/strong> \u00e0 l\u2019<strong>\u00e9lectro<\/strong>, en passant par le <strong>reggae<\/strong> ou le <strong>blues<\/strong>.<\/p>\n<p class=\" wall-content\">Le programme sera r\u00e9v\u00e9l\u00e9 quelques semaines avant le d\u00e9but des festivit\u00e9s <a href=\"https:\/\/www.instagram.com\/relachefestival\/?hl=fr\" rel=\"nofollow noopener\" target=\"_blank\">sur les r\u00e9seaux du festival<\/a>.<\/p>\n<p>Festival Bordeaux Open Air<\/p>\n<p class=\" wall-content\">Le Bordeaux Open Air est un festival gratuit qui transforme les parcs et jardins de Bordeaux en v\u00e9ritables <strong>pistes de danse \u00e0 ciel ouvert<\/strong>.<\/p>\n<p>Vid\u00e9os : en ce moment sur Actu<\/p>\n<p class=\" wall-content\">Chaque dimanche, de<strong> juin \u00e0 septembre<\/strong>, des DJs locaux et internationaux animent ces espaces verts. En plus des concerts, le festival propose diverses <strong>activit\u00e9s cr\u00e9atives et sportives<\/strong> pour tous les \u00e2ges. Le programme de 2025 sera d\u00e9voil\u00e9 prochainement. L\u2019entr\u00e9e sera gratuite.<\/p>\n<p>Astrosh\u00f8w Open Air<\/p>\n<p class=\" wall-content\">Astrosh\u00f8w est un festival de musique en plein air organis\u00e9 par le collectif l\u2019Astrod\u00f8me \u00e0 Bordeaux. Depuis sa cr\u00e9ation en 2018, l\u2019\u00e9v\u00e9nement propose des <strong>concerts gratuits<\/strong> ou \u00e0 prix libre dans divers espaces publics bordelais, m\u00ealant des genres tels que le <strong>rock<\/strong>, la <strong>pop<\/strong>, le <strong>punk<\/strong> et l\u2019<strong>\u00e9lectro<\/strong>.<\/p>\n<p class=\" wall-content\">L\u2019\u00e9dition 2025 est pr\u00e9vue du <strong>17 au 19 juillet<\/strong> au Square Dom Bedos, avec une programmation \u00e0 venir.<\/p>\n<p class=\" wall-content\"><a href=\"https:\/\/www.instagram.com\/p\/C9mxM00KsUH\/embed\" title=\"Ouvrir le lien sur Instagram\" rel=\"nofollow noopener\" target=\"_blank\">Visualiser le contenu sur Instagram<\/a><\/p>\n<p>Initial Festival<\/p>\n<p class=\" wall-content\">L\u2019Initial Festival est le plus grand festival de\u00a0<strong>musique \u00e9lectronique<\/strong>\u00a0en plein air de Bordeaux, pr\u00e9vu les\u00a0<strong>29 et 30 ao\u00fbt 2025<\/strong>\u00a0au Parc des Expositions.<\/p>\n<p class=\" wall-content\">Pour sa quatri\u00e8me \u00e9dition, le festival propose une exp\u00e9rience immersive baptis\u00e9e \u00ab\u00a0Mission Saturne\u00a0\u00bb, avec une programmation de plus de\u00a0<strong>30 artistes internationaux<\/strong>, dont \u00c2me, Ben B\u00f6hmer, The Blessed Madonna, Maceo Plex\u2026<\/p>\n<p>Les billets seront disponibles en pr\u00e9vente exclusive \u00e0 partir du 10 avril \u00e0 12h.Open Air Ros\u00e9 Gassier<\/p>\n<p class=\" wall-content\">L\u2019Open Air Ros\u00e9 Gassier est un \u00e9v\u00e9nement festif organis\u00e9 par le domaine viticole Gassier en collaboration avec la Guinguette Chez Alriq \u00e0 Bordeaux.<\/p>\n<p class=\" wall-content\">Pr\u00e9vu pour sa quatri\u00e8me \u00e9dition le dimanche <strong>20 avril 2025<\/strong>, veille de jour f\u00e9ri\u00e9, cet open air propose une ambiance proven\u00e7ale avec des transats confortables, un bar \u00e0 d\u00e9gustation de ros\u00e9, des cocktails rafra\u00eechissants et une programmation musicale assur\u00e9e par des <strong>DJ sets<\/strong>.<\/p>\n<p class=\" wall-content\"><strong>L\u2019entr\u00e9e est libre<\/strong>, et des options de restauration telles que la cabane \u00e0 pizza, le bar \u00e0 hu\u00eetres et le resto \u00e0 tapas seront disponibles sur place.<\/p>\n<p class=\" wall-content\">Suivez toute l\u2019actualit\u00e9 de vos villes et m\u00e9dias favoris en vous inscrivant \u00e0 <a href=\"https:\/\/moncompte.actu.fr\" title=\"D\u00e9couvez Mon Actu\" rel=\"nofollow noopener\" data-trk=\"{&quot;cta&quot;:{&quot;action&quot;:&quot;https:\\\/\\\/moncompte.actu.fr&quot;,&quot;category&quot;:&quot;mon compte&quot;,&quot;from&quot;:&quot;article footer&quot;,&quot;name&quot;:&quot;Mon actu&quot;,&quot;type&quot;:&quot;cta&quot;}}\" target=\"_blank\">Mon Actu<\/a>.<\/p>\n<p>                    <script async src=\"\/\/www.instagram.com\/embed.js\"><\/script><\/p>\n","protected":false},"excerpt":{"rendered":"Par Aurelien Cardot Publi\u00e9 le 11 avr. 2025 \u00e0 18h30 Avec l\u2019arriv\u00e9e des beaux jours, la saison des&hellip;\n","protected":false},"author":2,"featured_media":17800,"comment_status":"","ping_status":"","sticky":false,"template":"","format":"standard","meta":{"footnotes":""},"categories":[2817],"tags":[1111,11,1997,1697,1777,674,1011,27,1652,873,12,2219,25],"class_list":{"0":"post-17799","1":"post","2":"type-post","3":"status-publish","4":"format-standard","5":"has-post-thumbnail","7":"category-bordeaux","8":"tag-actu","9":"tag-actualites","10":"tag-bordeaux","11":"tag-concert","12":"tag-eu","13":"tag-europe","14":"tag-fr","15":"tag-france","16":"tag-loisirs-culture","17":"tag-musique","18":"tag-news","19":"tag-nouvelle-aquitaine","20":"tag-republique-francaise"},"share_on_mastodon":{"url":"https:\/\/pubeurope.com\/@fr\/114320419259475387","error":""},"_links":{"self":[{"href":"https:\/\/www.europesays.com\/fr\/wp-json\/wp\/v2\/posts\/17799","targetHints":{"allow":["GET"]}}],"collection":[{"href":"https:\/\/www.europesays.com\/fr\/wp-json\/wp\/v2\/posts"}],"about":[{"href":"https:\/\/www.europesays.com\/fr\/wp-json\/wp\/v2\/types\/post"}],"author":[{"embeddable":true,"href":"https:\/\/www.europesays.com\/fr\/wp-json\/wp\/v2\/users\/2"}],"replies":[{"embeddable":true,"href":"https:\/\/www.europesays.com\/fr\/wp-json\/wp\/v2\/comments?post=17799"}],"version-history":[{"count":0,"href":"https:\/\/www.europesays.com\/fr\/wp-json\/wp\/v2\/posts\/17799\/revisions"}],"wp:featuredmedia":[{"embeddable":true,"href":"https:\/\/www.europesays.com\/fr\/wp-json\/wp\/v2\/media\/17800"}],"wp:attachment":[{"href":"https:\/\/www.europesays.com\/fr\/wp-json\/wp\/v2\/media?parent=17799"}],"wp:term":[{"taxonomy":"category","embeddable":true,"href":"https:\/\/www.europesays.com\/fr\/wp-json\/wp\/v2\/categories?post=17799"},{"taxonomy":"post_tag","embeddable":true,"href":"https:\/\/www.europesays.com\/fr\/wp-json\/wp\/v2\/tags?post=17799"}],"curies":[{"name":"wp","href":"https:\/\/api.w.org\/{rel}","templated":true}]}}