{"id":177996,"date":"2025-06-15T08:57:14","date_gmt":"2025-06-15T08:57:14","guid":{"rendered":"https:\/\/www.europesays.com\/fr\/177996\/"},"modified":"2025-06-15T08:57:14","modified_gmt":"2025-06-15T08:57:14","slug":"livra-vannes-dernier-jour-pour-rencontrer-ses-auteurs-favoris-en-images","status":"publish","type":"post","link":"https:\/\/www.europesays.com\/fr\/177996\/","title":{"rendered":"Livr\u2019\u00e0 Vannes\u00a0: dernier jour pour rencontrer ses auteurs favoris [En images]"},"content":{"rendered":"<p class=\"tlg-h5\">Le salon Livr\u2019\u00e0 Vannes se poursuit ce dimanche 15\u00a0juin. Hier, les all\u00e9es de la grande librairie ont fait le plein. Les lecteurs ne boudent pas leur plaisir de rencontrer ceux avec qui ils ont partag\u00e9 des heures, via leurs r\u00e9cits.<\/p>\n<p>fermetureprecedent1<br \/>\n            \/<br \/>\n            6suivant<\/p>\n<p><img fetchpriority=\"high\" decoding=\"async\" src=\"https:\/\/www.europesays.com\/fr\/wp-content\/uploads\/2025\/06\/684e878a73b006ccd400a692.1.jpeg\"   width=\"960\" height=\"600\" class=\"web_golden_xl\" loading=\"eager\" alt=\"Camille, influenceuse litt\u00e9raire, a attendu une heure, samedi matin, pour atteindre Melissa Da Costa. Elle a fait le d\u00e9placement depuis Caen. L\u2019attente est r\u00e9compens\u00e9e\u00a0: \u00ab\u00a0\u00e7a fait des souvenirs, ce sont des auteurs qu\u2019on ne rencontre qu\u2019une fois vu la queue qu\u2019il faut faire\u00a0\u00bb\"\/>1<\/p>\n<p>Camille, influenceuse litt\u00e9raire, a attendu une heure, samedi matin, pour atteindre Melissa Da Costa. Elle a fait le d\u00e9placement depuis Caen. L\u2019attente est r\u00e9compens\u00e9e\u00a0: \u00ab\u00a0\u00e7a fait des souvenirs, ce sont des auteurs qu\u2019on ne rencontre qu\u2019une fois vu la queue qu\u2019il faut faire\u00a0\u00bb<\/p>\n<p>Le T\u00e9l\u00e9gramme\/Caroline Lafargue<\/p>\n<p><img decoding=\"async\" src=\"https:\/\/www.europesays.com\/fr\/wp-content\/uploads\/2025\/06\/684e878aede80af77e020bc1.1.jpeg\"   width=\"960\" height=\"600\" class=\"web_golden_xl\" loading=\"eager\" alt=\"Un Allemand auteur \u00e0 succ\u00e8s de polars bretons. Il n\u2019y en a qu\u2019un, c\u2019est Jean-Luc Bannalec, de son nom d\u2019auteur. L\u2019\u00e9crivain aux 7\u00a0millions de livres vendus se fait rare sur les salons. Il a fait une apparition \u00e0 Livr\u2019\u00e0 Vannes ce samedi, avec une conf\u00e9rence.\"\/>2<\/p>\n<p>Un Allemand auteur \u00e0 succ\u00e8s de polars bretons. Il n\u2019y en a qu\u2019un, c\u2019est Jean-Luc Bannalec, de son nom d\u2019auteur. L\u2019\u00e9crivain aux 7\u00a0millions de livres vendus se fait rare sur les salons. Il a fait une apparition \u00e0 Livr\u2019\u00e0 Vannes ce samedi, avec une conf\u00e9rence.<\/p>\n<p>Le T\u00e9l\u00e9gramme\/Fanny Coconnier<\/p>\n<p><img decoding=\"async\" src=\"https:\/\/www.europesays.com\/fr\/wp-content\/uploads\/2025\/06\/684e878aff6feb75fd07e775.1.jpeg\"   width=\"960\" height=\"600\" class=\"web_golden_xl\" loading=\"eager\" alt=\"\u00c0 la sortie de sa conf\u00e9rence, Philippe Collin, a attir\u00e9 de nombreux auditeurs de ses podcasts historiques, comme Emilie\u00a0: \u00ab\u00a0J\u2019aime sa fa\u00e7on de raconter les histoires, sa voix. Ses podcasts sont super int\u00e9ressants.\u00a0\u00bb Elle est repartie avec un livre et une pr\u00e9cieuse d\u00e9dicace.\"\/>3<\/p>\n<p>\u00c0 la sortie de sa conf\u00e9rence, Philippe Collin, a attir\u00e9 de nombreux auditeurs de ses podcasts historiques, comme Emilie\u00a0: \u00ab\u00a0J\u2019aime sa fa\u00e7on de raconter les histoires, sa voix. Ses podcasts sont super int\u00e9ressants.\u00a0\u00bb Elle est repartie avec un livre et une pr\u00e9cieuse d\u00e9dicace.<\/p>\n<p>Le T\u00e9l\u00e9gramme\/Fanny Coconnier<\/p>\n<p><img decoding=\"async\" src=\"https:\/\/www.europesays.com\/fr\/wp-content\/uploads\/2025\/06\/684e878aff6feb75fd07e776.1.jpeg\"   width=\"960\" height=\"600\" class=\"web_golden_xl\" loading=\"eager\" alt=\"Emilie est venue de Saint-Nazaire, avec sa maman, Sylvie pour croiser trois auteurs de polars\u00a0: C\u00e9dric Sire, Bernard Minier et Franck Thilliez, dont elle a lu tous les livres. Elle repart avec le dernier d\u00e9dicac\u00e9\u00a0: \u00ab\u00a0Je suis press\u00e9e de le lire\u00a0\u00bb. Sa maman lui empruntera\u00a0!\"\/>4<\/p>\n<p>Emilie est venue de Saint-Nazaire, avec sa maman, Sylvie pour croiser trois auteurs de polars\u00a0: C\u00e9dric Sire, Bernard Minier et Franck Thilliez, dont elle a lu tous les livres. Elle repart avec le dernier d\u00e9dicac\u00e9\u00a0: \u00ab\u00a0Je suis press\u00e9e de le lire\u00a0\u00bb. Sa maman lui empruntera\u00a0!<\/p>\n<p>Le T\u00e9l\u00e9gramme\/Fanny Coconnier<\/p>\n<p><img decoding=\"async\" src=\"https:\/\/www.europesays.com\/fr\/wp-content\/uploads\/2025\/06\/684e878a1362496d0706b73f.1.jpeg\"   width=\"960\" height=\"600\" class=\"web_golden_xl\" loading=\"eager\" alt=\"Il fallait s\u2019armer de patience ce samedi pour d\u00e9crocher les d\u00e9dicaces et partager une photo avec les auteurs stars du salon. Aur\u00e9lie Valognes, M\u00e9lissa Da Costa, Virginie Grimaldi font partie des plus demand\u00e9es.\"\/>5<\/p>\n<p>Il fallait s\u2019armer de patience ce samedi pour d\u00e9crocher les d\u00e9dicaces et partager une photo avec les auteurs stars du salon. Aur\u00e9lie Valognes, M\u00e9lissa Da Costa, Virginie Grimaldi font partie des plus demand\u00e9es.<\/p>\n<p>Le T\u00e9l\u00e9gramme\/Fanny Coconnier<\/p>\n<p><img decoding=\"async\" src=\"https:\/\/www.europesays.com\/fr\/wp-content\/uploads\/2025\/06\/684e878b9ea4e317ce0f7a44.1.jpeg\"   width=\"960\" height=\"600\" class=\"web_golden_xl\" loading=\"eager\" alt=\"Eva Bj\u00f6rg \u00c6gisd\u00f3ttir et Jean-Luc Bannalec ont partag\u00e9 une conf\u00e9rence ce samedi aux Carmes. L\u2019auteure islandaise et l\u2019\u00e9crivain allemand, star du polar breton se sont trouv\u00e9 un point commun\u00a0: ils ne connaissent pas le coupable en commen\u00e7ant leur r\u00e9cit.\"\/>6<\/p>\n<p>Eva Bj\u00f6rg \u00c6gisd\u00f3ttir et Jean-Luc Bannalec ont partag\u00e9 une conf\u00e9rence ce samedi aux Carmes. L\u2019auteure islandaise et l\u2019\u00e9crivain allemand, star du polar breton se sont trouv\u00e9 un point commun\u00a0: ils ne connaissent pas le coupable en commen\u00e7ant leur r\u00e9cit.<\/p>\n<p>Le T\u00e9l\u00e9gramme\/Fanny Coconnier<\/p>\n","protected":false},"excerpt":{"rendered":"Le salon Livr\u2019\u00e0 Vannes se poursuit ce dimanche 15\u00a0juin. Hier, les all\u00e9es de la grande librairie ont fait&hellip;\n","protected":false},"author":2,"featured_media":177997,"comment_status":"","ping_status":"","sticky":false,"template":"","format":"standard","meta":{"footnotes":""},"categories":[1357],"tags":[1379,58,59,1011,27,31443,1380,3165],"class_list":{"0":"post-177996","1":"post","2":"type-post","3":"status-publish","4":"format-standard","5":"has-post-thumbnail","7":"category-livres","8":"tag-books","9":"tag-divertissement","10":"tag-entertainment","11":"tag-fr","12":"tag-france","13":"tag-livra-vannes","14":"tag-livres","15":"tag-vannes"},"share_on_mastodon":{"url":"https:\/\/pubeurope.com\/@fr\/114686554768032913","error":""},"_links":{"self":[{"href":"https:\/\/www.europesays.com\/fr\/wp-json\/wp\/v2\/posts\/177996","targetHints":{"allow":["GET"]}}],"collection":[{"href":"https:\/\/www.europesays.com\/fr\/wp-json\/wp\/v2\/posts"}],"about":[{"href":"https:\/\/www.europesays.com\/fr\/wp-json\/wp\/v2\/types\/post"}],"author":[{"embeddable":true,"href":"https:\/\/www.europesays.com\/fr\/wp-json\/wp\/v2\/users\/2"}],"replies":[{"embeddable":true,"href":"https:\/\/www.europesays.com\/fr\/wp-json\/wp\/v2\/comments?post=177996"}],"version-history":[{"count":0,"href":"https:\/\/www.europesays.com\/fr\/wp-json\/wp\/v2\/posts\/177996\/revisions"}],"wp:featuredmedia":[{"embeddable":true,"href":"https:\/\/www.europesays.com\/fr\/wp-json\/wp\/v2\/media\/177997"}],"wp:attachment":[{"href":"https:\/\/www.europesays.com\/fr\/wp-json\/wp\/v2\/media?parent=177996"}],"wp:term":[{"taxonomy":"category","embeddable":true,"href":"https:\/\/www.europesays.com\/fr\/wp-json\/wp\/v2\/categories?post=177996"},{"taxonomy":"post_tag","embeddable":true,"href":"https:\/\/www.europesays.com\/fr\/wp-json\/wp\/v2\/tags?post=177996"}],"curies":[{"name":"wp","href":"https:\/\/api.w.org\/{rel}","templated":true}]}}