{"id":178003,"date":"2025-06-15T09:01:11","date_gmt":"2025-06-15T09:01:11","guid":{"rendered":"https:\/\/www.europesays.com\/fr\/178003\/"},"modified":"2025-06-15T09:01:11","modified_gmt":"2025-06-15T09:01:11","slug":"apnee-du-sommeil-un-espoir-avec-une-simple-pilule","status":"publish","type":"post","link":"https:\/\/www.europesays.com\/fr\/178003\/","title":{"rendered":"Apn\u00e9e du sommeil\u00a0: un espoir avec une simple pilule\u00a0?"},"content":{"rendered":"<p>Publi\u00e914. juin 2025, 20:10<\/p>\n<p>Espoir: Et si une simple pilule pouvait lutter contre l&rsquo;apn\u00e9e du sommeil?<\/p>\n<p>Lors d\u2019essais cliniques, un nouveau traitement combinant deux mol\u00e9cules, pris avant le coucher, a d\u00e9montr\u00e9 qu\u2019il r\u00e9duit les interruptions nocturnes de la respiration.<\/p>\n<p><img decoding=\"async\" alt=\"Eva Grau\" src=\"https:\/\/media.lessentiel.lu\/18\/image\/2025\/01\/28\/c773d78e-0f6e-43f7-af45-fd17ee10e5c0.avif?auto=format%2Ccompress%2Cenhance&amp;fit=crop&amp;w=400&amp;h=400&amp;rect=0%2C0%2C400%2C400&amp;crop=faces&amp;s=4614cbc4cde04625f799beb25622a812\" class=\"sc-b1f21c84-1 juVSAe\"\/><img loading=\"lazy\" decoding=\"async\" src=\"https:\/\/www.europesays.com\/fr\/wp-content\/uploads\/2025\/06\/ee62ddb7-936b-42ea-9ff1-c17bb4a88fb0.jpeg\" alt=\"Le port d\u2019un masque \u00e0 pression sur le visage pendant la nuit est efficace contre l\u2019apn\u00e9e du sommeil mais tr\u00e8s contraignant pour les malades.\" title=\"Le port d\u2019un masque \u00e0 pression sur le visage pendant la nuit est efficace contre l\u2019apn\u00e9e du sommeil mais tr\u00e8s contraignant pour les malades.\"  width=\"1200\" height=\"675\"\/><\/p>\n<p>Le port d\u2019un masque \u00e0 pression sur le visage pendant la nuit est efficace contre l\u2019apn\u00e9e du sommeil mais tr\u00e8s contraignant pour les malades.<\/p>\n<p>IMAGO\/Depositphotos<\/p>\n<p>L&rsquo;apn\u00e9e du sommeil, maladie qui se manifeste par des interruptions respiratoires nocturnes. Elle implique bien souvent, pour le patient, de devoir porter un masque \u00e0 pression (aussi appel\u00e9 appareil CPAP) sur le visage lorsqu\u2019il dort, un dispositif efficace mais tr\u00e8s contraignant. Or, il pourrait bient\u00f4t y avoir une alternative bien plus simple: une pilule \u00e0 prendre au moment du coucher.<\/p>\n<p>Des chercheurs am\u00e9ricains ont d\u00e9velopp\u00e9 un m\u00e9dicament oral \u2013 nom de code: AD109 \u2013 combinant deux mol\u00e9cules, l\u2019atomox\u00e9tine (un stimulant utilis\u00e9 contre le trouble d\u00e9ficit de l\u2019attention) et l\u2019oxybutynine (un d\u00e9riv\u00e9 d\u2019un m\u00e9dicament contre l\u2019hyperactivit\u00e9 de la vessie) qui tonifie les muscles des voies a\u00e9riennes. Ce faisant, il \u00e9vite que le pharynx ne s\u2019effondre et bloque la respiration, provoquant l\u2019apn\u00e9e du sommeil.<\/p>\n<p>Contr\u00f4le total de la maladie<\/p>\n<p>Un essai clinique, men\u00e9 sur 646 patients durant six mois, a d\u00e9montr\u00e9 que les personnes sous AD109 ont vu leur nombre d\u2019apn\u00e9es du sommeil baisser de 56% par rapport \u00e0 celles sous placebo. Et 22% des patients trait\u00e9s ont vu leurs arr\u00eats respiratoires se rar\u00e9fier jusqu\u2019\u00e0 moins de cinq occurrences par heure \u2013 soit un \u00abcontr\u00f4le total de la maladie\u00bb, rapporte la revue Science.<\/p>\n<p>Reste \u00e0 savoir si le sommeil est aussi r\u00e9parateur sous atomox\u00e9tine que sans, ce d\u2019autant que cette mol\u00e9cule est connue pour augmenter le rythme cardiaque et la pression art\u00e9rielle. Un deuxi\u00e8me essai, d\u2019une dur\u00e9e d\u2019un an, doit s\u2019achever cet \u00e9t\u00e9. Les r\u00e9sultats complets des tests seront pr\u00e9sent\u00e9s \u00e0 l\u2019automne. Le laboratoire Apnimed, qui d\u00e9veloppe l\u2019AD109, pr\u00e9voit de d\u00e9poser une approbation aupr\u00e8s de la FDA, la puissante agence am\u00e9ricaine du m\u00e9dicament, d\u00e9but 2026.<\/p>\n<p>Tu nous suis d\u00e9j\u00e0 sur WhatsApp?<\/p>\n<p>Abonne-toi \u00e0 notre cha\u00eene, active la petite \ud83d\udd14 et tu recevras un <strong>r\u00e9cap de l&rsquo;actu<\/strong> chaque jour en <strong>d\u00e9but de soir\u00e9e<\/strong>.<\/p>\n","protected":false},"excerpt":{"rendered":"Publi\u00e914. juin 2025, 20:10 Espoir: Et si une simple pilule pouvait lutter contre l&rsquo;apn\u00e9e du sommeil? Lors d\u2019essais&hellip;\n","protected":false},"author":2,"featured_media":178004,"comment_status":"","ping_status":"","sticky":false,"template":"","format":"standard","meta":{"footnotes":""},"categories":[10],"tags":[1011,27,72,71],"class_list":{"0":"post-178003","1":"post","2":"type-post","3":"status-publish","4":"format-standard","5":"has-post-thumbnail","7":"category-sante","8":"tag-fr","9":"tag-france","10":"tag-health","11":"tag-sante"},"share_on_mastodon":{"url":"https:\/\/pubeurope.com\/@fr\/114686570333018618","error":""},"_links":{"self":[{"href":"https:\/\/www.europesays.com\/fr\/wp-json\/wp\/v2\/posts\/178003","targetHints":{"allow":["GET"]}}],"collection":[{"href":"https:\/\/www.europesays.com\/fr\/wp-json\/wp\/v2\/posts"}],"about":[{"href":"https:\/\/www.europesays.com\/fr\/wp-json\/wp\/v2\/types\/post"}],"author":[{"embeddable":true,"href":"https:\/\/www.europesays.com\/fr\/wp-json\/wp\/v2\/users\/2"}],"replies":[{"embeddable":true,"href":"https:\/\/www.europesays.com\/fr\/wp-json\/wp\/v2\/comments?post=178003"}],"version-history":[{"count":0,"href":"https:\/\/www.europesays.com\/fr\/wp-json\/wp\/v2\/posts\/178003\/revisions"}],"wp:featuredmedia":[{"embeddable":true,"href":"https:\/\/www.europesays.com\/fr\/wp-json\/wp\/v2\/media\/178004"}],"wp:attachment":[{"href":"https:\/\/www.europesays.com\/fr\/wp-json\/wp\/v2\/media?parent=178003"}],"wp:term":[{"taxonomy":"category","embeddable":true,"href":"https:\/\/www.europesays.com\/fr\/wp-json\/wp\/v2\/categories?post=178003"},{"taxonomy":"post_tag","embeddable":true,"href":"https:\/\/www.europesays.com\/fr\/wp-json\/wp\/v2\/tags?post=178003"}],"curies":[{"name":"wp","href":"https:\/\/api.w.org\/{rel}","templated":true}]}}