{"id":178007,"date":"2025-06-15T09:03:10","date_gmt":"2025-06-15T09:03:10","guid":{"rendered":"https:\/\/www.europesays.com\/fr\/178007\/"},"modified":"2025-06-15T09:03:10","modified_gmt":"2025-06-15T09:03:10","slug":"gims-onde-de-choc-la-mere-de-ses-enfants-demdem-annonce-leur-divorce","status":"publish","type":"post","link":"https:\/\/www.europesays.com\/fr\/178007\/","title":{"rendered":"Gims : onde de choc, la m\u00e8re de ses enfants, Demdem, annonce leur divorce"},"content":{"rendered":"<p>Est-ce le <strong>clap de fin pour Ma\u00eetre Gims et Demdem<\/strong> ? Mari\u00e9s depuis <strong>2005<\/strong> et parents de <strong>quatre enfants<\/strong>, ils formaient un duo discret, mais solide&#8230; en tout cas jusqu&rsquo;\u00e0 maintenant.<\/p>\n<p>En effet, les <strong>rumeurs de rupture ont commenc\u00e9 en d\u00e9cembre dernier<\/strong> quand Demdem a post\u00e9 un <strong><a href=\"https:\/\/www.public.fr\/gims-et-demdem-separes-le-message-mysterieux-de-sa-femme-affole-les-reseaux\" target=\"_blank\" rel=\"noopener\">message intrigant sur Instagram<\/a><\/strong>, dans lequel elle \u00e9voquait les hommes qui \u00ab\u00a0ruinent souvent les relations avec les femmes fortes\u00a0\u00bb&#8230;<\/p>\n<p>Une story qui met fin aux rumeurs entre Gims et Demdem<\/p>\n<p>Il y a quelques mois, Demdem \u00e9crivait sur la Toile : \u00ab\u00a0Lorsqu&rsquo;un homme ne veut pas changer, il trouvera une femme qui accepte son style de vie, afin qu&rsquo;il n&rsquo;ait pas \u00e0 grandir.\u00a0C&rsquo;est pourquoi ces hommes ruinent souvent les relations avec les femmes fortes, car elle <strong>fixe des limites et maintient des normes \u00e9lev\u00e9es<\/strong>. Ne pense jamais que tu n&rsquo;es pas assez pour ces hommes, ch\u00e9rie. La plupart du temps, vous \u00eates tout simplement trop pour eux \u00e0 g\u00e9rer et\u00a0<strong>ils recherchent une femme plus faible<\/strong> qui accepte le strict minimum\u00a0\u00bb.<\/p>\n<p>Ce message laissait deviner qu&rsquo;il y avait clairement de <strong>l&rsquo;eau dans le gaz entre elle et Ma\u00eetre Gims<\/strong>. Jamais tr\u00e8s loin, <a href=\"https:\/\/www.public.fr\/booba-en-guerre-ouverte-contre-gims-5000-dollars-sur-la-tete-de-son-ennemi\" target=\"_blank\" rel=\"noopener\">Booba <\/a>n&rsquo;avait pas manqu\u00e9 de tacler Gims, son grand ennemi. \u00ab\u00a0\u00c7a peut s\u2019arranger entre vous. Vous \u00eates une \u00e9quipe ne baissez pas les bras.\u00a0Elle t\u2019a tromp\u00e9, mais toi aussi,\u00a0vous valez mieux que \u00e7a, c&rsquo;est passager. <strong>Force \u00e0 vous deux<\/strong>. Elle sait accueillir, retourne vers elle marabout\u00a0\u00bb. Un message qui a d\u00fb faire bondir Ma\u00eetre Gims en sachant leurs ant\u00e9c\u00e9dents. Ce dernier a en effet <strong>port\u00e9 plainte contre Booba en septembre<\/strong> dernier pour faire cesser ce \u00ab\u00a0harc\u00e8lement toxique\u00a0\u00bb en vain.<\/p>\n<p>Dans la nuit de ce samedi 14 juin, Demdem vient de <strong>mettre fin aux doutes<\/strong> dans une nouvelle story Instagram. La jeune femme poste une photo d&rsquo;elle o\u00f9 elle appara\u00eet <strong>rayonnante<\/strong>, accompagn\u00e9e des messages suivants :<strong> \u00ab\u00a0c\u00e9libataire\u00a0\u00bb et \u00ab\u00a0je suis divorc\u00e9e\u00a0\u00bb.<\/strong><\/p>\n<blockquote class=\"twitter-tweet\"><p>&#13;<\/p>\n<p>Tweet relatif \u00e0 Gims : onde de choc, la m\u00e8re de ses enfants, Demdem, annonce leur divorce<\/p>\n<p>&#13;<br \/>\n        <a href=\"https:\/\/twitter.com\/Doe718John\/status\/1934043933861937381\/photo\/1\" target=\"_blank\" rel=\"noopener\">&#13;<br \/>\n            Voir cette publication sur Twitter&#13;<br \/>\n        <\/a>&#13;\n    <\/p><\/blockquote>\n<p>Divorce officiel sur Instagram<\/p>\n<p>Ainsi, si certains pensaient que c&rsquo;\u00e9tait une <strong>crise passag\u00e8re<\/strong>, eh bien, le verdict est d\u00e9sormais sans appel. Le <strong>divorce semble \u00eatre vraiment act\u00e9<\/strong> selon la principale int\u00e9ress\u00e9e et qui a l&rsquo;air de s&rsquo;en r\u00e9jouir. Ma\u00eetre Gims, de son c\u00f4t\u00e9, n\u2019a pas encore r\u00e9agi publiquement \u00e0 cette annonce.<\/p>\n<p>Quant aux causes de la s\u00e9paration, nous n&rsquo;avons pas les <strong>raisons officielles<\/strong>, puisqu&rsquo;aucun des deux ne s&rsquo;est encore exprim\u00e9. Mais le message partag\u00e9 en d\u00e9cembre laisse penser que <strong>les d\u00e9saccords \u00e9taient profonds<\/strong> et la lutte de pouvoir bien r\u00e9elle. Une page se tourne pour l\u2019artiste aux lunettes noires.<\/p>\n<p>      Mentionn\u00e9s dans cet article<\/p>\n<p>\u00c0 lire aussi<\/p>\n<p><script async src=\"https:\/\/platform.twitter.com\/widgets.js\" charset=\"utf-8\"><\/script><\/p>\n","protected":false},"excerpt":{"rendered":"Est-ce le clap de fin pour Ma\u00eetre Gims et Demdem ? Mari\u00e9s depuis 2005 et parents de quatre&hellip;\n","protected":false},"author":2,"featured_media":178008,"comment_status":"","ping_status":"","sticky":false,"template":"","format":"standard","meta":{"footnotes":""},"categories":[8],"tags":[58,59,1011,27,16676],"class_list":{"0":"post-178007","1":"post","2":"type-post","3":"status-publish","4":"format-standard","5":"has-post-thumbnail","7":"category-divertissement","8":"tag-divertissement","9":"tag-entertainment","10":"tag-fr","11":"tag-france","12":"tag-maitre-gims"},"share_on_mastodon":{"url":"https:\/\/pubeurope.com\/@fr\/114686578181823094","error":""},"_links":{"self":[{"href":"https:\/\/www.europesays.com\/fr\/wp-json\/wp\/v2\/posts\/178007","targetHints":{"allow":["GET"]}}],"collection":[{"href":"https:\/\/www.europesays.com\/fr\/wp-json\/wp\/v2\/posts"}],"about":[{"href":"https:\/\/www.europesays.com\/fr\/wp-json\/wp\/v2\/types\/post"}],"author":[{"embeddable":true,"href":"https:\/\/www.europesays.com\/fr\/wp-json\/wp\/v2\/users\/2"}],"replies":[{"embeddable":true,"href":"https:\/\/www.europesays.com\/fr\/wp-json\/wp\/v2\/comments?post=178007"}],"version-history":[{"count":0,"href":"https:\/\/www.europesays.com\/fr\/wp-json\/wp\/v2\/posts\/178007\/revisions"}],"wp:featuredmedia":[{"embeddable":true,"href":"https:\/\/www.europesays.com\/fr\/wp-json\/wp\/v2\/media\/178008"}],"wp:attachment":[{"href":"https:\/\/www.europesays.com\/fr\/wp-json\/wp\/v2\/media?parent=178007"}],"wp:term":[{"taxonomy":"category","embeddable":true,"href":"https:\/\/www.europesays.com\/fr\/wp-json\/wp\/v2\/categories?post=178007"},{"taxonomy":"post_tag","embeddable":true,"href":"https:\/\/www.europesays.com\/fr\/wp-json\/wp\/v2\/tags?post=178007"}],"curies":[{"name":"wp","href":"https:\/\/api.w.org\/{rel}","templated":true}]}}