{"id":17803,"date":"2025-04-11T17:06:07","date_gmt":"2025-04-11T17:06:07","guid":{"rendered":"https:\/\/www.europesays.com\/fr\/17803\/"},"modified":"2025-04-11T17:06:07","modified_gmt":"2025-04-11T17:06:07","slug":"pres-de-toulouse-incendie-dans-un-resto-dun-centre-commercial-des-clients-evacues","status":"publish","type":"post","link":"https:\/\/www.europesays.com\/fr\/17803\/","title":{"rendered":"Pr\u00e8s de Toulouse, incendie dans un resto d&rsquo;un centre commercial, des clients \u00e9vacu\u00e9s"},"content":{"rendered":"<p>            Par<br \/>\n        <strong><br \/>\n            <a href=\"https:\/\/actu.fr\/auteur\/lucie-2\" title=\"Consulter tous les articles de Lucie Fraisse\" rel=\"nofollow noopener\" target=\"_blank\">Lucie Fraisse<\/a><br \/>\n        <\/strong><\/p>\n<p>        Publi\u00e9 le<\/p>\n<p>            11 avr. 2025 \u00e0 18h55        <\/p>\n<p>Les pompiers de la Haute-Garonne ont \u00e9t\u00e9 mobilis\u00e9s sur un incendie survenu dans un restaurant situ\u00e9 dans le centre commercial de Portet-sur-Garonne, <a href=\"https:\/\/actu.fr\/toulouse\/\" rel=\"nofollow noopener\" target=\"_blank\">pr\u00e8s de Toulouse<\/a>, ce vendredi 11 avril 2025, peu apr\u00e8s 16 heures.\u00a0<\/p>\n<p>Une vingtaine de clients \u00e9vacu\u00e9s<\/p>\n<p class=\" wall-content\">L\u2019incendie a \u00e9t\u00e9 rapidement \u00e9t\u00e9 \u00e9teint par les installations d\u2019extinction automatique du restaurant. Une vingtaine de clients ont cependant \u00e9t\u00e9 \u00e9vacu\u00e9s, \u00e0 cause des <strong>\u00e9manations de fum\u00e9e<\/strong>.<\/p>\n<p class=\" wall-content\">Un employ\u00e9 a \u00e9t\u00e9 l\u00e9g\u00e8rement bless\u00e9. Son \u00e9tat de sant\u00e9 n\u2019a cependant pas n\u00e9cessit\u00e9 un transfert vers un \u00e9tablissement de soins.\u00a0<\/p>\n<p>Ch\u00f4mage technique pour les employ\u00e9s\u00a0<\/p>\n<p class=\" wall-content\">Selon les pompiers, le restaurant ne pourra pas rouvrir, trois personnes se retrouvent au ch\u00f4mage technique.<\/p>\n<p class=\" wall-content\">Suivez toute l\u2019actualit\u00e9 de vos villes et m\u00e9dias favoris en vous inscrivant \u00e0 <a href=\"https:\/\/moncompte.actu.fr\" title=\"D\u00e9couvez Mon Actu\" rel=\"nofollow noopener\" data-trk=\"{&quot;cta&quot;:{&quot;action&quot;:&quot;https:\\\/\\\/moncompte.actu.fr&quot;,&quot;category&quot;:&quot;mon compte&quot;,&quot;from&quot;:&quot;article footer&quot;,&quot;name&quot;:&quot;Mon actu&quot;,&quot;type&quot;:&quot;cta&quot;}}\" target=\"_blank\">Mon Actu<\/a>.<\/p>\n","protected":false},"excerpt":{"rendered":"Par Lucie Fraisse Publi\u00e9 le 11 avr. 2025 \u00e0 18h55 Les pompiers de la Haute-Garonne ont \u00e9t\u00e9 mobilis\u00e9s&hellip;\n","protected":false},"author":2,"featured_media":17804,"comment_status":"","ping_status":"","sticky":false,"template":"","format":"standard","meta":{"footnotes":""},"categories":[2816],"tags":[1111,11,1777,674,118,1011,27,1310,12,2680,1311,25,2312],"class_list":{"0":"post-17803","1":"post","2":"type-post","3":"status-publish","4":"format-standard","5":"has-post-thumbnail","7":"category-toulouse","8":"tag-actu","9":"tag-actualites","10":"tag-eu","11":"tag-europe","12":"tag-faits-divers","13":"tag-fr","14":"tag-france","15":"tag-incendie","16":"tag-news","17":"tag-occitanie","18":"tag-pompiers","19":"tag-republique-francaise","20":"tag-toulouse"},"share_on_mastodon":{"url":"https:\/\/pubeurope.com\/@fr\/114320427256729636","error":""},"_links":{"self":[{"href":"https:\/\/www.europesays.com\/fr\/wp-json\/wp\/v2\/posts\/17803","targetHints":{"allow":["GET"]}}],"collection":[{"href":"https:\/\/www.europesays.com\/fr\/wp-json\/wp\/v2\/posts"}],"about":[{"href":"https:\/\/www.europesays.com\/fr\/wp-json\/wp\/v2\/types\/post"}],"author":[{"embeddable":true,"href":"https:\/\/www.europesays.com\/fr\/wp-json\/wp\/v2\/users\/2"}],"replies":[{"embeddable":true,"href":"https:\/\/www.europesays.com\/fr\/wp-json\/wp\/v2\/comments?post=17803"}],"version-history":[{"count":0,"href":"https:\/\/www.europesays.com\/fr\/wp-json\/wp\/v2\/posts\/17803\/revisions"}],"wp:featuredmedia":[{"embeddable":true,"href":"https:\/\/www.europesays.com\/fr\/wp-json\/wp\/v2\/media\/17804"}],"wp:attachment":[{"href":"https:\/\/www.europesays.com\/fr\/wp-json\/wp\/v2\/media?parent=17803"}],"wp:term":[{"taxonomy":"category","embeddable":true,"href":"https:\/\/www.europesays.com\/fr\/wp-json\/wp\/v2\/categories?post=17803"},{"taxonomy":"post_tag","embeddable":true,"href":"https:\/\/www.europesays.com\/fr\/wp-json\/wp\/v2\/tags?post=17803"}],"curies":[{"name":"wp","href":"https:\/\/api.w.org\/{rel}","templated":true}]}}