{"id":178032,"date":"2025-06-15T09:18:09","date_gmt":"2025-06-15T09:18:09","guid":{"rendered":"https:\/\/www.europesays.com\/fr\/178032\/"},"modified":"2025-06-15T09:18:09","modified_gmt":"2025-06-15T09:18:09","slug":"la-ville-de-rouen-va-t-elle-faire-le-plein-de-touristes-pour-le-passage-du-tour-de-france","status":"publish","type":"post","link":"https:\/\/www.europesays.com\/fr\/178032\/","title":{"rendered":"La ville de Rouen va-t-elle faire le plein de touristes pour le passage du Tour de France\u00a0?"},"content":{"rendered":"<p>            Par<br \/>\n        <strong><br \/>\n            <a href=\"https:\/\/actu.fr\/auteur\/thomas-rideau\" title=\"Consulter tous les articles de Thomas Rideau\" rel=\"nofollow noopener\" target=\"_blank\">Thomas Rideau<\/a><br \/>\n        <\/strong><\/p>\n<p>        Publi\u00e9 le<\/p>\n<p>            15 juin 2025 \u00e0 11h10        <\/p>\n<p>Alors\u2009? <strong>Les touristes<\/strong> vont-ils se ruer \u00e0 <a href=\"https:\/\/actu.fr\/normandie\/rouen_76540\" rel=\"nofollow noopener\" target=\"_blank\">Rouen (Seine-Maritime)<\/a> pour la quatri\u00e8me \u00e9tape du Tour de France 2025, le 8\u00a0juillet prochain\u2009? La question n\u2019est pas encore tout \u00e0 fait tranch\u00e9e \u00e0 quelques jours de l\u2019arriv\u00e9e des coureurs. Cependant, 76actu a r\u00e9uni quelques donn\u00e9es concr\u00e8tes qui donnent une id\u00e9e de l\u2019affluence \u00e0 laquelle on peut s\u2019attendre.<\/p>\n<p class=\" wall-content\">La premi\u00e8re est le r\u00e9sultat des premi\u00e8res observations de Seine-Maritime attractivit\u00e9 (SMA), le \u00ab\u2009bras arm\u00e9 du tourisme\u2009\u00bb dans le d\u00e9partement, qui compile plusieurs chiffres. Notamment sur les <strong>\u00ab\u2009meubl\u00e9s de tourisme\u2009\u00bb<\/strong>, autrement dit les <a href=\"https:\/\/actu.fr\/tag\/airbnb\" rel=\"nofollow noopener\" target=\"_blank\">Airbnb<\/a>, les g\u00eetes, les locations de courte dur\u00e9e\u2026<\/p>\n<p>\u00ab\u2009Pas de raz de mar\u00e9e\u2009\u00bb<\/p>\n<p class=\" wall-content\">\u00ab\u2009On remarque une hausse de 50\u2009% des r\u00e9servations pour la nuit du lundi\u00a07 au mardi 8\u00a0juillet\u2009\u00bb, constate <strong>Jean-Marc Deverre<\/strong>, le directeur g\u00e9n\u00e9ral de SMA. \u00ab\u2009C\u2019est 50\u2009% de plus par rapport au lundi mardi de la semaine d\u2019avant, mais surtout, c\u2019est aussi 50\u2009% de plus que la semaine suivante\u2009\u00bb, note-t-il.<\/p>\n<p class=\" wall-content\">Il y a donc bien un effet Tour de France sur <a href=\"https:\/\/actu.fr\/tag\/tourisme\" rel=\"nofollow noopener\" target=\"_blank\">les r\u00e9servations<\/a>. Un vrai fr\u00e9missement \u00ab\u2009qui sera \u00e0 pond\u00e9rer. On saura pr\u00e9cis\u00e9ment ce qu\u2019a apport\u00e9 le tour apr\u00e8s l\u2019\u00e9v\u00e9nement.\u2009\u00bb Au total, 900 nuits, \u00e0 ce jour [jeudi 12 juin 2025] ont \u00e9t\u00e9 r\u00e9serv\u00e9es. \u00ab\u2009Ce n\u2019est pas un raz de mar\u00e9e\u2009\u00bb, pr\u00e9vient-il.<\/p>\n<p>Pas utile de s\u2019arr\u00eater \u00e0 Rouen<\/p>\n<p class=\" wall-content\">Et le son de cloche est assez similaire du c\u00f4t\u00e9 de l\u2019Umih (union des m\u00e9tiers et des industries de l\u2019H\u00f4tellerie. \u00ab\u2009Il n\u2019y a pas de mont\u00e9e en charge sp\u00e9cifique\u2009\u00bb, pr\u00e9vient Julien Marchal Gu\u00e9ret, le pr\u00e9sident. L\u2019Umih qui regroupe plus de 100 adh\u00e9rents dans la m\u00e9tropole rouennaise, ne s\u2019attend pas \u00e0 de retomb\u00e9es faramineuses.<\/p>\n<p>Vid\u00e9os : en ce moment sur Actu<\/p>\n<p class=\" wall-content\">\u00ab\u2009Il y aura peut-\u00eatre des r\u00e9servations last minute. Mais ces chiffres ne sont pas \u00e9tonnants. On sait d\u2019exp\u00e9rience que le <a href=\"https:\/\/actu.fr\/tag\/tour-de-france-2025\" rel=\"nofollow noopener\" target=\"_blank\">Tour de France<\/a> n\u2019apporte pas \u00e9norm\u00e9ment de touriste.\u2009\u00bb Le probl\u00e8me, d\u2019apr\u00e8s lui, est que Roue est \u00ab\u2009ville d\u2019arriv\u00e9e\u2009\u00bb. Et non de d\u00e9part. Les suiveurs, les \u00e9quipes, les passionn\u00e9s, les professionnels, <strong>toute la caravane<\/strong> du tour n\u2019a pas d\u2019utilit\u00e9 particuli\u00e8re<strong> \u00e0 s\u2019arr\u00eater la nuit<\/strong> \u00e0 Rouen. \u00ab\u2009Sans doute que la ville de Caen [ville d\u00e9part ET arriv\u00e9e le lendemain] va largement plus en profiter.\u2009\u00bb<\/p>\n<p class=\" wall-content\"><strong>\u00ab\u2009Le Tour de France, c\u2019est populaire\u2009\u00bb<\/strong>, note-t-il pour le c\u00f4t\u00e9 restauration. \u00ab\u2009On sait que les spectateurs du Tour descendent de chez eux pour voir les coureurs. Ils ont des gourdes, des sandwichs\u2026\u2009\u00bb Si Rouen va b\u00e9n\u00e9ficier d\u2019une promotion exceptionnelle, les acteurs du tourisme semblent un peu r\u00e9serv\u00e9s.<\/p>\n<p class=\" wall-content\">De son c\u00f4t\u00e9, <strong>Abdelkrim Marchiani<\/strong>, vice-pr\u00e9sident de la M\u00e9tropole en charge de l\u2019\u00e9conomie, rappelle que 450\u2009000\u00a0\u20ac ont \u00e9t\u00e9 d\u00e9pens\u00e9s par les collectivit\u00e9s. Mais que chaque euro d\u00e9pens\u00e9 doit rapporter le double. On verra \u00e0 l\u2019heure du bilan si le pari est tenu.<\/p>\n<p>Suivez l\u2019actualit\u00e9 de Rouen <a href=\"https:\/\/www.whatsapp.com\/channel\/0029VaKfnf99hXF2ddApFB1D\" rel=\"nofollow noopener\" target=\"_blank\">sur notre cha\u00eene WhatsApp<\/a> et <a href=\"https:\/\/www.tiktok.com\/@76actu.fr?lang=fr\" rel=\"nofollow noopener\" target=\"_blank\">sur notre compte TikTok<\/a><\/p>\n<p class=\" wall-content\">Suivez toute l\u2019actualit\u00e9 de vos villes et m\u00e9dias favoris en vous inscrivant \u00e0 <a href=\"https:\/\/moncompte.actu.fr\" title=\"D\u00e9couvez Mon Actu\" rel=\"nofollow noopener\" data-trk=\"{&quot;cta&quot;:{&quot;action&quot;:&quot;https:\\\/\\\/moncompte.actu.fr&quot;,&quot;category&quot;:&quot;mon compte&quot;,&quot;from&quot;:&quot;article footer&quot;,&quot;name&quot;:&quot;Mon actu&quot;,&quot;type&quot;:&quot;cta&quot;}}\" target=\"_blank\">Mon Actu<\/a>.<\/p>\n<ul class=\"ac-article-tag wall-content\">\n<li><a href=\"https:\/\/actu.fr\/tag\/tour-de-france-2025\" data-trk=\"{&quot;cta&quot;:{&quot;action&quot;:&quot;Tour de France 2025&quot;,&quot;category&quot;:&quot;tag&quot;,&quot;from&quot;:&quot;article footer&quot;,&quot;name&quot;:&quot;Tour de France 2025&quot;,&quot;type&quot;:&quot;cta&quot;}}\" rel=\"nofollow noopener\" target=\"_blank\">#Tour de France 2025<\/a><\/li>\n<li><a href=\"https:\/\/actu.fr\/tag\/tourisme\" data-trk=\"{&quot;cta&quot;:{&quot;action&quot;:&quot;Tourisme&quot;,&quot;category&quot;:&quot;tag&quot;,&quot;from&quot;:&quot;article footer&quot;,&quot;name&quot;:&quot;Tourisme&quot;,&quot;type&quot;:&quot;cta&quot;}}\" rel=\"nofollow noopener\" target=\"_blank\">#Tourisme<\/a><\/li>\n<\/ul>\n<p>                    <script async src=\"\/\/www.tiktok.com\/embed.js\"><\/script><\/p>\n","protected":false},"excerpt":{"rendered":"Par Thomas Rideau Publi\u00e9 le 15 juin 2025 \u00e0 11h10 Alors\u2009? Les touristes vont-ils se ruer \u00e0 Rouen&hellip;\n","protected":false},"author":2,"featured_media":178033,"comment_status":"","ping_status":"","sticky":false,"template":"","format":"standard","meta":{"footnotes":""},"categories":[9587],"tags":[1111,11,1777,674,1011,27,12,5161,25,9590,104,2116,602],"class_list":{"0":"post-178032","1":"post","2":"type-post","3":"status-publish","4":"format-standard","5":"has-post-thumbnail","7":"category-rouen","8":"tag-actu","9":"tag-actualites","10":"tag-eu","11":"tag-europe","12":"tag-fr","13":"tag-france","14":"tag-news","15":"tag-normandie","16":"tag-republique-francaise","17":"tag-rouen","18":"tag-societe","19":"tag-tour-de-france-2025","20":"tag-tourisme"},"share_on_mastodon":{"url":"https:\/\/pubeurope.com\/@fr\/114686637059524585","error":""},"_links":{"self":[{"href":"https:\/\/www.europesays.com\/fr\/wp-json\/wp\/v2\/posts\/178032","targetHints":{"allow":["GET"]}}],"collection":[{"href":"https:\/\/www.europesays.com\/fr\/wp-json\/wp\/v2\/posts"}],"about":[{"href":"https:\/\/www.europesays.com\/fr\/wp-json\/wp\/v2\/types\/post"}],"author":[{"embeddable":true,"href":"https:\/\/www.europesays.com\/fr\/wp-json\/wp\/v2\/users\/2"}],"replies":[{"embeddable":true,"href":"https:\/\/www.europesays.com\/fr\/wp-json\/wp\/v2\/comments?post=178032"}],"version-history":[{"count":0,"href":"https:\/\/www.europesays.com\/fr\/wp-json\/wp\/v2\/posts\/178032\/revisions"}],"wp:featuredmedia":[{"embeddable":true,"href":"https:\/\/www.europesays.com\/fr\/wp-json\/wp\/v2\/media\/178033"}],"wp:attachment":[{"href":"https:\/\/www.europesays.com\/fr\/wp-json\/wp\/v2\/media?parent=178032"}],"wp:term":[{"taxonomy":"category","embeddable":true,"href":"https:\/\/www.europesays.com\/fr\/wp-json\/wp\/v2\/categories?post=178032"},{"taxonomy":"post_tag","embeddable":true,"href":"https:\/\/www.europesays.com\/fr\/wp-json\/wp\/v2\/tags?post=178032"}],"curies":[{"name":"wp","href":"https:\/\/api.w.org\/{rel}","templated":true}]}}