{"id":178040,"date":"2025-06-15T09:23:55","date_gmt":"2025-06-15T09:23:55","guid":{"rendered":"https:\/\/www.europesays.com\/fr\/178040\/"},"modified":"2025-06-15T09:23:55","modified_gmt":"2025-06-15T09:23:55","slug":"yves-wansi-un-strasbourgeois-malvoyant-determine","status":"publish","type":"post","link":"https:\/\/www.europesays.com\/fr\/178040\/","title":{"rendered":"Yves Wansi, un Strasbourgeois malvoyant d\u00e9termin\u00e9"},"content":{"rendered":"<p><strong>Ne jamais abandonner, tel est l\u2019\u00e9tat d\u2019esprit d\u2019Yves Wansi, \u00ab aventurier social et solidaire \u00bb atteint de trou maculaire et dot\u00e9 d\u2019une r\u00e9silience hors du commun. De son handicap, il en a fait une force en cr\u00e9ant l\u2019association Vue (d\u2019) Ensemble. L\u2019ambition de ce Strasbourgeois, sage mais d\u00e9termin\u00e9, est sans faille\u2026 Surtout quand il s\u2019agit de faire bouger les codes du handicap ou de porter la flamme olympique !\u00a0<\/strong><\/p>\n<p class=\"p1\"><strong>\u00ab La vie donne ses plus durs combats \u00e0 ses plus forts soldats \u00bb<\/strong> : qui mieux qu\u2019Yves Wansi pour illustrer cette citation ?<\/p>\n<p class=\"p1\">N\u00e9 en 1983 au Cameroun, il a vu son enfance fortement perturb\u00e9e par la <strong>d\u00e9couverte d\u2019une maladie oculaire.<\/strong> \u00ab Au d\u00e9tour d\u2019une conversation avec ma tante Solange, je lui ai dit qu\u2019on avait tous une jambe, une main ou un oeil plus fort que l\u2019autre. Alert\u00e9e par mes propos, Solange m\u2019a vite incit\u00e9 \u00e0 consulter pour faire un test de vue \u00bb, pr\u00e9cise-t-il.<\/p>\n<p>    <img width=\"800\" height=\"533\" src=\"https:\/\/www.europesays.com\/fr\/wp-content\/uploads\/2025\/06\/flam213-800x533.jpg\" class=\"attachment-image-size-L size-image-size-L\" alt=\"Yves Wansi\" decoding=\"async\" loading=\"lazy\"  \/>         Yves Wansi, portant la flamme olympique. \u00a9\u00a0Vue (d&rsquo;) Ensemble \/ Document remis <\/p>\n<p>On lui diagnostique alors une<strong> maladie qui se traduit par un trou maculaire bilat\u00e9ral,<\/strong> ne lui permettant qu\u2019une vision p\u00e9riph\u00e9rique. Il perd tr\u00e8s rapidement un \u0153il, puis la vision de l\u2019autre se d\u00e9grade car la vision centrale de cet \u0153il encore actif devient impossible.<\/p>\n<p>Aucun traitement n\u2019est possible et une <strong>intervention chirurgicale \u2013 impraticable au Cameroun \u2013 s\u2019av\u00e8re n\u00e9cessaire.<\/strong><\/p>\n<p>                <img width=\"750\" height=\"500\" src=\"https:\/\/www.europesays.com\/fr\/wp-content\/uploads\/2025\/06\/241129-pka-expert-vision-center-3-750x500.jpg\" class=\"attachment-gallery size-gallery\" alt=\"Expert vision center chirurgie r\u00e9fractive correction de la vue\" data-full-url=\"https:\/\/pokaa.fr\/wp-content\/uploads\/2024\/12\/09\/241129-pka-expert-vision-center-3.jpg\" decoding=\"async\" loading=\"lazy\"  \/>            <\/p>\n<p>                <img width=\"750\" height=\"500\" src=\"https:\/\/www.europesays.com\/fr\/wp-content\/uploads\/2025\/06\/241129-pka-expert-vision-center-17-750x500.jpg\" class=\"attachment-gallery size-gallery\" alt=\"Expert vision center chirurgie r\u00e9fractive correction de la vue\" data-full-url=\"https:\/\/pokaa.fr\/wp-content\/uploads\/2024\/12\/09\/241129-pka-expert-vision-center-17.jpg\" decoding=\"async\" loading=\"lazy\"  \/>            <\/p>\n<p>                    \u00a9 Adrien Labit \/ Pokaa<\/p>\n<p class=\"p1\">Le jeune et courageux Yves stoppe d\u00e8s lors sa scolarit\u00e9 et <strong>se rend en France en tant qu\u2019\u00e9vacu\u00e9 sanitaire pour y d\u00e9buter ce qu\u2019il nomme \u00ab son p\u00e8lerinage m\u00e9dical \u00bb.<\/strong> Il esp\u00e8re alors trouver un chirurgien susceptible de l\u2019op\u00e9rer d\u2019une vitrectomie afin de stopper l\u2019\u00e9volution de la perte de la macula. Il cherche aux quatre coins de la France, mais en vain\u2026 Jusqu\u2019\u00e0 cette <strong>consultation \u00e0 l\u2019H\u00f4pital civil de Strasbourg en 2004, o\u00f9 un chirurgien a pu stabiliser la d\u00e9gradation rapide<\/strong> de ses capacit\u00e9s oculaires apr\u00e8s plusieurs rendez-vous.<\/p>\n<p class=\"p1\">Alors install\u00e9 \u00e0 Strasbourg, il s\u2019attache vite \u00e0 cette ville qu\u2019il consid\u00e8re comme sa <strong>terre d\u2019adoption<\/strong> et o\u00f9, depuis, il vit.<\/p>\n<\/p>\n<p>                <img width=\"750\" height=\"500\" src=\"https:\/\/www.europesays.com\/fr\/wp-content\/uploads\/2025\/06\/dsc00048-750x500.jpg\" class=\"attachment-gallery size-gallery\" alt=\"NHC Nouvel H\u00f4pital Civil\" data-full-url=\"https:\/\/pokaa.fr\/wp-content\/uploads\/2025\/04\/28\/dsc00048.jpg\" decoding=\"async\" loading=\"lazy\"  \/>            <\/p>\n<p>                <img width=\"667\" height=\"500\" src=\"https:\/\/www.europesays.com\/fr\/wp-content\/uploads\/2025\/06\/img-4650-667x500.jpg\" class=\"attachment-gallery size-gallery\" alt=\"strasbourg cath\u00e9drale tram\" data-full-url=\"https:\/\/pokaa.fr\/wp-content\/uploads\/2025\/05\/20\/img-4650.jpg\" decoding=\"async\" loading=\"lazy\"  \/>            <\/p>\n<p>                    1. \u00a9 Anthony Jilli \/ Pokaa ; 2. \u00a9 Coraline Lafon \/ Pokaa<\/p>\n<p>\u00ab Le handicap est une force \u00bb<\/p>\n<p class=\"p1\"><strong>Il<\/strong> <strong>reprend ainsi ses \u00e9tudes \u00e0 23 ans<\/strong>, entame un BTS technico-commercial suivi d\u2019une licence pro marketing-communication avec pour r\u00eave de travailler comme <strong>commercial dans les produits de basse vision<\/strong>, nouvelles technologies pour malvoyant(e)s.<\/p>\n<p class=\"p1\">Il d\u00e9couvre en m\u00eame temps la vie professionnelle ainsi que la vie sociale et <strong>transforme son\u00a0handicap en force<\/strong> : \u00ab \u00catre handicap\u00e9 est une chance \u2013 non pas pour b\u00e9n\u00e9ficier d\u2019avantages sociaux \u2013 mais c\u2019est une <strong>opportunit\u00e9 de s\u2019autonomiser, de devenir l\u2019entrepreneur de sa propre vie et d\u2019acqu\u00e9rir une exp\u00e9rience de terrain. <\/strong>\u00bb Fort de cette d\u00e9couverte, il n\u2019aura de cesse de vouloir la faire partager \u00e0 d\u2019autres personnes dans sa situation et \u00e0 les faire adh\u00e9rer \u00e0 ce message d\u2019espoir.\u00a0<\/p>\n<p>                <a href=\"https:\/\/pokaa.fr\/2025\/03\/08\/strasbourg-inaccessible-on-a-passe-un-apres-midi-avec-johanna-et-son-fauteuil-roulant\/\" target=\"_blank\" rel=\"noopener\"><br \/>\n                    <img width=\"450\" height=\"270\" src=\"https:\/\/www.europesays.com\/fr\/wp-content\/uploads\/2025\/06\/1749979413_344_1-2-450x270.png\" class=\"attachment-card-horizontal--same-subject size-card-horizontal--same-subject wp-post-image\" alt=\"\" decoding=\"async\" loading=\"lazy\"\/>                <\/a><\/p>\n<p>En visitant des structures pour jeunes d\u00e9ficient(e)s visuel(le)s dans le cadre de son stage professionnel dans l\u2019optique, il constate que <strong>de nombreux\/ses jeunes n\u2019ont aucune activit\u00e9 ext\u00e9rieure et ne sont pas int\u00e9ress\u00e9(e)s par les associations<\/strong> d\u00e9j\u00e0 implant\u00e9es \u00e0 Strasbourg.<\/p>\n<p>\u00ab\u00a0Celles-ci sont essentiellement tourn\u00e9es vers l\u2019accompagnement et non vers l\u2019action et offrent donc une vision trop mis\u00e9rabiliste du handicap visuel\u00a0\u00bb, ajoute-t-il. Passionn\u00e9 par l\u2019animation depuis l\u2019obtention de son BAFA, l\u2019id\u00e9e de <strong>cr\u00e9er une association r\u00e9alisant des activit\u00e9s pour s\u2019\u00e9manciper et s\u2019amuser<\/strong> germe dans son esprit.<\/p>\n<p>La naissance de l&rsquo;association Vue (d&rsquo;) Ensemble : de l&rsquo;escalade au trek en Sib\u00e9rie<\/p>\n<p class=\"p1\">La maxime de son p\u00e8re, qu\u2019il fera sienne tout au long de sa vie, a fait \u00e9cho en Yves en 2012 : <strong>\u00ab I<\/strong><strong>l ne faut jamais regretter de ne pas avoir essay\u00e9, il faut essayer pour ne pas regretter. \u00bb<\/strong> Alors d\u00e9termin\u00e9, <strong>Yves<\/strong> <strong>cr\u00e9e l\u2019association Vue (d\u2019) Ensemble<\/strong> avec la pianiste amblyope <a href=\"http:\/\/caroline-sablayrolles.fr\/\" target=\"_blank\" rel=\"noopener\">Caroline Sablayrolles<\/a>.<\/p>\n<p class=\"p1\">\u00ab L\u2019objectif principal est de rendre les d\u00e9ficients visuels acteurs de leur \u00e9mancipation et de leurs aspirations. Nous voulons avant tout <strong>briser les codes et mettre la personne d\u00e9ficiente visuelle, qu\u2019elle soit malvoyante ou non-voyante, en situation de pouvoir passer \u00e0 l\u2019action<\/strong>.\u00a0\u00bb<\/p>\n<\/p>\n<p>Et comment r\u00e9ussir ce pari ? Tout simplement <strong>en associant non-voyant(e)s, malvoyant(e)s et voyant(e)s dans diff\u00e9rents projets.<\/strong> Des actions ont ainsi pu \u00eatre r\u00e9alis\u00e9es dans des <strong>domaines aussi vari\u00e9s que la mode, le cin\u00e9ma, le sport, les festivals\u2026 <\/strong><\/p>\n<p>L\u2018association pr\u00e9sid\u00e9e par Yves Wansi s\u2019active au quotidien pour militer contre la stigmatisation des personnes en situation de handicap, pour promouvoir la mixit\u00e9 des d\u00e9ficient(e)s visuel(le)s\/voyant(e)s et proposer un encadrement professionnel. Elle vise \u00e9galement \u00e0 offrir de multiples possibilit\u00e9s de loisirs allant des<strong> activit\u00e9s de cuisine \u00e0 l\u2019escalade, des d\u00eeners dans le noir au travail de sensibilisation dans les \u00e9coles.<\/strong><\/p>\n<p>                <img width=\"667\" height=\"500\" src=\"https:\/\/www.europesays.com\/fr\/wp-content\/uploads\/2025\/06\/258137703-2673833472762548-3641845311931857662-n-667x500.jpg\" class=\"attachment-gallery size-gallery\" alt=\"vue d\u2019ensemble\" data-full-url=\"https:\/\/pokaa.fr\/wp-content\/uploads\/2025\/05\/30\/258137703-2673833472762548-3641845311931857662-n.jpg\" decoding=\"async\" loading=\"lazy\"  \/>            <\/p>\n<p>                <img width=\"500\" height=\"500\" src=\"https:\/\/www.europesays.com\/fr\/wp-content\/uploads\/2025\/06\/2bbe5a56-5c7f-4dec-8268-7ea712c1ebc5-500x500.jpg\" class=\"attachment-gallery size-gallery\" alt=\"vue d\u2019ensemble\" data-full-url=\"https:\/\/pokaa.fr\/wp-content\/uploads\/2025\/05\/30\/2bbe5a56-5c7f-4dec-8268-7ea712c1ebc5.jpg\" decoding=\"async\" loading=\"lazy\"  \/>            <\/p>\n<p>                    \u00a9 Vue (d&rsquo;) Ensemble \/ Documents remis<\/p>\n<p class=\"p1\">Un des principaux leitmotivs de cette association est <strong>la lutte contre la s\u00e9dentarisation.<\/strong> C\u2019est ainsi que Vue (d\u2019) Ensemble organise \u00e9galement des <strong>exp\u00e9ditions hors du commun comme un voyage dans les vall\u00e9es du Kashmir ou une randonn\u00e9e sur des chemins accident\u00e9s en Corse<\/strong>.<\/p>\n<p class=\"p1\">Cette deuxi\u00e8me aventure avec des bin\u00f4mes de voyant(e)\/d\u00e9ficient(e) visuel(le) a d\u00e9bouch\u00e9 sur un film documentaire projet\u00e9 au cin\u00e9ma Odyss\u00e9e (devenu Le Cosmos) en 2022.<\/p>\n<\/p>\n<p>                <img width=\"748\" height=\"500\" src=\"https:\/\/www.europesays.com\/fr\/wp-content\/uploads\/2025\/06\/img-2461-748x500.jpg\" class=\"attachment-gallery size-gallery\" alt=\"vue d\u2019ensemble\" data-full-url=\"https:\/\/pokaa.fr\/wp-content\/uploads\/2025\/05\/30\/img-2461.jpg\" decoding=\"async\" loading=\"lazy\"  \/>            <\/p>\n<p>                <img width=\"759\" height=\"500\" src=\"https:\/\/www.europesays.com\/fr\/wp-content\/uploads\/2025\/06\/kashmir-great-lakes-camp-759x500.jpg\" class=\"attachment-gallery size-gallery\" alt=\"vue d\u2019ensemble\" data-full-url=\"https:\/\/pokaa.fr\/wp-content\/uploads\/2025\/05\/30\/kashmir-great-lakes-camp.jpg\" decoding=\"async\" loading=\"lazy\"  \/>            <\/p>\n<p>                <img width=\"750\" height=\"500\" src=\"https:\/\/www.europesays.com\/fr\/wp-content\/uploads\/2025\/06\/dsc02651-750x500.jpg\" class=\"attachment-gallery size-gallery\" alt=\"vue d\u2019ensemble\" data-full-url=\"https:\/\/pokaa.fr\/wp-content\/uploads\/2025\/05\/30\/dsc02651.jpg\" decoding=\"async\" loading=\"lazy\"  \/>            <\/p>\n<p>                <img width=\"750\" height=\"500\" src=\"https:\/\/www.europesays.com\/fr\/wp-content\/uploads\/2025\/06\/dsc02947-750x500.jpg\" class=\"attachment-gallery size-gallery\" alt=\"vue d\u2019ensemble\" data-full-url=\"https:\/\/pokaa.fr\/wp-content\/uploads\/2025\/05\/30\/dsc02947.jpg\" decoding=\"async\" loading=\"lazy\"  \/>            <\/p>\n<p>                <img width=\"750\" height=\"500\" src=\"https:\/\/www.europesays.com\/fr\/wp-content\/uploads\/2025\/06\/dsc02530-750x500.jpg\" class=\"attachment-gallery size-gallery\" alt=\"vue d\u2019ensemble\" data-full-url=\"https:\/\/pokaa.fr\/wp-content\/uploads\/2025\/05\/30\/dsc02530.jpg\" decoding=\"async\" loading=\"lazy\"  \/>            <\/p>\n<p>                    \u00a9 Vue (d&rsquo;) Ensemble \/ Documents remis<\/p>\n<p class=\"p1\">Autre exp\u00e9rience insolite et spectaculaire : une <strong>travers\u00e9e pendant 10 jours du lac Ba\u00efkal, en Sib\u00e9rie<\/strong>. Parti du r\u00eave \u00ab irr\u00e9alisable \u00bb \u00e9mis par Nicolas Linder, d\u00e9ficient visuel, ce voyage \u00ab\u00a0inconcevable\u00a0\u00bb <strong>r\u00e9alis\u00e9 avec des temp\u00e9ratures de -20\u00b0C prend forme <\/strong>et se r\u00e9alise.<\/p>\n<p class=\"p1\">En 2017, des \u00e9quipes compos\u00e9es de voyant(e)s et de d\u00e9ficient(e)s visuel(le)s ont m\u00e9lang\u00e9 leurs comp\u00e9tences <strong>sur la banquise o\u00f9 seules \u00e9taient visibles d\u2019immenses \u00e9tendues de glace<\/strong> et de neige dans un paysage monotone et monochrome.<\/p>\n<p>Cette aventure a donn\u00e9 lieu \u00e0 un<strong> film documentaire r\u00e9alis\u00e9 de mani\u00e8re professionnelle<\/strong>, pr\u00e9sent\u00e9 dans de nombreux festivals et triplement prim\u00e9.<\/p>\n<\/p>\n<p>                <img width=\"667\" height=\"500\" src=\"https:\/\/www.europesays.com\/fr\/wp-content\/uploads\/2025\/06\/16995947-1104920859653825-2849496995472405622-n-667x500.jpg\" class=\"attachment-gallery size-gallery\" alt=\"Baikal Challenge- vue d\u2019ensemble\" data-full-url=\"https:\/\/pokaa.fr\/wp-content\/uploads\/2025\/05\/30\/16995947-1104920859653825-2849496995472405622-n.jpg\" decoding=\"async\" loading=\"lazy\"  \/>            <\/p>\n<p>                <img width=\"750\" height=\"500\" src=\"https:\/\/www.europesays.com\/fr\/wp-content\/uploads\/2025\/06\/baikal-challenge-9247-750x500.jpg\" class=\"attachment-gallery size-gallery\" alt=\"Baikal Challenge- vue d\u2019ensemble\" data-full-url=\"https:\/\/pokaa.fr\/wp-content\/uploads\/2025\/05\/30\/baikal-challenge-9247.jpg\" decoding=\"async\" loading=\"lazy\"  \/>            <\/p>\n<p>                <img width=\"750\" height=\"500\" src=\"https:\/\/www.europesays.com\/fr\/wp-content\/uploads\/2025\/06\/baikal-challenge-9243-750x500.jpg\" class=\"attachment-gallery size-gallery\" alt=\"Baikal Challenge- vue d\u2019ensemble\" data-full-url=\"https:\/\/pokaa.fr\/wp-content\/uploads\/2025\/05\/30\/baikal-challenge-9243.jpg\" decoding=\"async\" loading=\"lazy\"  \/>            <\/p>\n<p>                <img width=\"750\" height=\"500\" src=\"https:\/\/www.europesays.com\/fr\/wp-content\/uploads\/2025\/06\/baikal-challenge-9530-750x500.jpg\" class=\"attachment-gallery size-gallery\" alt=\"Baikal Challenge- vue d\u2019ensemble\" data-full-url=\"https:\/\/pokaa.fr\/wp-content\/uploads\/2025\/05\/30\/baikal-challenge-9530.jpg\" decoding=\"async\" loading=\"lazy\"  \/>            <\/p>\n<p>                <img width=\"962\" height=\"500\" src=\"https:\/\/www.europesays.com\/fr\/wp-content\/uploads\/2025\/06\/baikal-challenge-9659-962x500.jpg\" class=\"attachment-gallery size-gallery\" alt=\"Baikal Challenge- vue d\u2019ensemble\" data-full-url=\"https:\/\/pokaa.fr\/wp-content\/uploads\/2025\/05\/30\/baikal-challenge-9659.jpg\" decoding=\"async\" loading=\"lazy\"  \/>            <\/p>\n<p>                <img width=\"750\" height=\"500\" src=\"https:\/\/www.europesays.com\/fr\/wp-content\/uploads\/2025\/06\/baikal-challenge-9263-750x500.jpg\" class=\"attachment-gallery size-gallery\" alt=\"Baikal Challenge- vue d\u2019ensemble\" data-full-url=\"https:\/\/pokaa.fr\/wp-content\/uploads\/2025\/05\/30\/baikal-challenge-9263.jpg\" decoding=\"async\" loading=\"lazy\"  \/>            <\/p>\n<p>                    \u00a9 Vue (d&rsquo;) Ensemble \/ Documents remis<\/p>\n<p>Entendez-Voir : un festival incontournable con\u00e7u avec le com\u00e9dien Achille Gwem<\/p>\n<p class=\"p1\">Constatant que le documentaire r\u00e9alis\u00e9 en Sib\u00e9rie \u00e9tait le seul audiod\u00e9crit et sous-titr\u00e9 lors des diff\u00e9rents festivals, Yves d\u00e9cide d\u2019<strong>organiser un \u00e9v\u00e9nement permettant de rendre la culture \u2013 sous toutes ses formes \u2013 accessible \u00e0 toutes et tous,<\/strong> handicap\u00e9(e)s ou non. C\u2019est ainsi qu\u2019est n\u00e9 le <strong>festival Entendez-Voir,<\/strong> co-organis\u00e9 avec le com\u00e9dien et directeur artistique Achille Gwem en 2019.<\/p>\n<p class=\"p1\">\u00ab\u00a0Nous avions \u00e0 coeur de <strong>proposer des actions festives autour du handicap<\/strong> et de faire un pied de nez \u00e0 celui-ci. Pouvoir dire \u00ab\u00a0Je suis handicap\u00e9 et je peux\u00a0\u00bb. \u00bb<\/p>\n<p>                <img width=\"738\" height=\"500\" src=\"https:\/\/www.europesays.com\/fr\/wp-content\/uploads\/2025\/06\/dsc3848-738x500.jpg\" class=\"attachment-gallery size-gallery\" alt=\"entendez-voir Achille Gwem\" data-full-url=\"https:\/\/pokaa.fr\/wp-content\/uploads\/2025\/05\/30\/dsc3848.jpg\" decoding=\"async\" loading=\"lazy\"  \/>            <\/p>\n<p>                <img width=\"750\" height=\"500\" src=\"https:\/\/www.europesays.com\/fr\/wp-content\/uploads\/2025\/06\/mod-9072-1-750x500.jpg\" class=\"attachment-gallery size-gallery\" alt=\"Yves Wansi Entendez Voir\" data-full-url=\"https:\/\/pokaa.fr\/wp-content\/uploads\/2025\/05\/30\/mod-9072-1.jpg\" decoding=\"async\" loading=\"lazy\"  \/>            <\/p>\n<p>                    1. Achille Gwem, 2. Yves Wansi et Achille Gwem lors du festival Entendez-Voir. \u00a9 Vue (d&rsquo;) Ensemble \/ Documents remis<\/p>\n<p class=\"p1\"><strong>En 2025, pour cette 7e \u00e9dition<\/strong>, le festival se d\u00e9roulera dans <strong>plusieurs endroits insolites, comme le Plan\u00e9tarium, le cin\u00e9ma VOX, le Mus\u00e9e Tomi Ungerer, <\/strong>mais \u00e9galement dans des endroits plus classiques comme la place Kl\u00e9ber. Le but est de sensibiliser le public \u00e0 toutes sortes de handicaps avec pour th\u00e8me <strong>\u00ab La BD, l\u2019illustration et l\u2019animation : les arts visuels accessibles \u00e0 tous \u00bb.<\/strong><\/p>\n<p class=\"p1\">Pour en profiter, Yves nous donne<strong> rendez-vous du 24 au 29 juin<\/strong> !<\/p>\n<\/p>\n<p>                <img width=\"888\" height=\"500\" src=\"https:\/\/www.europesays.com\/fr\/wp-content\/uploads\/2025\/06\/2-888x500.png\" class=\"attachment-gallery size-gallery\" alt=\"entendez-voir\" data-full-url=\"https:\/\/pokaa.fr\/wp-content\/uploads\/2025\/05\/30\/2.png\" decoding=\"async\" loading=\"lazy\"  \/>            <\/p>\n<p>                <img width=\"749\" height=\"500\" src=\"https:\/\/www.europesays.com\/fr\/wp-content\/uploads\/2025\/06\/217815229-4122472681175635-7909085054617874719-n-749x500.jpeg\" class=\"attachment-gallery size-gallery\" alt=\"entendez-voir handicap\" data-full-url=\"https:\/\/pokaa.fr\/wp-content\/uploads\/2025\/05\/30\/217815229-4122472681175635-7909085054617874719-n.jpeg\" decoding=\"async\" loading=\"lazy\"  \/>            <\/p>\n<p>                <img width=\"744\" height=\"500\" src=\"https:\/\/www.europesays.com\/fr\/wp-content\/uploads\/2025\/06\/217950656-4122472234509013-9193552416141832761-n-744x500.jpeg\" class=\"attachment-gallery size-gallery\" alt=\"entendez-voir\" data-full-url=\"https:\/\/pokaa.fr\/wp-content\/uploads\/2025\/05\/30\/217950656-4122472234509013-9193552416141832761-n.jpeg\" decoding=\"async\" loading=\"lazy\"  \/>            <\/p>\n<p>                    \u00a9\u00a0Vue (d&rsquo;) Ensemble \/ Documents remis<\/p>\n<p class=\"p1\">Avec l\u2019appui du d\u00e9sormais incontournable Achille est \u00e9galement n\u00e9e la <strong>premi\u00e8re \u00e9dition du festival Les Rencardes<\/strong> qui, le 26 avril 2025, a permis aux personnes handicap\u00e9es de <strong>d\u00e9voiler leurs talents cach\u00e9s et leurs savoir-faire<\/strong> \u00e0 travers la danse, le chant ou encore le th\u00e9\u00e2tre. La sc\u00e8ne leur a \u00e9t\u00e9 ouverte car \u00ab il faut utiliser son handicap comme une force, \u00e7a peut \u00eatre une valeur ajout\u00e9e au projet \u00bb, explique Yves.<\/p>\n<p class=\"p1\">Jamais \u00e0 cout d\u2019id\u00e9es pour innover, un <strong>projet hors norme intitul\u00e9 \u00ab Art vivant \u00bb est en pr\u00e9paration pour la rentr\u00e9e<\/strong> : \u00ab Tous les mardis soirs nous nous retrouverons, voyants, malvoyants et non-voyants, pour une <strong>initiation au th\u00e9\u00e2tre dans le but de cr\u00e9er une troupe,<\/strong> tout le monde est le bienvenu ! \u00bb, d\u00e9clare-t-il, enthousiaste.\u00a0<\/p>\n<p>                <img width=\"750\" height=\"500\" src=\"https:\/\/www.europesays.com\/fr\/wp-content\/uploads\/2025\/06\/ren-750x500.jpeg\" class=\"attachment-gallery size-gallery\" alt=\"Les rencardes\" data-full-url=\"https:\/\/pokaa.fr\/wp-content\/uploads\/2025\/05\/31\/ren.jpeg\" decoding=\"async\" loading=\"lazy\"  \/>            <\/p>\n<p>                <img width=\"750\" height=\"500\" src=\"https:\/\/www.europesays.com\/fr\/wp-content\/uploads\/2025\/06\/renc-750x500.jpeg\" class=\"attachment-gallery size-gallery\" alt=\"Les rencardes\" data-full-url=\"https:\/\/pokaa.fr\/wp-content\/uploads\/2025\/05\/31\/renc.jpeg\" decoding=\"async\" loading=\"lazy\"  \/>            <\/p>\n<p>                <img width=\"750\" height=\"500\" src=\"https:\/\/www.europesays.com\/fr\/wp-content\/uploads\/2025\/06\/renca-750x500.jpeg\" class=\"attachment-gallery size-gallery\" alt=\"Les rencardes\" data-full-url=\"https:\/\/pokaa.fr\/wp-content\/uploads\/2025\/05\/31\/renca.jpeg\" decoding=\"async\" loading=\"lazy\"  \/>            <\/p>\n<p>                <img width=\"750\" height=\"500\" src=\"https:\/\/www.europesays.com\/fr\/wp-content\/uploads\/2025\/06\/rencardes-750x500.jpeg\" class=\"attachment-gallery size-gallery\" alt=\"Les rencardes\" data-full-url=\"https:\/\/pokaa.fr\/wp-content\/uploads\/2025\/05\/31\/rencardes.jpeg\" decoding=\"async\" loading=\"lazy\"  \/>            <\/p>\n<p>                <img width=\"750\" height=\"500\" src=\"https:\/\/www.europesays.com\/fr\/wp-content\/uploads\/2025\/06\/rencc-750x500.jpeg\" class=\"attachment-gallery size-gallery\" alt=\"Les rencardes\" data-full-url=\"https:\/\/pokaa.fr\/wp-content\/uploads\/2025\/05\/31\/rencc.jpeg\" decoding=\"async\" loading=\"lazy\"  \/>            <\/p>\n<p>                    Le festival Les Rencardes a \u00e9t\u00e9 une grande r\u00e9ussite. \u00a9\u00a0Vue (d&rsquo;) Ensemble \/ Documents remis<\/p>\n<p>Porteur d&rsquo;un message d&rsquo;espoir&#8230; et de la flamme olympique !<\/p>\n<p class=\"p2\">Yves Wansi, qui se d\u00e9finit comme un <strong>aventurier social et solidaire<\/strong>, est devenu une <strong>r\u00e9f\u00e9rence sur les sujets d\u2019inclusion<\/strong> en France et dans les pays francophones. Milieux associatifs, m\u00e9dicaux et autres commencent \u00e0 suivre ses activit\u00e9s, <strong>l\u2019association \u00e9tant reconnue comme centre de ressources.<\/strong><\/p>\n<p class=\"p2\">Devenu au fil du temps, et des \u00e9v\u00e9nements, <strong>conf\u00e9rencier, formateur, cr\u00e9ateur de podcasts, accompagnateur de d\u00e9ficient(e)s visuel(le)s<\/strong>, Yves Wansi s\u2019emploie \u00e0 partager et \u00e0 d\u00e9velopper des actions avec pour mantra : \u00ab J\u2019ose, je tente, je teste et j\u2019encourage \u00e0 oser, tenter, tester \u00bb.<\/p>\n<p>    <img width=\"800\" height=\"449\" src=\"https:\/\/www.europesays.com\/fr\/wp-content\/uploads\/2025\/06\/yves-w-800x449.jpeg\" class=\"attachment-image-size-L size-image-size-L\" alt=\"Yves Wansi\" decoding=\"async\" loading=\"lazy\"  \/>         \u00a9\u00a0Yves Wansi \/ Document remis <\/p>\n<p class=\"p2\">Il tient surtout \u00e0 diffuser un message fort, dans les m\u00e9dias mais aussi \u00e0 la Ville de Strasbourg : <strong>il faut co-construire, partager et d\u00e9velopper des actions r\u00e9unissant personnes valides et handicap\u00e9es, que leur handicap soit physique ou psychique.<\/strong><\/p>\n<p>D\u2019ailleurs, les <strong>femmes en situation de handicap<\/strong> viennent d\u2019\u00eatre mises en lumi\u00e8re avec <strong>Strasbourg-Elles, un film d\u2019une trentaine de minutes<\/strong> r\u00e9alis\u00e9 par Achille et Yves. Il est actuellement projet\u00e9 dans de nombreux \u00e9tablissements scolaires de l\u2019Eurom\u00e9tropole et est actuellement en comp\u00e9tition dans un festival.<\/p>\n<\/p>\n<p class=\"p1\">Ce message d\u2019inclusion a \u00e9t\u00e9 entendu par la Ville qui a \u00ab estomaqu\u00e9 \u00bb Yves en lui proposant d\u2019\u00eatre <strong>porteur de la flamme olympique, en juin 2024.<\/strong><\/p>\n<p class=\"p1\">Yves n\u2019en revient toujours pas d\u2019avoir eu la chance d\u2019\u00eatre choisi alors m\u00eame qu\u2019il n\u2019avait pas candidat\u00e9. Ce passage de relais de la flamme, il l\u2019a v\u00e9cu comme un <strong>\u00e9v\u00e9nement extraordinaire et un merveilleux message d\u00e9livr\u00e9<\/strong> \u00e0 toutes les personnes en situation de handicap: \u00ab <strong>On peut avoir un handicap, mais on peut changer les r\u00e8gles du jeu.<\/strong> Je ne suis pas le meilleur, mais j\u2019ai montr\u00e9 que tout est possible, et que mes projets peuvent changer la soci\u00e9t\u00e9. \u00bb<\/p>\n<p>                <a href=\"https:\/\/pokaa.fr\/2024\/06\/27\/joie-et-ferveur-retour-en-images-sur-le-passage-de-la-flamme-olympique-a-strasbourg\/\" target=\"_blank\" rel=\"noopener\"><br \/>\n                    <img width=\"450\" height=\"270\" src=\"https:\/\/www.europesays.com\/fr\/wp-content\/uploads\/2025\/06\/flamme-jo-2024-wilfried-rion-15-450x270.jpg\" class=\"attachment-card-horizontal--same-subject size-card-horizontal--same-subject wp-post-image\" alt=\"\" decoding=\"async\" loading=\"lazy\"\/>                <\/a><\/p>\n<p>                <img width=\"750\" height=\"500\" src=\"https:\/\/www.europesays.com\/fr\/wp-content\/uploads\/2025\/06\/flamme-pokaa2-750x500.jpg\" class=\"attachment-gallery size-gallery\" alt=\"Yves Wansi\" data-full-url=\"https:\/\/pokaa.fr\/wp-content\/uploads\/2025\/05\/30\/flamme-pokaa2.jpg\" decoding=\"async\" loading=\"lazy\"  \/>            <\/p>\n<p>                <img width=\"750\" height=\"500\" src=\"https:\/\/www.europesays.com\/fr\/wp-content\/uploads\/2025\/06\/flam95-750x500.jpg\" class=\"attachment-gallery size-gallery\" alt=\"Yves Wansi\" data-full-url=\"https:\/\/pokaa.fr\/wp-content\/uploads\/2025\/05\/30\/flam95.jpg\" decoding=\"async\" loading=\"lazy\"  \/>            <\/p>\n<p>                <img width=\"888\" height=\"500\" src=\"https:\/\/www.europesays.com\/fr\/wp-content\/uploads\/2025\/06\/flam22-888x500.jpeg\" class=\"attachment-gallery size-gallery\" alt=\"Yves Wansi\" data-full-url=\"https:\/\/pokaa.fr\/wp-content\/uploads\/2025\/05\/30\/flam22.jpeg\" decoding=\"async\" loading=\"lazy\"  \/>            <\/p>\n<p>                    1. \u00a9\u00a0Pokaa ; 2. 3. \u00a9\u00a0Vue (d&rsquo;) Ensemble \/ Documents remis<\/p>\n<p class=\"p1\">Ainsi a-t-il cr\u00e9\u00e9<strong> Dv Lancez-Vous, un cabinet de conseil et d\u2019accompagnement social et solidaire,<\/strong> pour donner de la visibilit\u00e9 aux personnes malvoyantes, non-voyantes ou dys, tout en <strong>cr\u00e9ant du lien social entre personnes handicap\u00e9es et valides.<\/strong> Avec un objectif : faire passer le message que \u00ab quel que soit votre handicap, il y a de quoi faire, alors Lancez-Vous \u00bb.<\/p>\n<p class=\"p1\">S\u2019il consid\u00e8re que la soci\u00e9t\u00e9 n\u2019offre pas beaucoup de possibilit\u00e9s aux personnes handicap\u00e9es, il pr\u00f4ne sa chance d\u2019\u00eatre polyvalent : <strong>\u00ab Il faut cr\u00e9er ses solutions soi-m\u00eame. \u00bb<\/strong>\u00a0Si vous avez besoin d\u2019aide pour cr\u00e9er les v\u00f4tres, n\u2019h\u00e9sitez pas \u00e0 contacter cet homme passionn\u00e9 et passionnant !<\/p>\n<blockquote><p>\n        Le plus important n&rsquo;est pas de poss\u00e9der les meilleures cartes, mais de jouer au mieux celles qu&rsquo;on a entre ses mains.&#13;\n    <\/p><\/blockquote>\n<p>            Yves Wansi<\/p>\n<p style=\"text-align: center;\"><a href=\"https:\/\/www.vue-densemble.com\/\" target=\"_blank\" rel=\"noopener\">Le site web de Vue (d\u2019) Ensemble<\/a><br \/><a href=\"https:\/\/entendez-voir.fr\/\" target=\"_blank\" rel=\"noopener\">Le festival Entendez-Voir<\/a><\/p>\n","protected":false},"excerpt":{"rendered":"Ne jamais abandonner, tel est l\u2019\u00e9tat d\u2019esprit d\u2019Yves Wansi, \u00ab aventurier social et solidaire \u00bb atteint de trou&hellip;\n","protected":false},"author":2,"featured_media":178041,"comment_status":"","ping_status":"","sticky":false,"template":"","format":"standard","meta":{"footnotes":""},"categories":[2820],"tags":[1111,11,1777,674,1011,27,775,1943,31444,12,25,30815,640,31445],"class_list":{"0":"post-178040","1":"post","2":"type-post","3":"status-publish","4":"format-standard","5":"has-post-thumbnail","7":"category-strasbourg","8":"tag-actu","9":"tag-actualites","10":"tag-eu","11":"tag-europe","12":"tag-fr","13":"tag-france","14":"tag-grand-est","15":"tag-handicap","16":"tag-malvoyance","17":"tag-news","18":"tag-republique-francaise","19":"tag-resilience","20":"tag-strasbourg","21":"tag-yves-wansi"},"share_on_mastodon":{"url":"https:\/\/pubeurope.com\/@fr\/114686661727528933","error":""},"_links":{"self":[{"href":"https:\/\/www.europesays.com\/fr\/wp-json\/wp\/v2\/posts\/178040","targetHints":{"allow":["GET"]}}],"collection":[{"href":"https:\/\/www.europesays.com\/fr\/wp-json\/wp\/v2\/posts"}],"about":[{"href":"https:\/\/www.europesays.com\/fr\/wp-json\/wp\/v2\/types\/post"}],"author":[{"embeddable":true,"href":"https:\/\/www.europesays.com\/fr\/wp-json\/wp\/v2\/users\/2"}],"replies":[{"embeddable":true,"href":"https:\/\/www.europesays.com\/fr\/wp-json\/wp\/v2\/comments?post=178040"}],"version-history":[{"count":0,"href":"https:\/\/www.europesays.com\/fr\/wp-json\/wp\/v2\/posts\/178040\/revisions"}],"wp:featuredmedia":[{"embeddable":true,"href":"https:\/\/www.europesays.com\/fr\/wp-json\/wp\/v2\/media\/178041"}],"wp:attachment":[{"href":"https:\/\/www.europesays.com\/fr\/wp-json\/wp\/v2\/media?parent=178040"}],"wp:term":[{"taxonomy":"category","embeddable":true,"href":"https:\/\/www.europesays.com\/fr\/wp-json\/wp\/v2\/categories?post=178040"},{"taxonomy":"post_tag","embeddable":true,"href":"https:\/\/www.europesays.com\/fr\/wp-json\/wp\/v2\/tags?post=178040"}],"curies":[{"name":"wp","href":"https:\/\/api.w.org\/{rel}","templated":true}]}}