{"id":178042,"date":"2025-06-15T09:25:09","date_gmt":"2025-06-15T09:25:09","guid":{"rendered":"https:\/\/www.europesays.com\/fr\/178042\/"},"modified":"2025-06-15T09:25:09","modified_gmt":"2025-06-15T09:25:09","slug":"decouvrez-votre-nouveau-sigman-william-pfister","status":"publish","type":"post","link":"https:\/\/www.europesays.com\/fr\/178042\/","title":{"rendered":"D\u00e9couvrez votre nouveau SIGman, William Pfister\u00a0!"},"content":{"rendered":"<p class=\"chapo\">Nouvelle recrue de la SIG Strasbourg, William Pfister revient sur son parcours, son \u00e9tat d\u2019esprit et ses ambitions pour la saison \u00e0 venir.<\/p>\n<p><strong>Salut William, comment vas-tu\u00a0?<\/strong><br \/>\n\u00ab\u00a0\u00c7a va super bien\u00a0! J\u2019ai fini m\u2019a saison il y a quelques semaines, aujourd\u2019hui je me repose, je prends soin de mon corps, et je me maintiens en forme pour \u00eatre pr\u00eat pour la reprise.\u00a0\u00bb<br \/>\n<strong>Avant de parler de la saison prochaine, parlons de toi, raconte-nous un peu ton parcours ?<\/strong><br \/>\n\u00ab\u00a0J\u2019ai commenc\u00e9 le basket \u00e0 8 ans en Alsace dans un petit club \u00e0 Hindisheim puis \u00e0 Rosheim. Ensuite je suis parti dans la r\u00e9gion Lyonnaise o\u00f9 j\u2019ai jou\u00e9 \u00e0 l\u2019ASVEL et la JL Bourg, puis une ann\u00e9e \u00e0 Antibes. Apr\u00e8s cela, je suis parti 4 ans en Floride, pour jouer \u00e0 la Facult\u00e9 aux \u00c9tats-Unis avant de revenir en France, en Nationale 1, puis en Pro B avec le SQBB. L\u00e0-bas j\u2019ai pass\u00e9 les 5 derni\u00e8res saisons, passant de la deuxi\u00e8me division, \u00e0 la Betclic Elite, et m\u00eame la Basketball Champions League.\u00a0\u00bb<br \/>\n<strong>Tu es n\u00e9 ici \u00e0 Strasbourg, \u00e7a fait quoi de revenir jouer dans ta ville natale\u00a0?<\/strong><br \/>\n\u00ab\u00a0C\u2019est une immense joie de revenir ici. C\u2019est beaucoup de fiert\u00e9 pour moi de venir jouer \u00e0 Strasbourg pour ce grand club. Je suis aussi tr\u00e8s heureux de revenir dans ma r\u00e9gion, retrouver ma famille, mes amis, j\u2019ai h\u00e2te de reposer mes valises ici.\u00a0\u00bb<br \/>\n<strong>Tu \u00e9tais au SQBB depuis 5 saisons, tu as tout connu avec eux, mont\u00e9 en Betclic, Coupe d\u2019Europe, aujourd\u2019hui, un nouveau d\u00e9fi s\u2019offre \u00e0 toi, comment vis-tu ce changement de club ?<\/strong><br \/>\n\u00ab\u00a0Je suis tr\u00e8s excit\u00e9, je pense que j\u2019\u00e9tais arriv\u00e9 \u00e0 la fin d\u2019un cycle \u00e0 St Quentin, j\u2019avais \u00e0 c\u0153ur de d\u00e9couvrir autre chose. Lorsque la SIG Strasbourg s\u2019est propos\u00e9 \u00e0 moi, il me semblait naturel de venir ici. J\u2019ai h\u00e2te de commencer, de rencontrer tout le monde, et de cr\u00e9er quelque chose de magnifique, ensemble.\u00a0\u00bb<br \/>\n<strong>Dans quel \u00e9tat d\u2019esprit arrives-tu \u00e0 la SIG Strasbourg ?<\/strong><br \/>\n\u00ab\u00a0J\u2019arrive ici conqu\u00e9rant\u00a0! On sait qu\u2019il y a eu des ann\u00e9es compliqu\u00e9es, pas au niveau des esp\u00e9rances. Aujourd\u2019hui, on a envie de cr\u00e9er une nouvelle \u00e8re, une nouvelle dynamique avec le nouveau coach pour ramener le club de la SIG Strasbourg \u00e0 son niveau, et pourquoi pas retrouver une coupe d\u2019Europe.\u00a0\u00bb<br \/>\n<strong>D\u2019un point de vue personnel, quels sont tes objectifs ? D\u2019un point de vue collectif ?<\/strong><br \/>\n\u00ab\u00a0Mon objectif est de gagner. Je suis un joueur au service de l\u2019\u00e9quipe, j\u2019ai envie de tout faire pour aider l\u2019\u00e9quipe \u00e0 gagner. Mon autre objectif c\u2019est de montrer l\u2019exemple \u00e0 mes co\u00e9quipiers, afin de cr\u00e9er une vraie culture de la gagne.\u00a0L\u2019objectif collectif c\u2019est de retrouver les Play-offs et la coupe d\u2019Europe.\u00a0\u00bb<br \/>\n<strong>Pour finir, as-tu un mot \u00e0 adresser \u00e0 la SIGarmy\u00a0?<\/strong><br \/>\n\u00ab\u00a0Profitez bien de votre \u00e9t\u00e9, et on se retrouve la saison prochaine, pr\u00eat \u00e0 gagner, parce que nous on le sera. Tr\u00e8s h\u00e2te de cr\u00e9er de super souvenirs ensemble.\u00a0\u00bb<br \/>\nAvec enthousiasme et d\u00e9termination, William s\u2019appr\u00eate \u00e0 entamer une nouvelle page de sa carri\u00e8re sous les couleurs de la SIG Strasbourg. Un retour aux sources plein de sens, marqu\u00e9 par l\u2019envie de contribuer pleinement au projet du club.\u00a0Bienvenue William\u00a0!<\/p>\n","protected":false},"excerpt":{"rendered":"Nouvelle recrue de la SIG Strasbourg, William Pfister revient sur son parcours, son \u00e9tat d\u2019esprit et ses ambitions&hellip;\n","protected":false},"author":2,"featured_media":178043,"comment_status":"","ping_status":"","sticky":false,"template":"","format":"standard","meta":{"footnotes":""},"categories":[2820],"tags":[1111,11,3146,1777,674,1011,27,775,3145,12,25,3144,640],"class_list":{"0":"post-178042","1":"post","2":"type-post","3":"status-publish","4":"format-standard","5":"has-post-thumbnail","7":"category-strasbourg","8":"tag-actu","9":"tag-actualites","10":"tag-betclic-elite","11":"tag-eu","12":"tag-europe","13":"tag-fr","14":"tag-france","15":"tag-grand-est","16":"tag-lnb","17":"tag-news","18":"tag-republique-francaise","19":"tag-sig","20":"tag-strasbourg"},"share_on_mastodon":{"url":"https:\/\/pubeurope.com\/@fr\/114686664555600268","error":""},"_links":{"self":[{"href":"https:\/\/www.europesays.com\/fr\/wp-json\/wp\/v2\/posts\/178042","targetHints":{"allow":["GET"]}}],"collection":[{"href":"https:\/\/www.europesays.com\/fr\/wp-json\/wp\/v2\/posts"}],"about":[{"href":"https:\/\/www.europesays.com\/fr\/wp-json\/wp\/v2\/types\/post"}],"author":[{"embeddable":true,"href":"https:\/\/www.europesays.com\/fr\/wp-json\/wp\/v2\/users\/2"}],"replies":[{"embeddable":true,"href":"https:\/\/www.europesays.com\/fr\/wp-json\/wp\/v2\/comments?post=178042"}],"version-history":[{"count":0,"href":"https:\/\/www.europesays.com\/fr\/wp-json\/wp\/v2\/posts\/178042\/revisions"}],"wp:featuredmedia":[{"embeddable":true,"href":"https:\/\/www.europesays.com\/fr\/wp-json\/wp\/v2\/media\/178043"}],"wp:attachment":[{"href":"https:\/\/www.europesays.com\/fr\/wp-json\/wp\/v2\/media?parent=178042"}],"wp:term":[{"taxonomy":"category","embeddable":true,"href":"https:\/\/www.europesays.com\/fr\/wp-json\/wp\/v2\/categories?post=178042"},{"taxonomy":"post_tag","embeddable":true,"href":"https:\/\/www.europesays.com\/fr\/wp-json\/wp\/v2\/tags?post=178042"}],"curies":[{"name":"wp","href":"https:\/\/api.w.org\/{rel}","templated":true}]}}