{"id":178044,"date":"2025-06-15T09:26:22","date_gmt":"2025-06-15T09:26:22","guid":{"rendered":"https:\/\/www.europesays.com\/fr\/178044\/"},"modified":"2025-06-15T09:26:22","modified_gmt":"2025-06-15T09:26:22","slug":"meteo-dans-le-var-et-les-alpes-maritimes-de-fortes-temperatures-sont-attendues-ce-week-end-2","status":"publish","type":"post","link":"https:\/\/www.europesays.com\/fr\/178044\/","title":{"rendered":"M\u00e9t\u00e9o dans le Var et les Alpes-Maritimes: de fortes temp\u00e9ratures sont attendues ce week-end"},"content":{"rendered":"<p>On n\u2019en demandait pas tant! Alors qu\u2019on attendait impatiemment que la m\u00e9t\u00e9o se mette enfin au beau, elle se met finalement au chaud. Trop chaud.<\/p>\n<p>Depuis ce jeudi, de fortes chaleurs s\u2019affichent sur les thermom\u00e8tres. En cause, une d\u00e9pression au large du Portugal qui a fait remonter une masse d\u2019air chaud venu du Maghreb directement vers le sud de la France, explique M\u00e9t\u00e9o-France.<\/p>\n<p>Selon les pr\u00e9visions, <strong>les temp\u00e9ratures devraient atteindre leur paroxysme ce week-end de mi-juin dans l\u2019arri\u00e8re-pays varois<\/strong> o\u00f9 le mercure montera jusqu\u2019\u00e0 <strong>38\u00b0C<\/strong> au Luc, \u00e0 Cuers ou encore \u00e0 Draguignan, mais aussi dans les Maures. Si le littoral doit \u00eatre un peu \u00e9pargn\u00e9, on attend tout de m\u00eame <strong>32\u00b0C \u00e0 Toulon.<\/strong><\/p>\n<p>La hausse sera \u00e0 peine moins intense dans <strong>les Alpes-Maritimes<\/strong>: M\u00e9t\u00e9o-France pr\u00e9voit <strong>35\u00b0C<\/strong> \u00e0 Lantosque, <strong>34\u00b0C<\/strong> \u00e0 Grasse et autour entre <strong>31\u00b0C<\/strong> et <strong>32\u00b0C<\/strong> sur le littoral.<\/p>\n<p>Ce vendredi ne sera donc finalement qu\u2019un pr\u00e9lude au week-end. La journ\u00e9e n\u2019en sera pas beaucoup moins torride. <strong>Tout comme les nuits.<\/strong> Si elles restent encore assez fra\u00eeches la nuit prochaine, les minimales nocturnes pourraient ensuite, dans certains secteurs, <strong>ne pas descendre sous les 20\u00b0C.<\/strong><\/p>\n<p>                                Vigilance en vue?<\/p>\n<p>Certes, aucune vigilance n\u2019a, pour l\u2019instant, \u00e9t\u00e9 d\u00e9clench\u00e9e par les services de l\u2019\u00c9tat, mais pr\u00e9vient C\u00e9cile Capelle, pr\u00e9visionniste \u00e0 la direction sud-est de M\u00e9t\u00e9o-France, \u00ab\u00a0il faudra \u00eatre attentif \u00e0 la mise en place d\u2019une \u00e9ventuelle vigilance canicule\u00a0\u00bb. La pr\u00e9fecture du Var n\u2019a d\u2019ailleurs pas attendu, rappelant dans un communiqu\u00e9 et sur ses r\u00e9seaux sociaux l\u2019impact de cet \u00e9pisode de chaleur sur la sant\u00e9 des personnes les plus fragiles, mais aussi sur les travailleurs en plein air.<\/p>\n<p>D\u2019autant plus que cet \u00e9pisode venu du sud draine avec lui des concentrations d\u2019ozone et de poussi\u00e8res sahariennes particuli\u00e8rement \u00e9lev\u00e9s dans le Var et les Alpes-Maritimes. Il affecte ainsi la qualit\u00e9 de l\u2019air. Pas au point, souligne toutefois Mathieu Izard, ing\u00e9nieur chez AtmoSud, de \u00ab\u00a0laisser craindre un d\u00e9passement des valeurs limites de la r\u00e9glementation\u00a0\u00bb. Un vent d\u2019est devrait, explique-t-il, avoir \u00ab\u00a0un effet dispersif et limitant localement\u00a0\u00bb.<\/p>\n<p>Ph\u00e9nom\u00e8nes intenses<\/p>\n<p>\u00c0 en croire les <a href=\"https:\/\/meteofrance.fr\/sites\/meteofrance.fr\/files\/files\/editorial\/DRIAS_Grand_public_160221_2.pdf\" target=\"_blank\" rel=\"noopener\">pr\u00e9visions de M\u00e9t\u00e9o-France<\/a>, moins fiables \u00e0 quatre jours souligne C\u00e9cile Capelle, les temp\u00e9ratures devraient redescendre \u00e0 partir de lundi, tout en restant sup\u00e9rieures aux normales de saison de 1 \u00e0 3\u00b0C.<\/p>\n<p>Cet \u00e9pisode de chaleur vient confirmer l\u2019observation r\u00e9alis\u00e9e entre le 1er mars et le 31 mai par M\u00e9t\u00e9o-France qui installe, pour l\u2019heure, le printemps 2025 \u00e0 la troisi\u00e8me place des printemps les plus chauds depuis 1900 et le d\u00e9but des relev\u00e9s.<\/p>\n<p>Surtout, cet \u00e9v\u00e9nement, \u00e0 l\u2019instar des tr\u00e8s fortes pr\u00e9cipitations du 20 mai qui ont fait trois morts dans le Var, au Lavandou et \u00e0 Vidauban, est une nouvelle manifestation du changement climatique. \u00ab\u00a0Il y a forc\u00e9ment une corr\u00e9lation\u00a0\u00bb, affirme la pr\u00e9visionniste de M\u00e9t\u00e9o-France, insistant sur la plus grande intensit\u00e9 des ph\u00e9nom\u00e8nes m\u00e9t\u00e9orologiques en raison du r\u00e9chauffement global de la plan\u00e8te.<\/p>\n<p>Pas de boule de cristal<\/p>\n<p>Difficile en revanche de dire si la chaleur printani\u00e8re augure d\u2019un \u00e9t\u00e9 caniculaire. Quant au risque de s\u00e9cheresse \u00e0 venir, l\u2019\u00e9tat actuel des nappes phr\u00e9atiques ne permet pas d\u2019en pr\u00e9sager.<\/p>\n<p>Selon le dernier bulletin du Bureau de recherches g\u00e9ologiques et mini\u00e8res, dat\u00e9 du 1er juin, \u00ab\u00a0des cumuls proches de la normale pour le Var et exc\u00e9dentaire dans les Alpes-Maritimes\u00a0\u00bb ont \u00e9t\u00e9 enregistr\u00e9s, tandis que le niveau des eaux souterraines s\u2019affiche comparable \u00e0 l\u2019an dernier \u00e0 la m\u00eame date. Il y a un an, cela n\u2019avait pas emp\u00each\u00e9 98 communes varoises d\u2019\u00eatre plac\u00e9es en alerte s\u00e9cheresse au c\u0153ur de l\u2019\u00e9t\u00e9.<\/p>\n","protected":false},"excerpt":{"rendered":"On n\u2019en demandait pas tant! Alors qu\u2019on attendait impatiemment que la m\u00e9t\u00e9o se mette enfin au beau, elle&hellip;\n","protected":false},"author":2,"featured_media":177219,"comment_status":"","ping_status":"","sticky":false,"template":"","format":"standard","meta":{"footnotes":""},"categories":[2819],"tags":[1111,11,1129,1777,674,1011,27,2487,12,2401,882,25],"class_list":{"0":"post-178044","1":"post","2":"type-post","3":"status-publish","4":"format-standard","5":"has-post-thumbnail","7":"category-nice","8":"tag-actu","9":"tag-actualites","10":"tag-climat","11":"tag-eu","12":"tag-europe","13":"tag-fr","14":"tag-france","15":"tag-meteo","16":"tag-news","17":"tag-nice","18":"tag-provence-alpes-cote-dazur","19":"tag-republique-francaise"},"share_on_mastodon":{"url":"https:\/\/pubeurope.com\/@fr\/114686668558595802","error":""},"_links":{"self":[{"href":"https:\/\/www.europesays.com\/fr\/wp-json\/wp\/v2\/posts\/178044","targetHints":{"allow":["GET"]}}],"collection":[{"href":"https:\/\/www.europesays.com\/fr\/wp-json\/wp\/v2\/posts"}],"about":[{"href":"https:\/\/www.europesays.com\/fr\/wp-json\/wp\/v2\/types\/post"}],"author":[{"embeddable":true,"href":"https:\/\/www.europesays.com\/fr\/wp-json\/wp\/v2\/users\/2"}],"replies":[{"embeddable":true,"href":"https:\/\/www.europesays.com\/fr\/wp-json\/wp\/v2\/comments?post=178044"}],"version-history":[{"count":0,"href":"https:\/\/www.europesays.com\/fr\/wp-json\/wp\/v2\/posts\/178044\/revisions"}],"wp:featuredmedia":[{"embeddable":true,"href":"https:\/\/www.europesays.com\/fr\/wp-json\/wp\/v2\/media\/177219"}],"wp:attachment":[{"href":"https:\/\/www.europesays.com\/fr\/wp-json\/wp\/v2\/media?parent=178044"}],"wp:term":[{"taxonomy":"category","embeddable":true,"href":"https:\/\/www.europesays.com\/fr\/wp-json\/wp\/v2\/categories?post=178044"},{"taxonomy":"post_tag","embeddable":true,"href":"https:\/\/www.europesays.com\/fr\/wp-json\/wp\/v2\/tags?post=178044"}],"curies":[{"name":"wp","href":"https:\/\/api.w.org\/{rel}","templated":true}]}}