{"id":178045,"date":"2025-06-15T09:27:09","date_gmt":"2025-06-15T09:27:09","guid":{"rendered":"https:\/\/www.europesays.com\/fr\/178045\/"},"modified":"2025-06-15T09:27:09","modified_gmt":"2025-06-15T09:27:09","slug":"sommet-de-locean-a-nice-les-commercants-du-port-indemnises-au-plus-vite-promet-christian-estrosi","status":"publish","type":"post","link":"https:\/\/www.europesays.com\/fr\/178045\/","title":{"rendered":"Sommet de l&rsquo;Oc\u00e9an: \u00e0 Nice, les commer\u00e7ants du port indemnis\u00e9s \u00ab\u00a0au plus vite\u00a0\u00bb, promet Christian Estrosi"},"content":{"rendered":"<p>Il a eu les gagnants et les perdants. \u00c0 Nice, la 3e Conf\u00e9rence des Nations unies pour l&rsquo;Oc\u00e9an (Unoc-3), achev\u00e9e le vendredi 13 juin 2025, a d\u00e9vers\u00e9 son flot de congressistes et de diplomates dans les h\u00f4tels et les restaurants pendant plusieurs jours. De mani\u00e8re h\u00e9t\u00e9rog\u00e8ne.<\/p>\n<p>Si la fr\u00e9quentation a \u00e9t\u00e9 boost\u00e9e en centre-ville &#8211;\u00a0\u00ab\u00a0avec un pic de taux d\u2019occupation \u00e0 98%, + 27% de revenus et des restaurants atteignant des consommations \u00e0 200-300 \u20ac\/t\u00eate\u00a0\u00bb, <a href=\"https:\/\/www.nicematin.com\/environnement\/-ce-qu-il-s-est-passe-a-nice-est-assez-incroyable-coup-de-coeur-de-gueule-annonces-christian-estrosi-fait-le-bilan-de-l-unoc-990187?t=1749975465\" target=\"_blank\" rel=\"noopener nofollow\">d\u00e9taille le maire dans son interview bilan\u00a0<\/a>&#8211; ce n&rsquo;est pas le cas de tous les secteurs.<\/p>\n<p>\u00c0 l\u2019instar <a href=\"https:\/\/www.nicematin.com\/economie\/debut-d-unoc-mitige-pour-les-restaurateurs-du-port-989012\" target=\"_blank\" rel=\"noopener nofollow\">du quartier du port Lympia, sous s\u00e9curit\u00e9 ultra-renforc\u00e9e<\/a>. La raison: le quai Infernet et son <a href=\"https:\/\/www.nicematin.com\/economie\/le-nouveau-palais-des-congres-du-port-de-nice-s-appellera-nicea-983993\" target=\"_blank\" rel=\"noopener nofollow\">Palais des congr\u00e8s construit pour l&rsquo;occasion<\/a> accueillaient la fameuse \u00ab\u00a0zone bleue\u00a0\u00bb de l&rsquo;\u00e9v\u00e9nement, le lieu o\u00f9 se tenaient les s\u00e9ances pl\u00e9ni\u00e8res r\u00e9unissant chefs d&rsquo;\u00c9tat et ministres.<\/p>\n<p>Avec, \u00e0 la cl\u00e9, son lot de restrictions de circulation et d&rsquo;encombrement, \u00e0 m\u00eame de d\u00e9courager les clients.<\/p>\n<p>\u00ab\u00a0C&rsquo;est la petite touche d\u00e9sagr\u00e9able parce que, d\u00e8s que vous passiez le p\u00e9rim\u00e8tre de l&rsquo;\u00e9glise du port, tous les commerces \u00e9taient pleins, pleins, pleins\u2026\u00a0\u00bb, constate Christian Estrosi, qui avait d\u00e9j\u00e0 annonc\u00e9 il a plusieurs semaines qu&rsquo;une indemnisation \u00e9tait pr\u00e9vue pour les commer\u00e7ants concern\u00e9s.<\/p>\n<p>                                <strong>Les d\u00e9marches d&rsquo;indemnisation s&rsquo;ouvrent<\/strong><\/p>\n<p>D\u00e8s cette semaine du 16 juin 2025, \u00ab\u00a0une information sera envoy\u00e9e aux commer\u00e7ants &#8211; restaurateurs mais aussi toutes les entreprises du port qui ont d\u00fb fermer.\u00a0La commission d\u2019indemnisation est en place, g\u00e9r\u00e9e par l\u2019\u00c9tat, avec la CCI comme excellent partenaire\u00a0\u00bb, d\u00e9taille le maire de la capitale azur\u00e9enne.\u00a0<\/p>\n<p>Toutes les entreprises pourront en b\u00e9n\u00e9ficier en prouvant la baisse de chiffre d\u2019affaires sur la p\u00e9riode du sommet de l&rsquo;Oc\u00e9an, compar\u00e9e \u00e0 l&rsquo;ann\u00e9e pr\u00e9c\u00e9dente.<\/p>\n<p>\u00ab\u00a0Je suivrai de pr\u00e8s le dossier avec l&rsquo;\u00c9tat pour m&rsquo;assurer que les acteurs \u00e9conomiques concern\u00e9s seront bien accompagn\u00e9s\u00a0\u00bb, assure Christian Estrosi.<\/p>\n","protected":false},"excerpt":{"rendered":"Il a eu les gagnants et les perdants. \u00c0 Nice, la 3e Conf\u00e9rence des Nations unies pour l&rsquo;Oc\u00e9an&hellip;\n","protected":false},"author":2,"featured_media":178046,"comment_status":"","ping_status":"","sticky":false,"template":"","format":"standard","meta":{"footnotes":""},"categories":[2819],"tags":[1111,11,215,33,1777,674,1011,27,12,2401,882,25],"class_list":{"0":"post-178045","1":"post","2":"type-post","3":"status-publish","4":"format-standard","5":"has-post-thumbnail","7":"category-nice","8":"tag-actu","9":"tag-actualites","10":"tag-commerce","11":"tag-economie","12":"tag-eu","13":"tag-europe","14":"tag-fr","15":"tag-france","16":"tag-news","17":"tag-nice","18":"tag-provence-alpes-cote-dazur","19":"tag-republique-francaise"},"share_on_mastodon":{"url":"https:\/\/pubeurope.com\/@fr\/114686672370070251","error":""},"_links":{"self":[{"href":"https:\/\/www.europesays.com\/fr\/wp-json\/wp\/v2\/posts\/178045","targetHints":{"allow":["GET"]}}],"collection":[{"href":"https:\/\/www.europesays.com\/fr\/wp-json\/wp\/v2\/posts"}],"about":[{"href":"https:\/\/www.europesays.com\/fr\/wp-json\/wp\/v2\/types\/post"}],"author":[{"embeddable":true,"href":"https:\/\/www.europesays.com\/fr\/wp-json\/wp\/v2\/users\/2"}],"replies":[{"embeddable":true,"href":"https:\/\/www.europesays.com\/fr\/wp-json\/wp\/v2\/comments?post=178045"}],"version-history":[{"count":0,"href":"https:\/\/www.europesays.com\/fr\/wp-json\/wp\/v2\/posts\/178045\/revisions"}],"wp:featuredmedia":[{"embeddable":true,"href":"https:\/\/www.europesays.com\/fr\/wp-json\/wp\/v2\/media\/178046"}],"wp:attachment":[{"href":"https:\/\/www.europesays.com\/fr\/wp-json\/wp\/v2\/media?parent=178045"}],"wp:term":[{"taxonomy":"category","embeddable":true,"href":"https:\/\/www.europesays.com\/fr\/wp-json\/wp\/v2\/categories?post=178045"},{"taxonomy":"post_tag","embeddable":true,"href":"https:\/\/www.europesays.com\/fr\/wp-json\/wp\/v2\/tags?post=178045"}],"curies":[{"name":"wp","href":"https:\/\/api.w.org\/{rel}","templated":true}]}}