{"id":17805,"date":"2025-04-11T17:07:10","date_gmt":"2025-04-11T17:07:10","guid":{"rendered":"https:\/\/www.europesays.com\/fr\/17805\/"},"modified":"2025-04-11T17:07:10","modified_gmt":"2025-04-11T17:07:10","slug":"pourquoi-ce-batiment-est-il-en-deconstruction-a-luniversite-toulouse-capitole","status":"publish","type":"post","link":"https:\/\/www.europesays.com\/fr\/17805\/","title":{"rendered":"Pourquoi ce b\u00e2timent est-il en d\u00e9construction \u00e0 l&rsquo;Universit\u00e9 Toulouse Capitole\u00a0?"},"content":{"rendered":"<p>            Par<br \/>\n        <strong><br \/>\n            <a href=\"https:\/\/actu.fr\/auteur\/lea-afonso\" title=\"Consulter tous les articles de L\u00e9a Afonso\" target=\"_blank\" rel=\"noopener\">L\u00e9a Afonso<\/a><br \/>\n        <\/strong><\/p>\n<p>        Publi\u00e9 le<\/p>\n<p>            11 avr. 2025 \u00e0 18h59        <\/p>\n<p>Aux abords de<strong> l\u2019universit\u00e9 <a href=\"https:\/\/actu.fr\/toulouse\/\" target=\"_blank\" rel=\"noopener\">Toulouse<\/a> Capitole<\/strong>, juste derri\u00e8re le <strong>clo\u00eetre des Chartreux,<\/strong> sur un parking, se dresse un alg\u00e9co blanc\u2026 ou du moins \u00e0 moiti\u00e9. Il est en pleine d\u00e9construction. Que se passe-t-il \u00e0 <strong>l\u2019amphith\u00e9\u00e2tre Valade<\/strong>\u2009?<\/p>\n<p>    <a href=\"https:\/\/www.google.com\/maps\/embed?pb=!1m18!1m12!1m3!1d2889.052693270377!2d1.4347541752727673!3d43.60544445551967!2m3!1f0!2f0!3f0!3m2!1i1024!2i768!4f13.1!3m3!1m2!1s0x12aebb82e78cbcbf%3A0xe11cdb4192714290!2sAmphi%20Valade!5e0!3m2!1sfr!2sfr!4v1744299942809!5m2!1sfr!2sfr\" title=\"Ouvrie le lien\" target=\"_blank\" rel=\"noopener\">Cliquez ici pour visualiser le contenu<\/a><\/p>\n<p>Un amphi pas toujours appr\u00e9ci\u00e9<\/p>\n<p class=\" wall-content\">Bien connu des \u00e9tudiants devant passer des partiels, inconfortable ou encore mal isol\u00e9, l\u2019amphith\u00e9\u00e2tre<strong> Valade n\u2019existera bient\u00f4t plus.<\/strong> Cet alg\u00e9co, mont\u00e9 de mani\u00e8re temporaire sur le parking de la fac, \u00ab\u2009l\u2019universit\u00e9 essaie de ne plus en avoir besoin\u2009\u00bb, explique Virginie Cellier, directrice du patrimoine de l\u2019universit\u00e9.<\/p>\n<p class=\" wall-content\">D\u2019une capacit\u00e9 de 600 places, \u00ab<strong>\u2009nous l\u2019avions construit par besoin.<\/strong> On a r\u00e9nov\u00e9 tous nos amphith\u00e9\u00e2tres un par un ces derni\u00e8res ann\u00e9es. On avait donc la n\u00e9cessit\u00e9 d\u2019un lieu suppl\u00e9mentaire et assez grand pour accueillir nos \u00e9tudiants\u2009\u00bb, ajoute cette derni\u00e8re.<\/p>\n<p>      <img   decoding=\"async\" loading=\"lazy\" src=\"https:\/\/www.europesays.com\/fr\/wp-content\/uploads\/2025\/04\/img-3529-960x640.jpg\" alt=\"L'amphi Valade n'est plus qu'une armature, bient\u00f4t, il disparaitra \" width=\"960\" height=\"640\"\/><br \/>\n    L\u2019amphi Valade n\u2019est plus qu\u2019une armature, bient\u00f4t, il dispara\u00eetra (\u00a9Mar\u00e9va Laville \/ Actu Toulouse)Un amphith\u00e9\u00e2tre vendu<\/p>\n<p class=\" wall-content\">Mais en 2025, l\u2019UT1 n\u2019a plus besoin de ce lieu d\u2019appoint. \u00ab\u2009Avec notre nouveau b\u00e2timent <strong>Rempart<\/strong>, nous livrons<strong> trois amphith\u00e9\u00e2tres d\u2019une disposition de 300 \u00e0 320 places chacun.<\/strong> Et les deux derni\u00e8res salles du b\u00e2timent Arsenal sont en fin de r\u00e9novation. On a donc jug\u00e9 qu\u2019il \u00e9tait temps de vendre \u2018l\u2019amphi Valade\u2019.\u2009\u00bb<\/p>\n<p class=\" wall-content\">Pour ce faire, c\u2019est aux <strong>ench\u00e8res<\/strong> que le mat\u00e9riel a \u00e9t\u00e9 vendu, par le biais des services du domaine (organisation d\u2019ench\u00e8res par le gouvernement, NDLR). Et ce n\u2019est autre qu\u2019une agence \u00e9v\u00e9nementielle qui a remport\u00e9 l\u2019ench\u00e8re. \u00ab\u2009C\u2019est \u00e0 eux maintenant de d\u00e9monter l\u2019amphith\u00e9\u00e2tre et de le transporter.<strong> La d\u00e9construction sera termin\u00e9e \u00e0 la fin du mois d\u2019avril<\/strong>\u2009\u00bb, confirme Virginie Cellier.<\/p>\n<p class=\" wall-content\">L\u2019ancien emplacement de l\u2019amphith\u00e9\u00e2tre sera r\u00e9serv\u00e9 \u00e0 un <strong>jardin<\/strong>, dans le cadre <a href=\"https:\/\/actu.fr\/occitanie\/toulouse_31555\/demolition-nouveaux-batiments-parking-supprime-toulouse-1-capitole-va-lancer-sa-mutation_60588275.html\" target=\"_blank\" rel=\"noopener\">du plan de v\u00e9g\u00e9talisation de l\u2019universit\u00e9 Toulouse Capitole<\/a>.<\/p>\n<p class=\" wall-content\">Suivez toute l\u2019actualit\u00e9 de vos villes et m\u00e9dias favoris en vous inscrivant \u00e0 <a href=\"https:\/\/moncompte.actu.fr\" title=\"D\u00e9couvez Mon Actu\" rel=\"nofollow noopener\" data-trk=\"{&quot;cta&quot;:{&quot;action&quot;:&quot;https:\\\/\\\/moncompte.actu.fr&quot;,&quot;category&quot;:&quot;mon compte&quot;,&quot;from&quot;:&quot;article footer&quot;,&quot;name&quot;:&quot;Mon actu&quot;,&quot;type&quot;:&quot;cta&quot;}}\" target=\"_blank\">Mon Actu<\/a>.<\/p>\n","protected":false},"excerpt":{"rendered":"Par L\u00e9a Afonso Publi\u00e9 le 11 avr. 2025 \u00e0 18h59 Aux abords de l\u2019universit\u00e9 Toulouse Capitole, juste derri\u00e8re&hellip;\n","protected":false},"author":2,"featured_media":17806,"comment_status":"","ping_status":"","sticky":false,"template":"","format":"standard","meta":{"footnotes":""},"categories":[2816],"tags":[1111,11,1057,1777,674,1011,27,12,2680,25,104,2312,7171,1352],"class_list":{"0":"post-17805","1":"post","2":"type-post","3":"status-publish","4":"format-standard","5":"has-post-thumbnail","7":"category-toulouse","8":"tag-actu","9":"tag-actualites","10":"tag-education","11":"tag-eu","12":"tag-europe","13":"tag-fr","14":"tag-france","15":"tag-news","16":"tag-occitanie","17":"tag-republique-francaise","18":"tag-societe","19":"tag-toulouse","20":"tag-universite-toulouse-1-capitole","21":"tag-urbanisme"},"share_on_mastodon":{"url":"https:\/\/pubeurope.com\/@fr\/114320431101701101","error":""},"_links":{"self":[{"href":"https:\/\/www.europesays.com\/fr\/wp-json\/wp\/v2\/posts\/17805","targetHints":{"allow":["GET"]}}],"collection":[{"href":"https:\/\/www.europesays.com\/fr\/wp-json\/wp\/v2\/posts"}],"about":[{"href":"https:\/\/www.europesays.com\/fr\/wp-json\/wp\/v2\/types\/post"}],"author":[{"embeddable":true,"href":"https:\/\/www.europesays.com\/fr\/wp-json\/wp\/v2\/users\/2"}],"replies":[{"embeddable":true,"href":"https:\/\/www.europesays.com\/fr\/wp-json\/wp\/v2\/comments?post=17805"}],"version-history":[{"count":0,"href":"https:\/\/www.europesays.com\/fr\/wp-json\/wp\/v2\/posts\/17805\/revisions"}],"wp:featuredmedia":[{"embeddable":true,"href":"https:\/\/www.europesays.com\/fr\/wp-json\/wp\/v2\/media\/17806"}],"wp:attachment":[{"href":"https:\/\/www.europesays.com\/fr\/wp-json\/wp\/v2\/media?parent=17805"}],"wp:term":[{"taxonomy":"category","embeddable":true,"href":"https:\/\/www.europesays.com\/fr\/wp-json\/wp\/v2\/categories?post=17805"},{"taxonomy":"post_tag","embeddable":true,"href":"https:\/\/www.europesays.com\/fr\/wp-json\/wp\/v2\/tags?post=17805"}],"curies":[{"name":"wp","href":"https:\/\/api.w.org\/{rel}","templated":true}]}}