{"id":178052,"date":"2025-06-15T09:31:26","date_gmt":"2025-06-15T09:31:26","guid":{"rendered":"https:\/\/www.europesays.com\/fr\/178052\/"},"modified":"2025-06-15T09:31:26","modified_gmt":"2025-06-15T09:31:26","slug":"un-important-incendie-emporte-240-000-bouteilles-dans-le-chai-dun-chateau-bordelais","status":"publish","type":"post","link":"https:\/\/www.europesays.com\/fr\/178052\/","title":{"rendered":"Un important incendie emporte 240.000 bouteilles dans le chai d\u2019un ch\u00e2teau bordelais"},"content":{"rendered":"<p>Un chai de stockage situ\u00e9 au ch\u00e2teau Puygueraud, en Gironde, a \u00e9t\u00e9 victime d\u2019un incendie.<\/p>\n<p class=\"fig-paragraph\">Ce ne sont pas moins de 240.000 bouteilles qui sont parties en fum\u00e9e. Au\u00a0<a href=\"https:\/\/avis-vin.lefigaro.fr\/vins-champagne\/bordeaux\/rive-droite\/d10628-chateau-puygueraud\" target=\"_blank\" rel=\"noopener\" data-gtm-custom-categorie=\"navigation\" data-gtm-custom-action=\"crossclick\" data-gtm-custom-label=\"Contextuel\" data-gtm-event=\"customEventSPE\">ch\u00e2teau Puygueraud<\/a>, qui s\u2019\u00e9tend sur 45 hectares \u00e0 l\u2019extr\u00eame est du vignoble bordelais, un chai de stockage de 500 m\u00e8tres carr\u00e9s a \u00e9t\u00e9 victime d\u2019un incendie ce mardi 10 juin en milieu d\u2019apr\u00e8s-midi. Situ\u00e9e dans la commune de Saint-Cibard, la propri\u00e9t\u00e9 est un domaine phare de l\u2019appellation\u00a0<a href=\"https:\/\/avis-vin.lefigaro.fr\/connaitre-deguster\/tout-savoir-sur-le-vin\/guide-des-regions-et-des-appellations\/bordeaux\/rive-droite\/appellation-francs-cotes-de-bordeaux\" target=\"_blank\" rel=\"noopener\" data-gtm-custom-categorie=\"navigation\" data-gtm-custom-action=\"crossclick\" data-gtm-custom-label=\"Contextuel\" data-gtm-event=\"customEventSPE\">Francs-C\u00f4tes de Bordeaux<\/a>. Nicolas Thienpont, qui g\u00e8re Puygueraud, occupait l\u2019espace de ce chai pour stocker des bouteilles pr\u00eates \u00e0 \u00eatre \u00e9tiquet\u00e9es issues de ses trois autres domaines viticoles\u00a0: Ch\u00e2teau d\u2019Alc\u00e9e, Ch\u00e2teau La Prade et Les Charmes Godart. L\u2019incendie s\u2019est d\u00e9clar\u00e9 alors que plusieurs employ\u00e9s \u00e9taient pr\u00e9sents, sans qu\u2019aucun bless\u00e9 ne soit \u00e0 d\u00e9plorer.<\/p>\n<p class=\"fig-paragraph\">Nicolas Thienpont d\u00e9plore une perte consid\u00e9rable. \u00abLe feu a pris enti\u00e8rement le temps que les pompiers arrivent. C\u2019\u00e9tait une structure assez r\u00e9cente en bois. Il y avait tous les vins depuis le mill\u00e9sime 2015 jusqu\u2019aux mill\u00e9simes 2024 pour les blancs et 2023 pour les rouges. Sur toutes les bouteilles victimes des flammes, au moins 50.000 \u00e9taient d\u00e9j\u00e0 vendues\u00bb, se d\u00e9sole cette figure du vignoble bordelais. \u00abJe venais de faire les mises en bouteilles pour Ch\u00e2teau Alc\u00e9e et Ch\u00e2teau La Prade la semaine pr\u00e9c\u00e9dente. Les vins devaient \u00eatre livr\u00e9s \u00e0 mes clients\u2026\u00bb, souffle-t-il. Des bouteilles, cette fois issues du ch\u00e2teau Puygueraud, \u00e9taient entrepos\u00e9es dans le chai voisin, mais elles n\u2019ont pas subi la loi des flammes.<\/p>\n<p class=\"fig-body-link\">\n            \u00c0 lire aussi<br \/>\n        <a class=\"fig-body-link__link\" href=\"http:\/\/avis-vin.lefigaro.fr\/economie-du-vin\/vin-de-bordeaux-le-ministere-de-l-agriculture-revele-des-chiffres-alarmants-sur-le-recul-des-surfaces-de-vigne-20250606\" target=\"_blank\" data-fig-type=\"NewsFlash\" rel=\"noopener\" data-gtm-custom-categorie=\"navigation\" data-gtm-custom-action=\"crossclick\" data-gtm-custom-label=\"Contextuel\" data-gtm-event=\"customEventSPE\" data-fig-domain=\"AVIS_VIN\">Vin de Bordeaux\u00a0: le minist\u00e8re de l\u2019Agriculture r\u00e9v\u00e8le des chiffres alarmants sur le recul des surfaces de vigne<br \/>\n    <\/a>\n<\/p>\n<p class=\"fig-paragraph\">S\u2019agissant de l\u2019origine du feu, Nicolas Thienpont pr\u00e9f\u00e8re rester prudent, \u00e9voquant plusieurs pistes possibles. L\u2019intervention des pompiers s\u2019est en tout cas av\u00e9r\u00e9e d\u00e9licate \u00e0 cause des panneaux photovolta\u00efques qui \u00e9taient install\u00e9s sur le toit du chai. \u00abIls \u00e9taient en activit\u00e9 au moment de l\u2019incendie, sous 35 degr\u00e9s \u00e0 l\u2019ombre. Les pompiers ne pouvaient pas les arroser, pour ne pas risquer l\u2019\u00e9lectrocution\u00bb, pr\u00e9cise Nicolas Thienpont, d\u00e9sormais engag\u00e9 dans un \u00abmarathon\u00bb face aux assurances. Le vigneron esp\u00e8re un d\u00e9dommagement \u00e0 la hauteur de la valeur des vins sur le march\u00e9. \u00abSans compter qu\u2019il faut d\u00e9sormais trouver 500 m\u00e8tres carr\u00e9s de stockage que je n\u2019ai plus\u00bb, ajoute-t-il. Et de conclure\u00a0: \u00abHeureusement, c\u2019est un chai de stockage qui ne donne pas sur nos b\u00e2timents principaux. La partie d\u00e9di\u00e9e \u00e0 l\u2019\u00e9levage des vins n\u2019a pas \u00e9t\u00e9 touch\u00e9e.\u00bb<\/p>\n<p>    Le chai incendi\u00e9 du ch\u00e2teau Puygueraud.<br \/>\n                Nicolas Thienpont<\/p>\n<p>    Le chai incendi\u00e9 du ch\u00e2teau Puygueraud.<br \/>\n                Nicolas Thienpont<\/p>\n<p>    Vu d\u2019ensemble du domaine.<br \/>\n                Ch\u00e2teau Puygueraud<\/p>\n","protected":false},"excerpt":{"rendered":"Un chai de stockage situ\u00e9 au ch\u00e2teau Puygueraud, en Gironde, a \u00e9t\u00e9 victime d\u2019un incendie. Ce ne sont&hellip;\n","protected":false},"author":2,"featured_media":178053,"comment_status":"","ping_status":"","sticky":false,"template":"","format":"standard","meta":{"footnotes":""},"categories":[2817],"tags":[1111,11,1997,11197,1777,674,4464,1011,27,4463,1310,12,2219,25,1662],"class_list":{"0":"post-178052","1":"post","2":"type-post","3":"status-publish","4":"format-standard","5":"has-post-thumbnail","7":"category-bordeaux","8":"tag-actu","9":"tag-actualites","10":"tag-bordeaux","11":"tag-economie-du-vin","12":"tag-eu","13":"tag-europe","14":"tag-figaro-vin","15":"tag-fr","16":"tag-france","17":"tag-guide","18":"tag-incendie","19":"tag-news","20":"tag-nouvelle-aquitaine","21":"tag-republique-francaise","22":"tag-vin"},"share_on_mastodon":{"url":"https:\/\/pubeurope.com\/@fr\/114686688198416017","error":""},"_links":{"self":[{"href":"https:\/\/www.europesays.com\/fr\/wp-json\/wp\/v2\/posts\/178052","targetHints":{"allow":["GET"]}}],"collection":[{"href":"https:\/\/www.europesays.com\/fr\/wp-json\/wp\/v2\/posts"}],"about":[{"href":"https:\/\/www.europesays.com\/fr\/wp-json\/wp\/v2\/types\/post"}],"author":[{"embeddable":true,"href":"https:\/\/www.europesays.com\/fr\/wp-json\/wp\/v2\/users\/2"}],"replies":[{"embeddable":true,"href":"https:\/\/www.europesays.com\/fr\/wp-json\/wp\/v2\/comments?post=178052"}],"version-history":[{"count":0,"href":"https:\/\/www.europesays.com\/fr\/wp-json\/wp\/v2\/posts\/178052\/revisions"}],"wp:featuredmedia":[{"embeddable":true,"href":"https:\/\/www.europesays.com\/fr\/wp-json\/wp\/v2\/media\/178053"}],"wp:attachment":[{"href":"https:\/\/www.europesays.com\/fr\/wp-json\/wp\/v2\/media?parent=178052"}],"wp:term":[{"taxonomy":"category","embeddable":true,"href":"https:\/\/www.europesays.com\/fr\/wp-json\/wp\/v2\/categories?post=178052"},{"taxonomy":"post_tag","embeddable":true,"href":"https:\/\/www.europesays.com\/fr\/wp-json\/wp\/v2\/tags?post=178052"}],"curies":[{"name":"wp","href":"https:\/\/api.w.org\/{rel}","templated":true}]}}