{"id":178054,"date":"2025-06-15T09:32:12","date_gmt":"2025-06-15T09:32:12","guid":{"rendered":"https:\/\/www.europesays.com\/fr\/178054\/"},"modified":"2025-06-15T09:32:12","modified_gmt":"2025-06-15T09:32:12","slug":"toulouse-des-perturbations-en-soiree-a-prevoir-sur-les-routes-pendant-un-mois","status":"publish","type":"post","link":"https:\/\/www.europesays.com\/fr\/178054\/","title":{"rendered":"Toulouse. Des perturbations en soir\u00e9e \u00e0 pr\u00e9voir sur les routes pendant un mois"},"content":{"rendered":"<p>            Par<br \/>\n        <strong><br \/>\n            <a href=\"https:\/\/actu.fr\/auteur\/lea-afonso\" title=\"Consulter tous les articles de L\u00e9a Afonso\" rel=\"nofollow noopener\" target=\"_blank\">L\u00e9a Afonso<\/a><br \/>\n        <\/strong><\/p>\n<p>        Publi\u00e9 le<\/p>\n<p>            15 juin 2025 \u00e0 8h10        <\/p>\n<p>La circulation nocturne risque d\u2019\u00eatre compliqu\u00e9e \u00e0 <a href=\"https:\/\/actu.fr\/toulouse\/\" rel=\"nofollow noopener\" target=\"_blank\">Toulouse<\/a>. \u00c0 partir du lundi 16 juin au soir et durant un mois, des travaux vont \u00eatre r\u00e9alis\u00e9s sur le secteur de <strong>l\u2019avenue de Grande-Bretagne<\/strong> \u00e0 Purpan. Deux ponts vont \u00eatre r\u00e9nov\u00e9s, diificultant la circulation automibile et du tram.\u00a0<\/p>\n<p>Deux \u00e9difices concern\u00e9s<\/p>\n<p class=\" wall-content\">C\u2019est <strong>\u00e0 hauteur de l\u2019\u00e9changeur de Purpan de l\u2019A620<\/strong>, au-dessus de l\u2019avenue de Grande-Bretagne, que les complications sont attendues. Concr\u00e8tement,<strong> deux ponts vont \u00eatre r\u00e9nov\u00e9s<\/strong> et cela va entra\u00eener des perturbations.<\/p>\n<p class=\" wall-content\">\u00ab\u00a0L\u2019un des ponts permet \u00e0 l\u2019A620 de franchir l\u2019avenue de Grande-Bretagne et l\u2019autre permet \u00e0 la bretelle de l\u2019A624 de rejoindre l\u2019A620\u00a0\u00bb, explique la\u00a0direction des routes nationales du sud-ouest (DIR Sud-Ouest), en charge de\u00a0l\u2019entretien et l\u2019exploitation des routes.\u00a0<\/p>\n<p>Pourquoi ces perturbations ?\u00a0<\/p>\n<p class=\" wall-content\">C\u2019est en raison de la <strong>reprise du syst\u00e8me anticorrosion<\/strong> que ces deux ponts vont entrainer ces perturbations. \u00ab\u00a0Structur\u00e9s sous forme de caissons m\u00e9talliques, ces deux \u00e9difices pr\u00e9sentent une alt\u00e9ration du syst\u00e8me de peinture anticorrosion. Les deux ouvrages \u00e9tant situ\u00e9s \u00e0 proximit\u00e9, il a \u00e9t\u00e9 d\u00e9cid\u00e9 de les r\u00e9parer en m\u00eame temps afin de minimiser la g\u00eane aux<br \/>usagers\u00a0\u00bb, explique la DIRSO.<\/p>\n<p>Prise en compte de la circulation\u00a0<\/p>\n<p class=\" wall-content\">Rappelons que ces deux ouvrages surplombent l\u2019avenue de Grande-Bretagne et la ligne du Tram T1. \u00ab\u00a0Les travaux ont donc \u00e9t\u00e9 organis\u00e9s en tenant compte des contraintes de circulation et d\u2019intervention relatives \u00e0 la ligne du Tram. Pour les parties du pont se situant au-dessus de la ligne du TRAM T1 ainsi que sur les voies de circulation de l\u2019avenue de Grande-Bretagne : <strong>travaux durant les nuits des lundis aux mercredis entre 22h00 et 06h00<\/strong>\u00ab\u00a0, explique la DIRSO.<\/p>\n<p>Vid\u00e9os : en ce moment sur Actu<\/p>\n<p class=\" wall-content\">Elle poursuit : \u00ab\u00a0La ligne du TRAM T1 sera ferm\u00e9e et consign\u00e9e sur le cr\u00e9neau de 23h05 \u00e0 04h25. Au cours de cette phase, la circulation sera maintenue sur la voie de droite de l\u2019avenue pour le sens de circulation en direction du CHU Purpan. La circulation pour le sens en direction du Z\u00e9nith sera d\u00e9vi\u00e9e\u00a0\u00bb.<\/p>\n<p>    <img   decoding=\"async\" loading=\"lazy\" src=\"https:\/\/www.europesays.com\/fr\/wp-content\/uploads\/2025\/06\/capture-decran-2025-06-12-125428-960x525.png\" alt=\"D\u00e9viation de la circulation \" width=\"960\" height=\"525\"\/><br \/>\n    D\u00e9viation de la circulation durant les nuits des lundis aux mercredis entre 22h00 et 06h00 (\u00a9Capture d\u2019\u00e9cran DIRSO)<\/p>\n<p class=\" wall-content\">\u00ab\u00a0Pour les parties du pont se situant au-dessus de la voie de droite et du trottoir de l\u2019avenue de Grande-Bretagne dans le sens en direction du CHU Purpan : <strong>travaux durant les nuits des jeudis entre 22h00 et 06h00<\/strong>. Selon l\u2019avancement du chantier, les travaux sont susceptibles de se prolonger durant les nuits des vendredis voire samedis. La circulation sera maintenue sur la voie de gauche de l\u2019avenue pour ce m\u00eame sens de circulation. La circulation dans l\u2019autre sens de circulation, en direction du Z\u00e9nith, ne sera pas impact\u00e9e. Suivant la phase du chantier, la circulation des pi\u00e9tons et cycles sur le trottoir sera maintenue ou d\u00e9vi\u00e9e\u00a0\u00bb, termine la DIRSO.<\/p>\n<p>    <img   decoding=\"async\" loading=\"lazy\" src=\"https:\/\/www.europesays.com\/fr\/wp-content\/uploads\/2025\/06\/capture-decran-2025-06-12-125641-960x544.png\" alt=\"D\u00e9viations durant les nuits des jeudis entre 22h00 et 06h00\" width=\"960\" height=\"544\"\/><br \/>\n    D\u00e9viations durant les nuits des jeudis entre 22h00 et 06h00 (\u00a9Capture d\u2019\u00e9cran DIRSO)<\/p>\n<p class=\" wall-content\">Suivez toute l\u2019actualit\u00e9 de vos villes et m\u00e9dias favoris en vous inscrivant \u00e0 <a href=\"https:\/\/moncompte.actu.fr\" title=\"D\u00e9couvez Mon Actu\" rel=\"nofollow noopener\" data-trk=\"{&quot;cta&quot;:{&quot;action&quot;:&quot;https:\\\/\\\/moncompte.actu.fr&quot;,&quot;category&quot;:&quot;mon compte&quot;,&quot;from&quot;:&quot;article footer&quot;,&quot;name&quot;:&quot;Mon actu&quot;,&quot;type&quot;:&quot;cta&quot;}}\" target=\"_blank\">Mon Actu<\/a>.<\/p>\n","protected":false},"excerpt":{"rendered":"Par L\u00e9a Afonso Publi\u00e9 le 15 juin 2025 \u00e0 8h10 La circulation nocturne risque d\u2019\u00eatre compliqu\u00e9e \u00e0 Toulouse.&hellip;\n","protected":false},"author":2,"featured_media":178055,"comment_status":"","ping_status":"","sticky":false,"template":"","format":"standard","meta":{"footnotes":""},"categories":[2816],"tags":[1111,11,3542,1777,674,1011,27,12,2680,25,104,2312,2086],"class_list":{"0":"post-178054","1":"post","2":"type-post","3":"status-publish","4":"format-standard","5":"has-post-thumbnail","7":"category-toulouse","8":"tag-actu","9":"tag-actualites","10":"tag-circulation","11":"tag-eu","12":"tag-europe","13":"tag-fr","14":"tag-france","15":"tag-news","16":"tag-occitanie","17":"tag-republique-francaise","18":"tag-societe","19":"tag-toulouse","20":"tag-travaux"},"share_on_mastodon":{"url":"https:\/\/pubeurope.com\/@fr\/114686692259568558","error":""},"_links":{"self":[{"href":"https:\/\/www.europesays.com\/fr\/wp-json\/wp\/v2\/posts\/178054","targetHints":{"allow":["GET"]}}],"collection":[{"href":"https:\/\/www.europesays.com\/fr\/wp-json\/wp\/v2\/posts"}],"about":[{"href":"https:\/\/www.europesays.com\/fr\/wp-json\/wp\/v2\/types\/post"}],"author":[{"embeddable":true,"href":"https:\/\/www.europesays.com\/fr\/wp-json\/wp\/v2\/users\/2"}],"replies":[{"embeddable":true,"href":"https:\/\/www.europesays.com\/fr\/wp-json\/wp\/v2\/comments?post=178054"}],"version-history":[{"count":0,"href":"https:\/\/www.europesays.com\/fr\/wp-json\/wp\/v2\/posts\/178054\/revisions"}],"wp:featuredmedia":[{"embeddable":true,"href":"https:\/\/www.europesays.com\/fr\/wp-json\/wp\/v2\/media\/178055"}],"wp:attachment":[{"href":"https:\/\/www.europesays.com\/fr\/wp-json\/wp\/v2\/media?parent=178054"}],"wp:term":[{"taxonomy":"category","embeddable":true,"href":"https:\/\/www.europesays.com\/fr\/wp-json\/wp\/v2\/categories?post=178054"},{"taxonomy":"post_tag","embeddable":true,"href":"https:\/\/www.europesays.com\/fr\/wp-json\/wp\/v2\/tags?post=178054"}],"curies":[{"name":"wp","href":"https:\/\/api.w.org\/{rel}","templated":true}]}}