{"id":178060,"date":"2025-06-15T09:36:10","date_gmt":"2025-06-15T09:36:10","guid":{"rendered":"https:\/\/www.europesays.com\/fr\/178060\/"},"modified":"2025-06-15T09:36:10","modified_gmt":"2025-06-15T09:36:10","slug":"la-maladie-nous-a-rapproches-immersion-chez-les-saliceti-a-allauch","status":"publish","type":"post","link":"https:\/\/www.europesays.com\/fr\/178060\/","title":{"rendered":"\u00ab\u00a0La maladie nous a rapproch\u00e9s\u00a0\u00bb, immersion\u00a0chez les Saliceti \u00e0 Allauch"},"content":{"rendered":"<p>Casting<\/p>\n<p>Julie (20\u00a0ans), Sophie (50\u00a0ans), Alain (63\u00a0ans), les chats Nelson (9\u00a0ans), Tessi (3\u00a0ans), Wis (6 mois) et le lapin Zoro (2\u00a0ans).<\/p>\n<p>Logement<\/p>\n<p>Un T3 de 62\u00a0m\u00b2 dans une nouvelle r\u00e9sidence, quartier des Aubagnens \u00e0 Allauch. \u00ab\u00a0En fait, ce sont des logements sociaux. C\u2019est beau hein\u00a0?\u00a0\u00bb (Sophie). On passe un portail puis une porte \u00e0 digicode. \u00ab\u00a0On est entour\u00e9 de v\u00e9g\u00e9tation\u00a0\u00bb (Julie). Les Saliceti sont au premier. L\u2019espace est optimis\u00e9, \u00e9pur\u00e9, chaque objet est \u00e0 sa place. Dans l\u2019entr\u00e9e, un meuble \u00e0 chaussures et un tabouret. Le couloir dessert un placard, les WC et la salle de douche (meuble en cannage, paniers suspendus).<\/p>\n<p>Une premi\u00e8re chambre de 14\u00a0m\u00b2\u00a0: t\u00eate de lit en papier peint (motif exotique), attrape-r\u00eaves, tourne-disques (Alain est plut\u00f4t Beatles et Led Zeppelin, Sophie pr\u00e9f\u00e8re Muse et Radiohead) et une guitare basse (\u00ab\u00a0Un cadeau du voisin\u00a0\u00bb, Sophie). \u00c0 c\u00f4t\u00e9, le coin de Julie\u00a0: lit double, bureau avec PC gamer (\u00ab\u00a0J\u2019\u00e9conomise pour acheter de grosses unit\u00e9s centrales\u00a0\u00bb), dressing et une grande coiffeuse pour ranger sa panoplie skin care (rituels de soins du visage), produits pour cheveux, maquillage, bijoux, tout est class\u00e9. (\u00ab\u00a0C\u2019est le cadeau de mes 20\u00a0ans\u00a0\u00bb).<\/p>\n","protected":false},"excerpt":{"rendered":"Casting Julie (20\u00a0ans), Sophie (50\u00a0ans), Alain (63\u00a0ans), les chats Nelson (9\u00a0ans), Tessi (3\u00a0ans), Wis (6 mois) et le&hellip;\n","protected":false},"author":2,"featured_media":178061,"comment_status":"","ping_status":"","sticky":false,"template":"","format":"standard","meta":{"footnotes":""},"categories":[2814],"tags":[17,1111,11,3694,1777,674,652,1011,27,31448,4743,226,884,12,3946,882,31447,25,104],"class_list":{"0":"post-178060","1":"post","2":"type-post","3":"status-publish","4":"format-standard","5":"has-post-thumbnail","7":"category-marseille","8":"tag-17","9":"tag-actu","10":"tag-actualites","11":"tag-affaires","12":"tag-eu","13":"tag-europe","14":"tag-famille","15":"tag-fr","16":"tag-france","17":"tag-immersion-chez","18":"tag-la","19":"tag-maladie","20":"tag-marseille","21":"tag-news","22":"tag-nous","23":"tag-provence-alpes-cote-dazur","24":"tag-rapproches","25":"tag-republique-francaise","26":"tag-societe"},"share_on_mastodon":{"url":"https:\/\/pubeurope.com\/@fr\/114686707842425174","error":""},"_links":{"self":[{"href":"https:\/\/www.europesays.com\/fr\/wp-json\/wp\/v2\/posts\/178060","targetHints":{"allow":["GET"]}}],"collection":[{"href":"https:\/\/www.europesays.com\/fr\/wp-json\/wp\/v2\/posts"}],"about":[{"href":"https:\/\/www.europesays.com\/fr\/wp-json\/wp\/v2\/types\/post"}],"author":[{"embeddable":true,"href":"https:\/\/www.europesays.com\/fr\/wp-json\/wp\/v2\/users\/2"}],"replies":[{"embeddable":true,"href":"https:\/\/www.europesays.com\/fr\/wp-json\/wp\/v2\/comments?post=178060"}],"version-history":[{"count":0,"href":"https:\/\/www.europesays.com\/fr\/wp-json\/wp\/v2\/posts\/178060\/revisions"}],"wp:featuredmedia":[{"embeddable":true,"href":"https:\/\/www.europesays.com\/fr\/wp-json\/wp\/v2\/media\/178061"}],"wp:attachment":[{"href":"https:\/\/www.europesays.com\/fr\/wp-json\/wp\/v2\/media?parent=178060"}],"wp:term":[{"taxonomy":"category","embeddable":true,"href":"https:\/\/www.europesays.com\/fr\/wp-json\/wp\/v2\/categories?post=178060"},{"taxonomy":"post_tag","embeddable":true,"href":"https:\/\/www.europesays.com\/fr\/wp-json\/wp\/v2\/tags?post=178060"}],"curies":[{"name":"wp","href":"https:\/\/api.w.org\/{rel}","templated":true}]}}