{"id":178081,"date":"2025-06-15T09:48:08","date_gmt":"2025-06-15T09:48:08","guid":{"rendered":"https:\/\/www.europesays.com\/fr\/178081\/"},"modified":"2025-06-15T09:48:08","modified_gmt":"2025-06-15T09:48:08","slug":"donald-trump-muscle-sa-politique-le-senegal-alerte-ses-citoyens","status":"publish","type":"post","link":"https:\/\/www.europesays.com\/fr\/178081\/","title":{"rendered":"Donald Trump muscle sa politique, le S\u00e9n\u00e9gal alerte ses citoyens"},"content":{"rendered":"<p class=\"firstp\">Le Minist\u00e8re de l\u2019Int\u00e9gration africaine et des Affaires \u00e9trang\u00e8res, dirig\u00e9 par Yassine Fall, alerte les citoyens s\u00e9n\u00e9galais sur le durcissement des mesures migratoires aux <a href=\"https:\/\/www.senenews.com\/actualites\/etats-unis-linterpellation-de-cheikh-fall-par-la-police-dimmigration-attriste-les-internautes-video_545907.html\" target=\"_blank\" rel=\"noopener\">\u00c9tats-Unis<\/a>.<\/p>\n<p>Dans un communiqu\u00e9 publi\u00e9 le 14 juin 2025, les autorit\u00e9s s\u00e9n\u00e9galaises relaient les nouvelles dispositions mises en place par Washington, comprenant des sanctions s\u00e9v\u00e8res contre l\u2019immigration irr\u00e9guli\u00e8re et un dispositif de retour volontaire. Les voyageurs sont invit\u00e9s \u00e0 v\u00e9rifier la validit\u00e9 de leurs documents et \u00e0 respecter scrupuleusement les conditions de s\u00e9jour.\n<\/p>\n<p>In extenso, le communiqu\u00e9 !\n<\/p>\n<p>\u00ab\u00a0R\u00c9PUBLIQUE DU S\u00c9N\u00c9GAL<br \/>MINIST\u00c8RE DE L\u2019INT\u00c9GRATION AFRICAINE ET DES AFFAIRES \u00c9TRANG\u00c8RES<br \/>COMMUNIQU\u00c9\n<\/p>\n<p>Dans le cadre de l\u2019assistance consulaire et de l\u2019acc\u00e8s \u00e0 l\u2019information, le Minist\u00e8re de l\u2019Int\u00e9gration africaine et des Affaires \u00e9trang\u00e8res (MIAAE) informe l\u2019opinion publique que les autorit\u00e9s am\u00e9ricaines ont r\u00e9cemment r\u00e9actualis\u00e9 le dispositif en mati\u00e8re de S\u00e9curit\u00e9 aux fronti\u00e8res pour lutter contre l\u2019Immigration irr\u00e9guli\u00e8re.\n<\/p>\n<p>Les nouvelles mesures comprennent notamment :<br \/>\u2013 Des sanctions p\u00e9nales et administratives \u00e0 l\u2019encontre de toute personne reconnue coupable de tentative ou d\u2019acte d\u2019immigration irr\u00e9guli\u00e8re;<br \/>\u2013 L\u2019interdiction d\u2019entr\u00e9e sur le territoire am\u00e9ricain pour les individus concern\u00e9s, y compris en cas d\u2019infractions pass\u00e9es ou ayant des ant\u00e9c\u00e9dents judiciaires;\n<\/p>\n<p>Les Autorit\u00e9s am\u00e9ricaines ont mis en place un m\u00e9canisme de d\u00e9part volontaire pour des \u00e9trangers en situation irr\u00e9guli\u00e8re, disponible via l\u2019application CBP Home Mobile, accessible \u00e0 l\u2019adresse suivante: www.dhs.gov\/cbphome.\n<\/p>\n<p>Cette d\u00e9marche permet de b\u00e9n\u00e9ficier d\u2019un appui financier au retour, et peut contribuer \u00e0 \u00e9viter des poursuites judiciaires.\n<\/p>\n<p>Le Minist\u00e8re rappelle l\u2019importance pour les compatriotes souhaitant voyager ou s\u00e9journer aux \u00c9tats-Unis d\u2019Am\u00e9rique (USA) de:<br \/>\u2013 V\u00e9rifier la validit\u00e9 de leurs visas avant le d\u00e9part;<br \/>-Respecter strictement les dur\u00e9es de s\u00e9jour autoris\u00e9es;<br \/>\u2013 Prendre contact avec le r\u00e9seau diplomatique et consulaire pour toutes informations utiles compl\u00e9mentaires sur les conditions et r\u00e8gles en vigueur.\n<\/p>\n<p>Les Missions diplomatiques et consulaires du S\u00e9n\u00e9gal poursuivent les actions de sensibilisation n\u00e9cessaires pour prot\u00e9ger les int\u00e9r\u00eats des S\u00e9n\u00e9galais r\u00e9sidant aux USA et travaillent en \u00e9troite collaboration avec l\u2019Administration am\u00e9ricaine dans l\u2019esprit des excellentes relations de coop\u00e9ration entre les deux pays.<\/p>\n<p>Fait \u00e0 Dakar, le 14 Juin 2025\u00a0\u00bb<\/p>\n","protected":false},"excerpt":{"rendered":"Le Minist\u00e8re de l\u2019Int\u00e9gration africaine et des Affaires \u00e9trang\u00e8res, dirig\u00e9 par Yassine Fall, alerte les citoyens s\u00e9n\u00e9galais sur&hellip;\n","protected":false},"author":2,"featured_media":178082,"comment_status":"","ping_status":"","sticky":false,"template":"","format":"standard","meta":{"footnotes":""},"categories":[1589],"tags":[11,31449,73,1866,1061,14,12,316,880,29674,467,1864,1865,1863,308],"class_list":{"0":"post-178081","1":"post","2":"type-post","3":"status-publish","4":"format-standard","5":"has-post-thumbnail","7":"category-etats-unis","8":"tag-actualites","9":"tag-afrique-actualite","10":"tag-etats-unis","11":"tag-etats-unis-damerique","12":"tag-immigration","13":"tag-international","14":"tag-news","15":"tag-politique","16":"tag-senegal","17":"tag-senegal-actualites","18":"tag-trump","19":"tag-united-states","20":"tag-united-states-of-america","21":"tag-us","22":"tag-usa"},"share_on_mastodon":{"url":"https:\/\/pubeurope.com\/@fr\/114686755155550843","error":""},"_links":{"self":[{"href":"https:\/\/www.europesays.com\/fr\/wp-json\/wp\/v2\/posts\/178081","targetHints":{"allow":["GET"]}}],"collection":[{"href":"https:\/\/www.europesays.com\/fr\/wp-json\/wp\/v2\/posts"}],"about":[{"href":"https:\/\/www.europesays.com\/fr\/wp-json\/wp\/v2\/types\/post"}],"author":[{"embeddable":true,"href":"https:\/\/www.europesays.com\/fr\/wp-json\/wp\/v2\/users\/2"}],"replies":[{"embeddable":true,"href":"https:\/\/www.europesays.com\/fr\/wp-json\/wp\/v2\/comments?post=178081"}],"version-history":[{"count":0,"href":"https:\/\/www.europesays.com\/fr\/wp-json\/wp\/v2\/posts\/178081\/revisions"}],"wp:featuredmedia":[{"embeddable":true,"href":"https:\/\/www.europesays.com\/fr\/wp-json\/wp\/v2\/media\/178082"}],"wp:attachment":[{"href":"https:\/\/www.europesays.com\/fr\/wp-json\/wp\/v2\/media?parent=178081"}],"wp:term":[{"taxonomy":"category","embeddable":true,"href":"https:\/\/www.europesays.com\/fr\/wp-json\/wp\/v2\/categories?post=178081"},{"taxonomy":"post_tag","embeddable":true,"href":"https:\/\/www.europesays.com\/fr\/wp-json\/wp\/v2\/tags?post=178081"}],"curies":[{"name":"wp","href":"https:\/\/api.w.org\/{rel}","templated":true}]}}