{"id":178083,"date":"2025-06-15T09:49:13","date_gmt":"2025-06-15T09:49:13","guid":{"rendered":"https:\/\/www.europesays.com\/fr\/178083\/"},"modified":"2025-06-15T09:49:13","modified_gmt":"2025-06-15T09:49:13","slug":"le-gouvernement-renonce-a-la-suppression-de-laide-au-chauffage-hivernal-pour-les-retraites","status":"publish","type":"post","link":"https:\/\/www.europesays.com\/fr\/178083\/","title":{"rendered":"le gouvernement renonce \u00e0 la suppression de l\u2019aide au chauffage hivernal pour les retrait\u00e9s"},"content":{"rendered":"<p>Les retrait\u00e9s britanniques ont obtenu gain de cause : le gouvernement de Keir Starmer fait marche arri\u00e8re en renon\u00e7ant \u00e0 supprimer l\u2019aide au chauffage hivernal pour les retrait\u00e9s, sous la pression de l\u2019opinion, mais aussi de voix \u00e9manant de son propre camp.<\/p>\n<p>Des dizaines de ministres travaillistes \u00e9taient oppos\u00e9s \u00e0 ces coupes, y voyant notamment un risque \u00e9lectoral majeur. Le Premier ministre a vu sa popularit\u00e9 chuter, ces derniers temps, au profit, <a href=\"https:\/\/www.rfi.fr\/fr\/podcasts\/accents-d-europe\/20250429-l-ascension-fulgurante-des-populistes-de-reform-uk\" rel=\"nofollow noopener\" target=\"_blank\" data-ylk=\"slk:notamment, du parti d&#039;extr\u00eame droite Reform UK;elm:context_link;itc:0;sec:content-canvas\" class=\"link \"><strong>notamment, du parti d&rsquo;extr\u00eame droite Reform UK<\/strong><\/a>, de Nigel Farage.<\/p>\n<p>Le gouvernement revient donc sur sa d\u00e9cision : les personnes \u00e2g\u00e9es touchant moins de 35 000 livres par an, soit quelque 42 000 euros, vont continuer \u00e0 b\u00e9n\u00e9ficier de cette aide universelle au chauffage de 200 livres par foyer. Neuf millions de personnes sont concern\u00e9es, seuls les retrait\u00e9s les plus ais\u00e9s en sont exclus, soit quelque deux millions de personnes.<\/p>\n<p>Une mesure \u00e0 1,25 milliard de livres<\/p>\n<p>La mesure co\u00fbtera 1,25 milliard de livres \u00e0 l\u2019\u00c9tat. Des \u00e9conomistes, cit\u00e9s par plusieurs m\u00e9dias britanniques avertissent : ce revirement pourrait n\u00e9cessiter une hausse d\u2019imp\u00f4ts ou des coupes dans d\u2019autres prestations sociales.<\/p>\n<p>La chanceli\u00e8re de l\u2019\u00e9chiquier, Rachel Reeves a d\u00fb op\u00e9rer de douloureux arbitrages. Plusieurs minist\u00e8res vont devoir se serrer la ceinture : les aides pour les personnes handicap\u00e9es ou les co\u00fbts de fonctionnement de l&rsquo;administration centrale vont notamment \u00eatre r\u00e9duits de 15%. La d\u00e9fense et la sant\u00e9 seront en revanche \u00e9pargn\u00e9es. Les arbitrages de la ministre des Finances seront d\u00e9voil\u00e9s mercredi.<\/p>\n<p><a href=\"https:\/\/www.rfi.fr\/fr\/europe\/20250610-royaume-uni-le-gouvernement-renonce-%C3%A0-la-suppression-de-l-aide-au-chauffage-hivernal-pour-les-retrait%C3%A9s\" rel=\"nofollow noopener\" target=\"_blank\" data-ylk=\"slk:Lire la suite sur RFI;elm:context_link;itc:0;sec:content-canvas\" class=\"link \">Lire la suite sur RFI<\/a><\/p>\n","protected":false},"excerpt":{"rendered":"Les retrait\u00e9s britanniques ont obtenu gain de cause : le gouvernement de Keir Starmer fait marche arri\u00e8re en&hellip;\n","protected":false},"author":2,"featured_media":178084,"comment_status":"","ping_status":"","sticky":false,"template":"","format":"standard","meta":{"footnotes":""},"categories":[1588],"tags":[11,1777,674,31451,2581,31452,31450,12,10669,473,1853,1851,1850,1852],"class_list":{"0":"post-178083","1":"post","2":"type-post","3":"status-publish","4":"format-standard","5":"has-post-thumbnail","7":"category-royaume-uni","8":"tag-actualites","9":"tag-eu","10":"tag-europe","11":"tag-gain-de-cause","12":"tag-keir-starmer","13":"tag-les-couts","14":"tag-medias-britanniques","15":"tag-news","16":"tag-nigel-farage","17":"tag-royaume-uni","18":"tag-royaume-uni-de-grande-bretagne-et-dirlande-du-nord","19":"tag-uk","20":"tag-united-kingdom","21":"tag-united-kingdom-of-great-britain-and-northern-ireland"},"share_on_mastodon":{"url":"https:\/\/pubeurope.com\/@fr\/114686759110292523","error":""},"_links":{"self":[{"href":"https:\/\/www.europesays.com\/fr\/wp-json\/wp\/v2\/posts\/178083","targetHints":{"allow":["GET"]}}],"collection":[{"href":"https:\/\/www.europesays.com\/fr\/wp-json\/wp\/v2\/posts"}],"about":[{"href":"https:\/\/www.europesays.com\/fr\/wp-json\/wp\/v2\/types\/post"}],"author":[{"embeddable":true,"href":"https:\/\/www.europesays.com\/fr\/wp-json\/wp\/v2\/users\/2"}],"replies":[{"embeddable":true,"href":"https:\/\/www.europesays.com\/fr\/wp-json\/wp\/v2\/comments?post=178083"}],"version-history":[{"count":0,"href":"https:\/\/www.europesays.com\/fr\/wp-json\/wp\/v2\/posts\/178083\/revisions"}],"wp:featuredmedia":[{"embeddable":true,"href":"https:\/\/www.europesays.com\/fr\/wp-json\/wp\/v2\/media\/178084"}],"wp:attachment":[{"href":"https:\/\/www.europesays.com\/fr\/wp-json\/wp\/v2\/media?parent=178083"}],"wp:term":[{"taxonomy":"category","embeddable":true,"href":"https:\/\/www.europesays.com\/fr\/wp-json\/wp\/v2\/categories?post=178083"},{"taxonomy":"post_tag","embeddable":true,"href":"https:\/\/www.europesays.com\/fr\/wp-json\/wp\/v2\/tags?post=178083"}],"curies":[{"name":"wp","href":"https:\/\/api.w.org\/{rel}","templated":true}]}}