{"id":178085,"date":"2025-06-15T09:50:11","date_gmt":"2025-06-15T09:50:11","guid":{"rendered":"https:\/\/www.europesays.com\/fr\/178085\/"},"modified":"2025-06-15T09:50:11","modified_gmt":"2025-06-15T09:50:11","slug":"allemagne-france-a-quelle-heure-et-sur-quelle-chaine-voir-le-match-de-ligue-des-nations-de","status":"publish","type":"post","link":"https:\/\/www.europesays.com\/fr\/178085\/","title":{"rendered":"Allemagne &#8211; France. \u00c0 quelle heure et sur quelle cha\u00eene voir le match de Ligue des nations de"},"content":{"rendered":"<p><a href=\"https:\/\/rennes.maville.com\/sport\/detail_-ligue-des-nations-de-volley.-l-equipe-de-france-se-joue-des-champions-du-monde-italiens-_54135-6853554_actu.Htm\" target=\"_self\" rel=\"noopener\">L\u2019\u00e9quipe de France double championne olympique s\u2019est impos\u00e9e contre les champions du monde italiens 3-1 (25-18, 25-22, 19-15, 26-24)<\/a> vendredi 13\u00a0juin, \u00e0 Qu\u00e9bec pour son deuxi\u00e8me match de Ligue des nations, puis s\u2019est impos\u00e9e face au Canada (3-2) le lendemain. Ce dimanche 15\u00a0juin 2025, elle affronte l\u2019Allemagne lors de la quatri\u00e8me journ\u00e9e.<\/p>\n<p><strong>Lire aussi\u00a0:<\/strong>\u00a0<a href=\"https:\/\/rennes.maville.com\/sport\/detail_-volley.-toutes-les-equipes-veulent-nous-battre-apres-les-jo-la-france-ciblee-en-ligue-des-nations-_54135-6848276_actu.Htm\" target=\"_self\" rel=\"noopener\">Volley. \u00ab\u00a0Toutes les \u00e9quipes veulent nous battre\u00a0\u00bb\u00a0: apr\u00e8s les JO, la France cibl\u00e9e en Ligue des nations<\/a><\/p>\n<p>L\u2019\u00e9quipe de France a enfin lanc\u00e9 sa comp\u00e9tition avec une \u00e9quipe rajeunie, pouvant compter sur deux champions olympiques seulement, Th\u00e9o Faure et Tr\u00e9vor Cl\u00e9venot, de nouveau meilleur marqueur des Bleus mercredi (13\u00a0points) avec Fran\u00e7ois Huetz (13).<\/p>\n<p>\u00c0 quelle heure suivre Allemagne &#8211; France\u00a0?<\/p>\n<p>La rencontre de la quatri\u00e8me journ\u00e9e de Ligue des nations entre l\u2019Allemagne et la France aura lieu ce dimanche 15\u00a0juin 2025 \u00e0 20\u00a0h\u00a030 \u00e0 Qu\u00e9bec.<\/p>\n<p>Sur quelle cha\u00eene TV suivre Allemagne &#8211; France\u00a0?<\/p>\n<p>La rencontre est \u00e0 suivre en direct sur Volley World TV, mais il faut avoir un abonnement.<\/p>\n<p>\u00a0<\/p>\n","protected":false},"excerpt":{"rendered":"L\u2019\u00e9quipe de France double championne olympique s\u2019est impos\u00e9e contre les champions du monde italiens 3-1 (25-18, 25-22, 19-15,&hellip;\n","protected":false},"author":2,"featured_media":178086,"comment_status":"","ping_status":"","sticky":false,"template":"","format":"standard","meta":{"footnotes":""},"categories":[1587],"tags":[1111,11,672,3809,1465,1804,1805,1803,1777,674,63,1801,1792,1922,12,1802,479,517,18823,1470],"class_list":{"0":"post-178085","1":"post","2":"type-post","3":"status-publish","4":"format-standard","5":"has-post-thumbnail","7":"category-allemagne","8":"tag-actu","9":"tag-actualites","10":"tag-allemagne","11":"tag-ball","12":"tag-basket","13":"tag-bundesrepublik-deutschland","14":"tag-de","15":"tag-deutschland","16":"tag-eu","17":"tag-europe","18":"tag-football","19":"tag-germany","20":"tag-handball","21":"tag-info","22":"tag-news","23":"tag-republique-federale-dallemagne","24":"tag-rugby","25":"tag-sport","26":"tag-vitre","27":"tag-volley"},"share_on_mastodon":{"url":"https:\/\/pubeurope.com\/@fr\/114686762879795828","error":""},"_links":{"self":[{"href":"https:\/\/www.europesays.com\/fr\/wp-json\/wp\/v2\/posts\/178085","targetHints":{"allow":["GET"]}}],"collection":[{"href":"https:\/\/www.europesays.com\/fr\/wp-json\/wp\/v2\/posts"}],"about":[{"href":"https:\/\/www.europesays.com\/fr\/wp-json\/wp\/v2\/types\/post"}],"author":[{"embeddable":true,"href":"https:\/\/www.europesays.com\/fr\/wp-json\/wp\/v2\/users\/2"}],"replies":[{"embeddable":true,"href":"https:\/\/www.europesays.com\/fr\/wp-json\/wp\/v2\/comments?post=178085"}],"version-history":[{"count":0,"href":"https:\/\/www.europesays.com\/fr\/wp-json\/wp\/v2\/posts\/178085\/revisions"}],"wp:featuredmedia":[{"embeddable":true,"href":"https:\/\/www.europesays.com\/fr\/wp-json\/wp\/v2\/media\/178086"}],"wp:attachment":[{"href":"https:\/\/www.europesays.com\/fr\/wp-json\/wp\/v2\/media?parent=178085"}],"wp:term":[{"taxonomy":"category","embeddable":true,"href":"https:\/\/www.europesays.com\/fr\/wp-json\/wp\/v2\/categories?post=178085"},{"taxonomy":"post_tag","embeddable":true,"href":"https:\/\/www.europesays.com\/fr\/wp-json\/wp\/v2\/tags?post=178085"}],"curies":[{"name":"wp","href":"https:\/\/api.w.org\/{rel}","templated":true}]}}