{"id":178091,"date":"2025-06-15T09:53:10","date_gmt":"2025-06-15T09:53:10","guid":{"rendered":"https:\/\/www.europesays.com\/fr\/178091\/"},"modified":"2025-06-15T09:53:10","modified_gmt":"2025-06-15T09:53:10","slug":"exclu-de-la-legion-dhonneur-lancien-president-prend-acte","status":"publish","type":"post","link":"https:\/\/www.europesays.com\/fr\/178091\/","title":{"rendered":"exclu de la L\u00e9gion d&rsquo;honneur, l&rsquo;ancien pr\u00e9sident \u00ab\u00a0prend acte\u00a0\u00bb"},"content":{"rendered":"<p class=\"article-p mdl\"><strong>Nicolas Sarkozy<\/strong> perd finalement sa m\u00e9daille. L&rsquo;ancien pr\u00e9sident de la R\u00e9publique a \u00e9t\u00e9 exclu de la L\u00e9gion d&rsquo;honneur, selon un arr\u00eat\u00e9 publi\u00e9, ce dimanche 15 juin, au Journal officiel, <strong>apr\u00e8s sa condamnation d\u00e9finitive par la justice<\/strong>. En d\u00e9cembre dernier, il a \u00e9t\u00e9 condamn\u00e9 <strong>\u00e0 trois ans d&#8217;emprisonnement, dont un an ferme,\u00a0pour corruption dans l&rsquo;affaire des \u00e9coutes<\/strong>.\u00a0<\/p>\n<p class=\"article-p mdl\">L&rsquo;ancien pr\u00e9sident de la R\u00e9publique devient ainsi<strong> le deuxi\u00e8me ancien chef de l&rsquo;\u00c9tat, apr\u00e8s le mar\u00e9chal P\u00e9tain, \u00e0 perdre cette distinction<\/strong>. Selon son avocat, Nicolas Sarkozy\u00a0\u00ab\u00a0prend acte\u00a0\u00bb, rappelant que la CEDH doit encore examiner son recours.<\/p>\n<p class=\"article-p mdl\">L&rsquo;ex-ministre de l&rsquo;Int\u00e9rieur a aussi \u00e9t\u00e9 exclu de l&rsquo;ordre national du M\u00e9rite. En avril dernier,\u00a0<a class=\"link\" href=\"https:\/\/www.rtl.fr\/actu\/politique\/nicolas-sarkozy-emmanuel-macron-ne-prendra-aucune-decision-de-retrait-de-la-legion-d-honneur-de-l-ancien-president-7900497871\" title=\"Nicolas Sarkozy : Emmanuel Macron &quot;ne prendra aucune d\u00e9cision&quot; de retrait de la L\u00e9gion d&#039;honneur de l&#039;ancien pr\u00e9sident\" target=\"_blank\" rel=\"noopener\">Emmanuel Macron<\/a>, grand ma\u00eetre de l&rsquo;Ordre national de la L\u00e9gion d&rsquo;honneur, avait pourtant affirm\u00e9 que retirer cette distinction \u00e0 Nicolas Sarkozy \u00ab\u00a0ne serait <strong>pas une bonne d\u00e9cision\u00a0\u00bb<\/strong>.<\/p>\n<p class=\"article-p mdl\">Le Code de la L\u00e9gion d&rsquo;honneur est assez clair : \u00ab\u00a0Est exclue<strong> toute personne condamn\u00e9e pour un crime ou condamn\u00e9e \u00e0 une peine d\u00e9finitive de prison ferme d&rsquo;un an minimum<\/strong>\u00ab\u00a0. \u00ab\u00a0Je ne peux pas imaginer que la loi ne s&rsquo;applique pas. Donc, logiquement, la loi s&rsquo;appliquera\u00a0\u00bb, expliquait le g\u00e9n\u00e9ral\u00a0<a class=\"link\" href=\"https:\/\/www.rtl.fr\/actu\/politique\/la-loi-s-appliquera-le-grand-chancelier-de-la-legion-d-honneur-repond-a-la-possible-exclusion-de-nicolas-sarkozy-7900479288\" title=\"&quot;La loi s&#039;appliquera&quot; : le Grand Chancelier de la L\u00e9gion d&#039;honneur r\u00e9pond \u00e0 la possible exclusion de Nicolas Sarkozy\" target=\"_blank\" rel=\"noopener\">Fran\u00e7ois Lecointre<\/a>, Grand chancelier de la L\u00e9gion d&rsquo;honneur, au micro de RTL au d\u00e9but du mois de mars. Il annon\u00e7ait, \u00e0 l&rsquo;\u00e9poque, qu&rsquo;une\u00a0proc\u00e9dure d&rsquo;exclusion \u00e0 l&rsquo;encontre de Nicolas Sarkozy allait \u00eatre lanc\u00e9e.\u00a0<\/p>\n<p>    La r\u00e9daction vous recommande<\/p>\n<p class=\"s-newsletter__title\">\n                L\u2019actualit\u00e9 par la r\u00e9daction de RTL dans votre bo\u00eete mail.\n            <\/p>\n<p class=\"s-newsletter__subtitle\">\n                Gr\u00e2ce \u00e0 votre compte RTL abonnez-vous \u00e0 la newsletter RTL info pour suivre toute l&rsquo;actualit\u00e9 au quotidien\n            <\/p>\n<p>\n                                    Lire la suite\n                                <\/p>\n","protected":false},"excerpt":{"rendered":"Nicolas Sarkozy perd finalement sa m\u00e9daille. L&rsquo;ancien pr\u00e9sident de la R\u00e9publique a \u00e9t\u00e9 exclu de la L\u00e9gion d&rsquo;honneur,&hellip;\n","protected":false},"author":2,"featured_media":178092,"comment_status":"","ping_status":"","sticky":false,"template":"","format":"standard","meta":{"footnotes":""},"categories":[2],"tags":[11,14376,28111,107,1011,27,10254,12,3091,25],"class_list":{"0":"post-178091","1":"post","2":"type-post","3":"status-publish","4":"format-standard","5":"has-post-thumbnail","7":"category-actualites","8":"tag-actualites","9":"tag-decision-de-justice","10":"tag-distinction","11":"tag-fil-info","12":"tag-fr","13":"tag-france","14":"tag-legion-dhonneur","15":"tag-news","16":"tag-nicolas-sarkozy","17":"tag-republique-francaise"},"share_on_mastodon":{"url":"https:\/\/pubeurope.com\/@fr\/114686774736641027","error":""},"_links":{"self":[{"href":"https:\/\/www.europesays.com\/fr\/wp-json\/wp\/v2\/posts\/178091","targetHints":{"allow":["GET"]}}],"collection":[{"href":"https:\/\/www.europesays.com\/fr\/wp-json\/wp\/v2\/posts"}],"about":[{"href":"https:\/\/www.europesays.com\/fr\/wp-json\/wp\/v2\/types\/post"}],"author":[{"embeddable":true,"href":"https:\/\/www.europesays.com\/fr\/wp-json\/wp\/v2\/users\/2"}],"replies":[{"embeddable":true,"href":"https:\/\/www.europesays.com\/fr\/wp-json\/wp\/v2\/comments?post=178091"}],"version-history":[{"count":0,"href":"https:\/\/www.europesays.com\/fr\/wp-json\/wp\/v2\/posts\/178091\/revisions"}],"wp:featuredmedia":[{"embeddable":true,"href":"https:\/\/www.europesays.com\/fr\/wp-json\/wp\/v2\/media\/178092"}],"wp:attachment":[{"href":"https:\/\/www.europesays.com\/fr\/wp-json\/wp\/v2\/media?parent=178091"}],"wp:term":[{"taxonomy":"category","embeddable":true,"href":"https:\/\/www.europesays.com\/fr\/wp-json\/wp\/v2\/categories?post=178091"},{"taxonomy":"post_tag","embeddable":true,"href":"https:\/\/www.europesays.com\/fr\/wp-json\/wp\/v2\/tags?post=178091"}],"curies":[{"name":"wp","href":"https:\/\/api.w.org\/{rel}","templated":true}]}}