{"id":178095,"date":"2025-06-15T09:55:19","date_gmt":"2025-06-15T09:55:19","guid":{"rendered":"https:\/\/www.europesays.com\/fr\/178095\/"},"modified":"2025-06-15T09:55:19","modified_gmt":"2025-06-15T09:55:19","slug":"un-avion-fait-demi-tour-en-urgence-a-cause-dune-odeur-de-chaud-a-bord","status":"publish","type":"post","link":"https:\/\/www.europesays.com\/fr\/178095\/","title":{"rendered":"un avion fait demi-tour en urgence \u00e0 cause d\u2019une odeur de chaud \u00e0 bord"},"content":{"rendered":"<p class=\"articleHead-lead\">\n            Un avion de la compagnie Air France a \u00e9t\u00e9 contraint de retourner se poser \u00e0 Paris, alors qu\u2019il volait en direction de Mexico.\n        <\/p>\n<p>            <img decoding=\"async\"  src=\"https:\/\/www.europesays.com\/fr\/wp-content\/uploads\/2025\/06\/1749981319_696_picture.jpg\"  class=\"apply-ratio\" alt=\"L'appareil a vol\u00e9 \u00e0 peine plus de 30 minutes.\"\/><\/p>\n<p>\n                                            \u00a9 Wikimedia<\/p>\n<p>                                             &#8211; L&rsquo;appareil a vol\u00e9 \u00e0 peine plus de 30 minutes.\n                                    <\/p>\n<ul class=\"articleMainFollow-list\">\n<li class=\"articleMainFollow-item\">\n<p>                        Sauvegarder<\/p>\n<p>                        Sauvegard\u00e9<\/p>\n<\/li>\n<li class=\"articleMainFollow-item\">\n<\/li>\n<\/ul>\n<p>\n                    Recevoir les alertes Air france\n                <\/p>\n<p>Une frayeur pour les passagers ! Apr\u00e8s avoir d\u00e9coll\u00e9 de l\u2019a\u00e9roport Roissy-Charles de Gaulle, vendredi 13 juin, un Airbus 350 <a href=\"https:\/\/www.capital.fr\/conso\/avis-aux-membres-flying-blue-air-france-presente-ses-nouveautes-pour-roissy-1514425\" target=\"_blank\" rel=\"noopener\">d\u2019Air France<\/a> \u00e0 destination de Mexico a<strong> fait brusquement demi-tour<\/strong> peu de temps apr\u00e8s son d\u00e9part de Paris, rapporte <a href=\"https:\/\/actu.fr\/ile-de-france\/tremblay-en-france_93073\/air-france-a-peine-parti-de-roissy-en-direction-de-mexico-un-avion-airbus-doit-faire-demi-tour-en-urgence_62773974.html#\" target=\"_blank\" rel=\"noopener\">Actu<\/a>. Le d\u00e9part s\u2019est effectu\u00e9 \u00e0 16h15 et l\u2019appareil s\u2019est pos\u00e9 \u00e0 16h54, soit apr\u00e8s seulement 39 minutes de vol.<\/p>\n<p>Que s\u2019est-il pass\u00e9 pour que le plan de vol soit bouscul\u00e9 de cette fa\u00e7on ? Contact\u00e9e par nos confr\u00e8res, Air France a d\u00e9clar\u00e9 <a href=\"https:\/\/www.capital.fr\/economie-politique\/boeing-un-737-se-pose-en-urgence-a-lyon-apres-une-odeur-de-chaud-les-passagers-excedes-1496882\" target=\"_blank\" rel=\"noopener\">qu\u2019une odeur de chaud<\/a> a \u00e9t\u00e9 ressentie en cabine et que l\u2019\u00e9quipage a d\u00e9cid\u00e9, par mesure de s\u00e9curit\u00e9, <strong>de revenir \u00e0 l\u2019a\u00e9roport pour faire un contr\u00f4le<\/strong>. <a href=\"https:\/\/www.capital.fr\/conso\/vol-annule-ou-retarde-comment-se-faire-rembourser-son-billet-davion-1468031\" target=\"_blank\" rel=\"noopener\">Le vol a donc \u00e9t\u00e9 annul\u00e9<\/a> et les passagers \u00abse sont vu proposer des solutions de r\u00e9acheminement adapt\u00e9es\u00bb, a ajout\u00e9 la compagnie.<\/p>\n<p>        \u00c0 lire aussi :<br \/>\n        <a class=\"articleToRead-link\" href=\"https:\/\/www.capital.fr\/economie-politique\/ryanair-easyjet-airfrance-quelle-est-la-compagnie-aerienne-la-moins-ponctuelle-1514298\" data-wide=\"\" target=\"_blank\" rel=\"noopener\"><br \/>\n            Ryanair, Easyjet, AirFrance : quelle est la compagnie a\u00e9rienne la moins ponctuelle ?<br \/>\n        <\/a><\/p>\n<p>Deux autres vols d\u00e9tourn\u00e9s pour des raisons techniques<\/p>\n<p>Ce n\u2019est pas la premi\u00e8re fois, cette semaine, qu\u2019un avion d\u2019Air France est contraint de faire demi-tour et plusieurs appareils sont revenus se poser \u00e0 Roissy apr\u00e8s leur d\u00e9collage. C\u2019est notamment le cas du vol AF116 du 8 juin qui devait relier Paris-Charles de Gaulle et Shanghai. Le Boeing 777 <strong>a accus\u00e9 un incident technique<\/strong> et a repris la direction de la France lorsqu\u2019il survolait la Roumanie, rappelle le site internet. <strong>Un autre Boeing<\/strong> \u00e0 destination de Toronto a rencontr\u00e9 le m\u00eame probl\u00e8me lorsqu\u2019il passait \u00e0 l\u2019ouest de Guernesey.<\/p>\n<p>    <a class=\"cta  medium  primary\" href=\"https:\/\/www.capital.fr\/page\/indemnite-vols\" rel=\"noopener\" target=\"_blank\"><\/p>\n<p>                &gt;&gt; Notre service &#8211; vol annul\u00e9 \/ retard\u00e9, \u00eates-vous \u00e9ligible \u00e0 une indemnisation ?<\/p>\n<p>    <\/a><\/p>\n<p>        Recevez nos derni\u00e8res news<\/p>\n<p>        Tous les jours, la s\u00e9lection des <b>principales infos<\/b> de la journ\u00e9e.<\/p>\n","protected":false},"excerpt":{"rendered":"Un avion de la compagnie Air France a \u00e9t\u00e9 contraint de retourner se poser \u00e0 Paris, alors qu\u2019il&hellip;\n","protected":false},"author":2,"featured_media":178096,"comment_status":"","ping_status":"","sticky":false,"template":"","format":"standard","meta":{"footnotes":""},"categories":[4],"tags":[11,1816,36,37,888,1011,27,12,25,21852],"class_list":{"0":"post-178095","1":"post","2":"type-post","3":"status-publish","4":"format-standard","5":"has-post-thumbnail","7":"category-france","8":"tag-actualites","9":"tag-air-france","10":"tag-airbus","11":"tag-avion","12":"tag-boeing","13":"tag-fr","14":"tag-france","15":"tag-news","16":"tag-republique-francaise","17":"tag-transport-au00e9rien"},"share_on_mastodon":{"url":"https:\/\/pubeurope.com\/@fr\/114686782634582911","error":""},"_links":{"self":[{"href":"https:\/\/www.europesays.com\/fr\/wp-json\/wp\/v2\/posts\/178095","targetHints":{"allow":["GET"]}}],"collection":[{"href":"https:\/\/www.europesays.com\/fr\/wp-json\/wp\/v2\/posts"}],"about":[{"href":"https:\/\/www.europesays.com\/fr\/wp-json\/wp\/v2\/types\/post"}],"author":[{"embeddable":true,"href":"https:\/\/www.europesays.com\/fr\/wp-json\/wp\/v2\/users\/2"}],"replies":[{"embeddable":true,"href":"https:\/\/www.europesays.com\/fr\/wp-json\/wp\/v2\/comments?post=178095"}],"version-history":[{"count":0,"href":"https:\/\/www.europesays.com\/fr\/wp-json\/wp\/v2\/posts\/178095\/revisions"}],"wp:featuredmedia":[{"embeddable":true,"href":"https:\/\/www.europesays.com\/fr\/wp-json\/wp\/v2\/media\/178096"}],"wp:attachment":[{"href":"https:\/\/www.europesays.com\/fr\/wp-json\/wp\/v2\/media?parent=178095"}],"wp:term":[{"taxonomy":"category","embeddable":true,"href":"https:\/\/www.europesays.com\/fr\/wp-json\/wp\/v2\/categories?post=178095"},{"taxonomy":"post_tag","embeddable":true,"href":"https:\/\/www.europesays.com\/fr\/wp-json\/wp\/v2\/tags?post=178095"}],"curies":[{"name":"wp","href":"https:\/\/api.w.org\/{rel}","templated":true}]}}