{"id":178099,"date":"2025-06-15T09:58:10","date_gmt":"2025-06-15T09:58:10","guid":{"rendered":"https:\/\/www.europesays.com\/fr\/178099\/"},"modified":"2025-06-15T09:58:10","modified_gmt":"2025-06-15T09:58:10","slug":"galthie-devoile-sa-premiere-liste-pour-la-tournee-dete-avec-13-neophytes-et-sans-les-demi-finalistes-du-top-14","status":"publish","type":"post","link":"https:\/\/www.europesays.com\/fr\/178099\/","title":{"rendered":"Galthi\u00e9 d\u00e9voile sa premi\u00e8re liste pour la tourn\u00e9e d\u2019\u00e9t\u00e9 avec 13 n\u00e9ophytes et sans les demi-finalistes du Top 14"},"content":{"rendered":"<p>En pr\u00e9vision des trois test-matches chez les All Blacks, le s\u00e9lectionneur tricolore a compos\u00e9 un premier groupe de joueurs avec de nombreux joueurs \u00e0 z\u00e9ro s\u00e9lection et sans les demi-finalistes du Top 14.<\/p>\n<p class=\"fig-paragraph\"><a href=\"http:\/\/www.lefigaro.fr\/sports\/rugby\/6-nations\/gagner-le-tournoi-est-un-grand-bonheur-et-un-soulagement-fabien-galthie-fixe-le-cap-pour-la-coupe-du-monde-en-australie-20250318\" data-fig-type=\"Article\" data-gtm-custom-categorie=\"navigation\" data-gtm-custom-action=\"crossclick\" data-gtm-custom-label=\"Contextuel\" data-gtm-event=\"customEventSPE\" data-fig-domain=\"LEFIGARO\" target=\"_blank\" rel=\"noopener\">Fabien Galthi\u00e9<\/a>\u00a0a d\u00e9voil\u00e9 ce dimanche une liste de 28 joueurs pour pr\u00e9parer la tourn\u00e9e d\u2019\u00e9t\u00e9 du XV de France qui d\u00e9butera 21 juin par un test-match non officiel entre France A et l\u2019Angleterre A \u00e0 Twickenham (16h15). Logiquement, ce groupe ne comprend pas de joueurs issus des quatre clubs qualifi\u00e9s pour les demi-finales du Top 14 (Toulouse, UBB, Toulon, Bayonne).<\/p>\n<p class=\"fig-paragraph\">Ce premier groupe sera compl\u00e9t\u00e9 le dimanche 22 juin, avec des joueurs qui auront \u00e9t\u00e9 \u00e9limin\u00e9s en demi-finales du championnat et qui partiront pour la Nouvelle-Z\u00e9lande afin de pr\u00e9parer le premier des trois test-matchs face aux All Blacks (5 juillet). Et, \u00e0 l\u2019issue de la finale du Top 14 au Stade de France le samedi 28 juin, cinq \u00abfinalistes\u00bb maximum pourront \u00e0 leur tour rejoindre les Bleus, pour le deuxi\u00e8me (12 juillet) et troisi\u00e8me test (19 juillet).<\/p>\n<p class=\"fig-paragraph\">Parmi les joueurs exp\u00e9riment\u00e9s convoqu\u00e9s ce dimanche, on retrouve les centres Ga\u00ebl Fickou (Racing 92) et \u00c9milien Gailleton (Pau), le demi de m\u00eal\u00e9e Nolann Le Garrec (La Rochelle, ex-Racing 92) et les deuxi\u00e8mes lignes Micka\u00ebl Guillard (Lyon), Romain Taofifenua (Racing 92) et Hugo Auradou (Pau). Du c\u00f4t\u00e9 des trois-quarts, les demis d\u2019ouverture Antoine Hastoy (La Rochelle) et L\u00e9o Berdeu (Lyon), l\u2019ailier Th\u00e9o Attisogbe (Pau) et l\u2019arri\u00e8re L\u00e9o Barr\u00e9 (Stade Fran\u00e7ais Paris) font \u00e9galement partie de cette premi\u00e8re liste.<\/p>\n<p>Convocation de trois joueurs d\u2019origine \u00e9trang\u00e8re mais \u00e9ligibles pour les Bleus<\/p>\n<p class=\"fig-paragraph\">Chaque \u00e9t\u00e9, le XV de France part en tourn\u00e9e dans l\u2019h\u00e9misph\u00e8re sud sans ses joueurs dits \u00abpremium\u00bb et c\u2019est l\u2019occasion pour le staff tricolore de lancer des petits nouveaux dans le grand bain international. Ce dimanche, 13 joueurs \u00e0 z\u00e9ro s\u00e9lection ont \u00e9t\u00e9 appel\u00e9s en \u00e9quipe de France. Parmi eux, l\u2019ailier Ma\u00ebl Moustin (22 ans, Montpellier), le centre Th\u00e9o Millet (27 ans, Lyon), le demi de m\u00eal\u00e9e Thibault Daubagna (Pau, 31 ans), les piliers Baptiste Erdocio (Montpellier, 24 ans) et Paul Mallez (Provence Rugby, 24 ans), ainsi que le talonneur Guillaume Marchand (Lyon, 27 ans), fr\u00e8re du Toulousain Julien Marchand.<\/p>\n<p class=\"fig-body-link\">\n            \u00c0 lire aussi<br \/>\n        <a class=\"fig-body-link__link\" href=\"http:\/\/www.lefigaro.fr\/sports\/rugby\/top-14\/top-14-martinique-champion-du-monde-cinq-choses-a-savoir-sur-mael-moustin-le-montpellierain-suivi-par-le-xv-de-france-20250518\" data-fig-type=\"NewsFlash\" data-gtm-custom-categorie=\"navigation\" data-gtm-custom-action=\"crossclick\" data-gtm-custom-label=\"Contextuel\" data-gtm-event=\"customEventSPE\" data-fig-domain=\"LEFIGARO\" target=\"_blank\" rel=\"noopener\">Top 14\u00a0: Martinique, champion du monde&#8230; Cinq choses \u00e0 savoir sur Ma\u00ebl Moustin, le Montpelli\u00e9rain suivi par le XV de France<br \/>\n    <\/a>\n<\/p>\n<p class=\"fig-paragraph\">Plusieurs joueurs d\u2019origine \u00e9trang\u00e8re mais \u00e9ligibles pour les Bleus ont \u00e9t\u00e9 convoqu\u00e9s dans ce premier groupe\u00a0: le deuxi\u00e8me ou troisi\u00e8me-ligne d\u2019origine sud-africaine Jacobus van Tonder (Perpignan, 27 ans), le deuxi\u00e8me-ligne canadien Tyler Duguid (Montpellier, 24 ans) et l\u2019ailier Alivereti Duguivalu (Clermont, 27 ans), d\u2019origine fidjienne, qui perp\u00e9tue la tradition des Noa Nakaitaci et Alivereti Raka.<\/p>\n<p class=\"fig-body-link\">\n            \u00c0 lire aussi<br \/>\n        <a class=\"fig-body-link__link\" href=\"http:\/\/www.lefigaro.fr\/sports\/rugby\/top-14\/reve-du-xv-de-france-lutte-greco-romaine-5-choses-a-savoir-sur-tyler-duguid-le-canadien-meconnu-de-montpellier-20250215\" data-fig-type=\"NewsFlash\" data-gtm-custom-categorie=\"navigation\" data-gtm-custom-action=\"crossclick\" data-gtm-custom-label=\"Contextuel\" data-gtm-event=\"customEventSPE\" data-fig-domain=\"LEFIGARO\" target=\"_blank\" rel=\"noopener\">R\u00eave du XV de France, lutte gr\u00e9co-romaine&#8230; 5 choses \u00e0 savoir sur Tyler Duguid, le Canadien m\u00e9connu de Montpellier<br \/>\n    <\/a><\/p>\n","protected":false},"excerpt":{"rendered":"En pr\u00e9vision des trois test-matches chez les All Blacks, le s\u00e9lectionneur tricolore a compos\u00e9 un premier groupe de&hellip;\n","protected":false},"author":2,"featured_media":178100,"comment_status":"","ping_status":"","sticky":false,"template":"","format":"standard","meta":{"footnotes":""},"categories":[1416],"tags":[2306,47,2305,525,3984,451,64,515,1011,27,1922,9414,13071,1980,479,1468,2259,2307,60,513],"class_list":{"0":"post-178099","1":"post","2":"type-post","3":"status-publish","4":"format-standard","5":"has-post-thumbnail","7":"category-rugby","8":"tag-6-nations","9":"tag-actualite","10":"tag-all-blacks","11":"tag-calendrier","12":"tag-composition","13":"tag-coupe-du-monde","14":"tag-equipe-de-france","15":"tag-fabien-galthie","16":"tag-fr","17":"tag-france","18":"tag-info","19":"tag-marcoussis","20":"tag-nouvelle-zelande","21":"tag-resultats","22":"tag-rugby","23":"tag-rugby-football","24":"tag-score","25":"tag-six-nations","26":"tag-sports","27":"tag-xv-de-france"},"share_on_mastodon":{"url":"https:\/\/pubeurope.com\/@fr\/114686794306248223","error":""},"_links":{"self":[{"href":"https:\/\/www.europesays.com\/fr\/wp-json\/wp\/v2\/posts\/178099","targetHints":{"allow":["GET"]}}],"collection":[{"href":"https:\/\/www.europesays.com\/fr\/wp-json\/wp\/v2\/posts"}],"about":[{"href":"https:\/\/www.europesays.com\/fr\/wp-json\/wp\/v2\/types\/post"}],"author":[{"embeddable":true,"href":"https:\/\/www.europesays.com\/fr\/wp-json\/wp\/v2\/users\/2"}],"replies":[{"embeddable":true,"href":"https:\/\/www.europesays.com\/fr\/wp-json\/wp\/v2\/comments?post=178099"}],"version-history":[{"count":0,"href":"https:\/\/www.europesays.com\/fr\/wp-json\/wp\/v2\/posts\/178099\/revisions"}],"wp:featuredmedia":[{"embeddable":true,"href":"https:\/\/www.europesays.com\/fr\/wp-json\/wp\/v2\/media\/178100"}],"wp:attachment":[{"href":"https:\/\/www.europesays.com\/fr\/wp-json\/wp\/v2\/media?parent=178099"}],"wp:term":[{"taxonomy":"category","embeddable":true,"href":"https:\/\/www.europesays.com\/fr\/wp-json\/wp\/v2\/categories?post=178099"},{"taxonomy":"post_tag","embeddable":true,"href":"https:\/\/www.europesays.com\/fr\/wp-json\/wp\/v2\/tags?post=178099"}],"curies":[{"name":"wp","href":"https:\/\/api.w.org\/{rel}","templated":true}]}}